{"id":28342,"date":"2021-09-29T11:55:54","date_gmt":"2021-09-29T14:55:54","guid":{"rendered":"https:\/\/atecordoba.org\/?p=28342"},"modified":"2021-09-29T13:39:28","modified_gmt":"2021-09-29T16:39:28","slug":"con-mas-de-200-delegados-de-todo-el-pais-se-realizo-el-plenario-de-la-mesa-de-coordinacion-federal-de-ate-pami","status":"publish","type":"post","link":"https:\/\/atecordoba.org\/?p=28342","title":{"rendered":"Con m\u00e1s de 200 delegados y delegadas de todo el pa\u00eds se realiz\u00f3 el plenario de la Mesa de Coordinaci\u00f3n Federal de ATE PAMI"},"content":{"rendered":"\n<figure class=\"wp-block-gallery aligncenter columns-2 is-cropped wp-block-gallery-1 is-layout-flex wp-block-gallery-is-layout-flex\"><ul class=\"blocks-gallery-grid\"><li class=\"blocks-gallery-item\"><figure><img loading=\"lazy\" decoding=\"async\" width=\"536\" height=\"532\" src=\"https:\/\/atecordoba.org\/wp-content\/uploads\/2021\/09\/plenario-pami-2.jpg\" alt=\"\" data-id=\"28343\" data-full-url=\"https:\/\/atecordoba.org\/wp-content\/uploads\/2021\/09\/plenario-pami-2.jpg\" data-link=\"https:\/\/atecordoba.org\/?attachment_id=28343\" class=\"wp-image-28343\" srcset=\"https:\/\/atecordoba.org\/wp-content\/uploads\/2021\/09\/plenario-pami-2.jpg 536w, https:\/\/atecordoba.org\/wp-content\/uploads\/2021\/09\/plenario-pami-2-300x298.jpg 300w, https:\/\/atecordoba.org\/wp-content\/uploads\/2021\/09\/plenario-pami-2-150x150.jpg 150w, https:\/\/atecordoba.org\/wp-content\/uploads\/2021\/09\/plenario-pami-2-75x75.jpg 75w\" sizes=\"auto, (max-width: 536px) 100vw, 536px\" \/><\/figure><\/li><li class=\"blocks-gallery-item\"><figure><img loading=\"lazy\" decoding=\"async\" width=\"600\" height=\"568\" src=\"https:\/\/atecordoba.org\/wp-content\/uploads\/2021\/09\/plenario-pami.jpg\" alt=\"\" data-id=\"28344\" data-full-url=\"https:\/\/atecordoba.org\/wp-content\/uploads\/2021\/09\/plenario-pami.jpg\" data-link=\"https:\/\/atecordoba.org\/?attachment_id=28344\" class=\"wp-image-28344\" srcset=\"https:\/\/atecordoba.org\/wp-content\/uploads\/2021\/09\/plenario-pami.jpg 600w, https:\/\/atecordoba.org\/wp-content\/uploads\/2021\/09\/plenario-pami-300x284.jpg 300w\" sizes=\"auto, (max-width: 600px) 100vw, 600px\" \/><\/figure><\/li><\/ul><\/figure>\n\n\n\n<p>Con la presencia de delegados de todas las regiones que constituyen la Mesa Federal del Sector, se realiz\u00f3 el primer Plenario Nacional pos-pandemia ATE PAMI, en una modalidad mixta respetando protocolos de seguridad sanitaria en Pandemia de Covid 19, donde participaron 130 delegados de manera presencial y m\u00e1s de 60 compa\u00f1erxs en la modalidad Zoom. En representaci\u00f3n de ATE C\u00f3rdoba estuvo presente la delegada Elisa Ojeda.<\/p>\n\n\n\n<p>Las resoluciones m\u00e1s importantes a destacar se resumen de la siguiente manera:<\/p>\n\n\n\n<p>1)Por unanimidad se resolvi\u00f3 declarar el estado de alerta y movilizaci\u00f3n, en defensa del INSSJP, el pleno funcionamiento de los servicios m\u00e9dicos y sociales. Por el fin de la precariedad laboral y el reconocimiento de las y los trabajadores esenciales.<\/p>\n\n\n\n<p>2)Se present\u00f3 la nueva estructura org\u00e1nica de la Mesa Federal que fue puesta a consideraci\u00f3n del plenario y aprobada por unanimidad. Ratificando en la conducci\u00f3n como Coordinador General al compa\u00f1ero Ram\u00f3n Farias y a Daniel Sanchez, Mercedes Sioli y Daniel Marquez como Coordinadores Nacionales.<\/p>\n\n\n\n<p>3)El plenario sesion\u00f3 en memoria del compa\u00f1ero Ismael Armando Mej\u00eda Secretario de Acci\u00f3n Social de la Junta Interna ATE PAMI CABA quien fuera v\u00edctima del Covid19.<\/p>\n\n\n\n<p>4)Se realiz\u00f3 el informe de las Subcomisiones Paritarias del convenio 697\/05, a cargo de los compa\u00f1eros paritarios que representan de manera federal a todas las regiones a lo largo y a lo ancho de todo el pa\u00eds.<\/p>\n\n\n\n<p>El plenario cont\u00f3 con la participaci\u00f3n de nuestro secretario General Adjunto del CDN, Rodolfo Aguiar, compa\u00f1ero de ATE PAMI, quien dio su apoyo incondicional a las resoluciones del plenario y al mandato de las y los trabajadores.<\/p>\n","protected":false},"excerpt":{"rendered":"<p>Con la presencia de delegados de todas las regiones que constituyen la Mesa Federal del Sector, se realiz\u00f3 el primer Plenario Nacional pos-pandemia ATE PAMI, en una modalidad mixta respetando protocolos de seguridad sanitaria en Pandemia de Covid 19, donde participaron 130 delegados de manera presencial y m\u00e1s de 60 compa\u00f1erxs en la modalidad Zoom. [&hellip;]<\/p>\n","protected":false},"author":7,"featured_media":28344,"comment_status":"open","ping_status":"open","sticky":false,"template":"","format":"standard","meta":{"_exactmetrics_skip_tracking":false,"_exactmetrics_sitenote_active":false,"_exactmetrics_sitenote_note":"","_exactmetrics_sitenote_category":0,"jnews-multi-image_gallery":[],"jnews_single_post":{"subtitle":"El sector adopt\u00f3 el estado de alerta y movilizaci\u00f3n.","format":"standard","video":"","gallery":"","source_name":"","source_url":"","via_name":"","via_url":"","override":[{"template":"1","single_blog_custom":"","parallax":"1","fullscreen":"1","layout":"right-sidebar","sidebar":"default-sidebar","second_sidebar":"default-sidebar","sticky_sidebar":"1","share_position":"top","share_float_style":"share-monocrhome","show_share_counter":"1","show_view_counter":"1","show_featured":"1","show_post_meta":"1","show_post_author":"1","show_post_author_image":"1","show_post_date":"1","post_date_format":"default","post_date_format_custom":"Y\/m\/d","show_post_category":"1","post_reading_time_wpm":"300","zoom_button_out_step":"2","zoom_button_in_step":"3","show_post_tag":"1","show_prev_next_post":"1","show_popup_post":"1","number_popup_post":"1"}],"image_override":[{"single_post_thumbnail_size":"crop-500","single_post_gallery_size":"crop-500"}],"trending_post_position":"meta","trending_post_label":"Trending","sponsored_post_label":"Sponsored by","sponsored_post_name":"","sponsored_post_url":"","sponsored_post_logo":"","sponsored_post_desc":""},"jnews_primary_category":{"id":""},"jnews_social_meta":[],"jnews_review":[],"enable_review":"","type":"","name":"","summary":"","brand":"","sku":"","good":[],"bad":[],"score_override":"","override_value":"","rating":[],"price":[],"jnews_override_counter":[],"jnews_post_split":[],"footnotes":""},"categories":[1],"tags":[57],"class_list":["post-28342","post","type-post","status-publish","format-standard","has-post-thumbnail","hentry","category-sin-categoria","tag-pami"],"jetpack_featured_media_url":"https:\/\/atecordoba.org\/wp-content\/uploads\/2021\/09\/plenario-pami.jpg","_links":{"self":[{"href":"https:\/\/atecordoba.org\/index.php?rest_route=\/wp\/v2\/posts\/28342","targetHints":{"allow":["GET"]}}],"collection":[{"href":"https:\/\/atecordoba.org\/index.php?rest_route=\/wp\/v2\/posts"}],"about":[{"href":"https:\/\/atecordoba.org\/index.php?rest_route=\/wp\/v2\/types\/post"}],"author":[{"embeddable":true,"href":"https:\/\/atecordoba.org\/index.php?rest_route=\/wp\/v2\/users\/7"}],"replies":[{"embeddable":true,"href":"https:\/\/atecordoba.org\/index.php?rest_route=%2Fwp%2Fv2%2Fcomments&post=28342"}],"version-history":[{"count":2,"href":"https:\/\/atecordoba.org\/index.php?rest_route=\/wp\/v2\/posts\/28342\/revisions"}],"predecessor-version":[{"id":28358,"href":"https:\/\/atecordoba.org\/index.php?rest_route=\/wp\/v2\/posts\/28342\/revisions\/28358"}],"wp:featuredmedia":[{"embeddable":true,"href":"https:\/\/atecordoba.org\/index.php?rest_route=\/wp\/v2\/media\/28344"}],"wp:attachment":[{"href":"https:\/\/atecordoba.org\/index.php?rest_route=%2Fwp%2Fv2%2Fmedia&parent=28342"}],"wp:term":[{"taxonomy":"category","embeddable":true,"href":"https:\/\/atecordoba.org\/index.php?rest_route=%2Fwp%2Fv2%2Fcategories&post=28342"},{"taxonomy":"post_tag","embeddable":true,"href":"https:\/\/atecordoba.org\/index.php?rest_route=%2Fwp%2Fv2%2Ftags&post=28342"}],"curies":[{"name":"wp","href":"https:\/\/api.w.org\/{rel}","templated":true}]}}