{"id":2834,"date":"2013-06-04T17:22:12","date_gmt":"2013-06-04T20:22:12","guid":{"rendered":"http:\/\/www.atecordoba.org\/?p=2834"},"modified":"2013-06-04T17:22:12","modified_gmt":"2013-06-04T20:22:12","slug":"curso-sobre-historia-del-movimiento-obrero","status":"publish","type":"post","link":"https:\/\/atecordoba.org\/?p=2834","title":{"rendered":"Curso sobre Historia del Movimiento Obrero"},"content":{"rendered":"<p><em>El s\u00e1bado\u00a08 de Junio\u00a0se dar\u00e1 inicio al curso seminario sobre historia del Movimiento Obrero organizado por la Secretar\u00eda de Formaci\u00f3n del CDP de ATE C\u00f3rdoba. El encuentro est\u00e1 dirigido a delegados\/as , militantes y afiliados\/as de nuestro gremio y otras organizaciones sociales y pol\u00edticas.<\/em><\/p>\n<p align=\"right\">\u201cLuchar, fracasar, volver a luchar, fracasar,<\/p>\n<p align=\"right\">volver a luchar hasta el triunfo final:<\/p>\n<p align=\"right\">\u00c9sta es la historia de la clase obrera\u201d<\/p>\n<p align=\"right\">(SITRAC-SITRAM)<\/p>\n<p>Conocer nuestra historia\u00a0 es parte de una lucha que debemos afrontar como clase trabajadora, \u201c<em>Si la historia la escriben los que ganan<\/em>\u00a0<em>eso quiere decir que hay otra historia\u201d.\u00a0<\/em>Una historia que es nuestra\u00a0<em>\u00a0<\/em>y que debemos escribir y contar \u00a0entre todos y todas.<\/p>\n<p>En este taller abordaremos or\u00edgenes del movimiento obrero y estar\u00e1 a cargo de Pablo Pozzi y Mariana Mastr\u00e1ngelo.<\/p>\n<p><strong>La cita es el S\u00e1bado\u00a08 de Junio\u00a0desde las 9:30 hs hasta las 12:30, en el local del CISPREN Obispo Trejo 365-C\u00f3rdoba<\/strong><\/p>\n<p>Informes e inscripciones:<\/p>\n<p>Cintia Conesta 155640618\u00a0\u00a0\u00a0<a href=\"mailto:cinconesta@hotmail.com\" target=\"_blank\" rel=\"noopener noreferrer\">cinconesta@hotmail.com<\/a><\/p>\n<p>Gustavo Peyroti 153871664\u00a0<a href=\"mailto:gpeyroti@atecordoba.org.ar\" target=\"_blank\" rel=\"noopener noreferrer\">gpeyroti@atecordoba.org.ar<\/a><\/p>\n","protected":false},"excerpt":{"rendered":"<p>El s\u00e1bado\u00a08 de Junio\u00a0se dar\u00e1 inicio al curso seminario sobre historia del Movimiento Obrero organizado por la Secretar\u00eda de Formaci\u00f3n del CDP de ATE C\u00f3rdoba. El encuentro est\u00e1 dirigido a delegados\/as , militantes y afiliados\/as de nuestro gremio y otras organizaciones sociales y pol\u00edticas. \u201cLuchar, fracasar, volver a luchar, fracasar, volver a luchar hasta el [&hellip;]<\/p>\n","protected":false},"author":1,"featured_media":19220,"comment_status":"open","ping_status":"open","sticky":false,"template":"","format":"standard","meta":{"_exactmetrics_skip_tracking":false,"_exactmetrics_sitenote_active":false,"_exactmetrics_sitenote_note":"","_exactmetrics_sitenote_category":0,"jnews-multi-image_gallery":[],"jnews_single_post":[],"jnews_primary_category":[],"jnews_social_meta":[],"jnews_review":[],"enable_review":"","type":"","name":"","summary":"","brand":"","sku":"","good":[],"bad":[],"score_override":"","override_value":"","rating":[],"price":[],"jnews_override_counter":[],"jnews_post_split":[],"footnotes":""},"categories":[1],"tags":[],"class_list":["post-2834","post","type-post","status-publish","format-standard","has-post-thumbnail","hentry","category-sin-categoria"],"jetpack_featured_media_url":"https:\/\/atecordoba.org\/wp-content\/uploads\/2020\/05\/logo-nuevochico-e1561581322808.png","_links":{"self":[{"href":"https:\/\/atecordoba.org\/index.php?rest_route=\/wp\/v2\/posts\/2834","targetHints":{"allow":["GET"]}}],"collection":[{"href":"https:\/\/atecordoba.org\/index.php?rest_route=\/wp\/v2\/posts"}],"about":[{"href":"https:\/\/atecordoba.org\/index.php?rest_route=\/wp\/v2\/types\/post"}],"author":[{"embeddable":true,"href":"https:\/\/atecordoba.org\/index.php?rest_route=\/wp\/v2\/users\/1"}],"replies":[{"embeddable":true,"href":"https:\/\/atecordoba.org\/index.php?rest_route=%2Fwp%2Fv2%2Fcomments&post=2834"}],"version-history":[{"count":0,"href":"https:\/\/atecordoba.org\/index.php?rest_route=\/wp\/v2\/posts\/2834\/revisions"}],"wp:featuredmedia":[{"embeddable":true,"href":"https:\/\/atecordoba.org\/index.php?rest_route=\/wp\/v2\/media\/19220"}],"wp:attachment":[{"href":"https:\/\/atecordoba.org\/index.php?rest_route=%2Fwp%2Fv2%2Fmedia&parent=2834"}],"wp:term":[{"taxonomy":"category","embeddable":true,"href":"https:\/\/atecordoba.org\/index.php?rest_route=%2Fwp%2Fv2%2Fcategories&post=2834"},{"taxonomy":"post_tag","embeddable":true,"href":"https:\/\/atecordoba.org\/index.php?rest_route=%2Fwp%2Fv2%2Ftags&post=2834"}],"curies":[{"name":"wp","href":"https:\/\/api.w.org\/{rel}","templated":true}]}}