{"id":28336,"date":"2021-09-29T11:43:06","date_gmt":"2021-09-29T14:43:06","guid":{"rendered":"https:\/\/atecordoba.org\/?p=28336"},"modified":"2021-09-29T11:44:17","modified_gmt":"2021-09-29T14:44:17","slug":"verificaron-las-condiciones-de-trabajo-y-medio-ambiente-laboral-en-el-area-material-rio-cuarto","status":"publish","type":"post","link":"https:\/\/atecordoba.org\/?p=28336","title":{"rendered":"Verificaron las Condiciones de Trabajo y Medio Ambiente Laboral en el \u00c1rea Material R\u00edo Cuarto"},"content":{"rendered":"\n<div class=\"wp-block-image\"><figure class=\"aligncenter size-large is-resized\"><img loading=\"lazy\" decoding=\"async\" src=\"https:\/\/atecordoba.org\/wp-content\/uploads\/2021\/09\/243302025_4397530840292407_2320336266358797209_n-1024x768.jpg\" alt=\"\" class=\"wp-image-28337\" width=\"768\" height=\"576\" srcset=\"https:\/\/atecordoba.org\/wp-content\/uploads\/2021\/09\/243302025_4397530840292407_2320336266358797209_n-1024x768.jpg 1024w, https:\/\/atecordoba.org\/wp-content\/uploads\/2021\/09\/243302025_4397530840292407_2320336266358797209_n-300x225.jpg 300w, https:\/\/atecordoba.org\/wp-content\/uploads\/2021\/09\/243302025_4397530840292407_2320336266358797209_n-768x576.jpg 768w, https:\/\/atecordoba.org\/wp-content\/uploads\/2021\/09\/243302025_4397530840292407_2320336266358797209_n-750x563.jpg 750w, https:\/\/atecordoba.org\/wp-content\/uploads\/2021\/09\/243302025_4397530840292407_2320336266358797209_n-1140x855.jpg 1140w, https:\/\/atecordoba.org\/wp-content\/uploads\/2021\/09\/243302025_4397530840292407_2320336266358797209_n.jpg 1280w\" sizes=\"auto, (max-width: 768px) 100vw, 768px\" \/><\/figure><\/div>\n\n\n\n<p>La Seccional ATE R\u00edo Cuarto, recorri\u00f3 ayer martes las instalaciones del \u00c1rea Material con asiento en la localidad de Las Higueras, para relevar las Condiciones de Trabajo y Medio Ambiente Laboral de las dependencias. Tambi\u00e9n se verificaron los protocolos y el ambiente de trabajo para la vuelta a la presencialidad de las y los trabajadores.<\/p>\n\n\n\n<p>Participaron por ATE el Secretario Adjunto de la Seccional, Pablo Pavetto; Mart\u00edn Solis y Adri\u00e1n Batahuer, delegados gremiales; el compa\u00f1ero Javier Bracamonte, Paritario por ATE en la Subdelegaci\u00f3n Condiciones y Medio Ambiente de Trabajo (CyMAT) de la Fuerza A\u00e9rea Nacional y Mat\u00edas Giuliani, Director del Departamento de Salud Laboral del Consejo Directivo Provincial de ATE C\u00f3rdoba y Secretario de Condiciones y Medio Ambiente de Trabajo de la CTA Aut\u00f3noma Regional R\u00edo Cuarto.<\/p>\n\n\n\n<figure class=\"wp-block-gallery columns-2 is-cropped wp-block-gallery-1 is-layout-flex wp-block-gallery-is-layout-flex\"><ul class=\"blocks-gallery-grid\"><li class=\"blocks-gallery-item\"><figure><a href=\"https:\/\/atecordoba.org\/wp-content\/uploads\/2021\/09\/243529150_4397531066959051_2955515971707270277_n-300x225-1.jpg\"><img loading=\"lazy\" decoding=\"async\" width=\"300\" height=\"225\" src=\"https:\/\/atecordoba.org\/wp-content\/uploads\/2021\/09\/243529150_4397531066959051_2955515971707270277_n-300x225-1.jpg\" alt=\"\" data-id=\"28338\" data-full-url=\"https:\/\/atecordoba.org\/wp-content\/uploads\/2021\/09\/243529150_4397531066959051_2955515971707270277_n-300x225-1.jpg\" data-link=\"https:\/\/atecordoba.org\/?attachment_id=28338\" class=\"wp-image-28338\" \/><\/a><\/figure><\/li><li class=\"blocks-gallery-item\"><figure><a href=\"https:\/\/atecordoba.org\/wp-content\/uploads\/2021\/09\/243590580_4397532050292286_2829730724109593225_n-300x225-1.jpg\"><img loading=\"lazy\" decoding=\"async\" width=\"300\" height=\"225\" src=\"https:\/\/atecordoba.org\/wp-content\/uploads\/2021\/09\/243590580_4397532050292286_2829730724109593225_n-300x225-1.jpg\" alt=\"\" data-id=\"28339\" data-full-url=\"https:\/\/atecordoba.org\/wp-content\/uploads\/2021\/09\/243590580_4397532050292286_2829730724109593225_n-300x225-1.jpg\" data-link=\"https:\/\/atecordoba.org\/?attachment_id=28339\" class=\"wp-image-28339\" \/><\/a><\/figure><\/li><\/ul><\/figure>\n\n\n\n<p><\/p>\n","protected":false},"excerpt":{"rendered":"<p>La Seccional ATE R\u00edo Cuarto, recorri\u00f3 ayer martes las instalaciones del \u00c1rea Material con asiento en la localidad de Las Higueras, para relevar las Condiciones de Trabajo y Medio Ambiente Laboral de las dependencias. Tambi\u00e9n se verificaron los protocolos y el ambiente de trabajo para la vuelta a la presencialidad de las y los trabajadores. [&hellip;]<\/p>\n","protected":false},"author":7,"featured_media":28338,"comment_status":"open","ping_status":"open","sticky":false,"template":"","format":"standard","meta":{"_exactmetrics_skip_tracking":false,"_exactmetrics_sitenote_active":false,"_exactmetrics_sitenote_note":"","_exactmetrics_sitenote_category":0,"jnews-multi-image_gallery":[],"jnews_single_post":{"subtitle":"Las recorridas continuar\u00e1n hoy y ma\u00f1ana en donde se visitar\u00e1n las Dependencias de Grupo Base y las Dependencias de Jefatura de \u00c1rea, respectivamente.","format":"standard","video":"","gallery":"","source_name":"","source_url":"","via_name":"","via_url":"","override":[{"template":"1","single_blog_custom":"","parallax":"1","fullscreen":"1","layout":"right-sidebar","sidebar":"default-sidebar","second_sidebar":"default-sidebar","sticky_sidebar":"1","share_position":"top","share_float_style":"share-monocrhome","show_share_counter":"1","show_view_counter":"1","show_featured":"1","show_post_meta":"1","show_post_author":"1","show_post_author_image":"1","show_post_date":"1","post_date_format":"default","post_date_format_custom":"Y\/m\/d","show_post_category":"1","post_reading_time_wpm":"300","zoom_button_out_step":"2","zoom_button_in_step":"3","show_post_tag":"1","show_prev_next_post":"1","show_popup_post":"1","number_popup_post":"1"}],"image_override":[{"single_post_thumbnail_size":"crop-500","single_post_gallery_size":"crop-500"}],"trending_post_position":"meta","trending_post_label":"Trending","sponsored_post_label":"Sponsored by","sponsored_post_name":"","sponsored_post_url":"","sponsored_post_logo":"","sponsored_post_desc":""},"jnews_primary_category":{"id":""},"jnews_social_meta":[],"jnews_review":[],"enable_review":"","type":"","name":"","summary":"","brand":"","sku":"","good":[],"bad":[],"score_override":"","override_value":"","rating":[],"price":[],"jnews_override_counter":[],"jnews_post_split":[],"footnotes":""},"categories":[549,12],"tags":[934],"class_list":["post-28336","post","type-post","status-publish","format-standard","has-post-thumbnail","hentry","category-cymat","category-rio-cuarto","tag-area-material-rio-4"],"jetpack_featured_media_url":"https:\/\/atecordoba.org\/wp-content\/uploads\/2021\/09\/243529150_4397531066959051_2955515971707270277_n-300x225-1.jpg","_links":{"self":[{"href":"https:\/\/atecordoba.org\/index.php?rest_route=\/wp\/v2\/posts\/28336","targetHints":{"allow":["GET"]}}],"collection":[{"href":"https:\/\/atecordoba.org\/index.php?rest_route=\/wp\/v2\/posts"}],"about":[{"href":"https:\/\/atecordoba.org\/index.php?rest_route=\/wp\/v2\/types\/post"}],"author":[{"embeddable":true,"href":"https:\/\/atecordoba.org\/index.php?rest_route=\/wp\/v2\/users\/7"}],"replies":[{"embeddable":true,"href":"https:\/\/atecordoba.org\/index.php?rest_route=%2Fwp%2Fv2%2Fcomments&post=28336"}],"version-history":[{"count":2,"href":"https:\/\/atecordoba.org\/index.php?rest_route=\/wp\/v2\/posts\/28336\/revisions"}],"predecessor-version":[{"id":28341,"href":"https:\/\/atecordoba.org\/index.php?rest_route=\/wp\/v2\/posts\/28336\/revisions\/28341"}],"wp:featuredmedia":[{"embeddable":true,"href":"https:\/\/atecordoba.org\/index.php?rest_route=\/wp\/v2\/media\/28338"}],"wp:attachment":[{"href":"https:\/\/atecordoba.org\/index.php?rest_route=%2Fwp%2Fv2%2Fmedia&parent=28336"}],"wp:term":[{"taxonomy":"category","embeddable":true,"href":"https:\/\/atecordoba.org\/index.php?rest_route=%2Fwp%2Fv2%2Fcategories&post=28336"},{"taxonomy":"post_tag","embeddable":true,"href":"https:\/\/atecordoba.org\/index.php?rest_route=%2Fwp%2Fv2%2Ftags&post=28336"}],"curies":[{"name":"wp","href":"https:\/\/api.w.org\/{rel}","templated":true}]}}