{"id":28307,"date":"2021-09-29T11:21:11","date_gmt":"2021-09-29T14:21:11","guid":{"rendered":"https:\/\/atecordoba.org\/?p=28307"},"modified":"2021-09-29T12:37:16","modified_gmt":"2021-09-29T15:37:16","slug":"se-inauguro-el-nuevo-departamento-de-cultura-de-ate-cordoba-con-la-presentacion-de-libro-mujeres-estatales","status":"publish","type":"post","link":"https:\/\/atecordoba.org\/?p=28307","title":{"rendered":"Se inaugur\u00f3 el nuevo Departamento de Cultura de ATE C\u00f3rdoba con la presentaci\u00f3n de libro &#8220;Mujeres estatales&#8221;"},"content":{"rendered":"\n<div class=\"wp-block-image\"><figure class=\"aligncenter size-large is-resized\"><img loading=\"lazy\" decoding=\"async\" src=\"https:\/\/atecordoba.org\/wp-content\/uploads\/2021\/09\/IMG-20210927-WA0197-1024x576.jpg\" alt=\"\" class=\"wp-image-28308\" width=\"768\" height=\"432\" srcset=\"https:\/\/atecordoba.org\/wp-content\/uploads\/2021\/09\/IMG-20210927-WA0197-1024x576.jpg 1024w, https:\/\/atecordoba.org\/wp-content\/uploads\/2021\/09\/IMG-20210927-WA0197-300x169.jpg 300w, https:\/\/atecordoba.org\/wp-content\/uploads\/2021\/09\/IMG-20210927-WA0197-768x432.jpg 768w, https:\/\/atecordoba.org\/wp-content\/uploads\/2021\/09\/IMG-20210927-WA0197-1536x864.jpg 1536w, https:\/\/atecordoba.org\/wp-content\/uploads\/2021\/09\/IMG-20210927-WA0197-750x422.jpg 750w, https:\/\/atecordoba.org\/wp-content\/uploads\/2021\/09\/IMG-20210927-WA0197-1140x641.jpg 1140w, https:\/\/atecordoba.org\/wp-content\/uploads\/2021\/09\/IMG-20210927-WA0197.jpg 1600w\" sizes=\"auto, (max-width: 768px) 100vw, 768px\" \/><\/figure><\/div>\n\n\n\n<p>En una acto realizado en el auditorio H\u00e9ctor &#8216;la perra\u00b4 Castro de la sede de ATE C\u00f3rdoba, se present\u00f3 el lunes pasado la reciente creaci\u00f3n del Departamento de Cultura del Consejo Directivo Provincial. Para la ocasi\u00f3n, donde participaron dirigentes provinciales y nacionales de ATE, se realiz\u00f3 la presentaci\u00f3n del libro &#8216;Mujeres estatales&#8217;, editado por ATE nacional que recompila la historia de mujeres que participaron activamente de la vida de nuestro gremio, marcando distintos hitos en la lucha de la mujer para lograr un espacio de igualdad gremial, pol\u00edtica, social y laboral en Argentina.<\/p>\n\n\n\n<p>La actividad cont\u00f3 con la coordinaci\u00f3n de la secretaria de Prensa de ATE C\u00f3rdoba, Julia Giuliani, acompa\u00f1ada por la secretaria de Organizaci\u00f3n de ATE Nacional (CDN) y autora del pr\u00f3logo del libro, Mercedes Cabezas, el secretario General de ATE C\u00f3rdoba, Federico Giuliani, el referente de ATE Traslasierra Hugo &#8216;pajaro&#8217; Galaburri &#8211; novel director del Departamento- y el autor del libro, Daniel Parcero, periodista y escritor que se ocupa de recuperar la historia de ATE. El acto tuvo car\u00e1cter presencial y virtual. <\/p>\n\n\n\n<p>Tambi\u00e9n se realiz\u00f3 un homenaje a Mar\u00eda Lila Garc\u00eda, emiti\u00e9ndose un video a tal fin. Julia Giuliani fue autora del segmento del libro referido a Garc\u00eda y destac\u00f3 que &#8220;se trata de reivindicar a las mujeres de nuestro sindicato, reconstruyendo la memoria hist\u00f3rica de ATE desde la mirada de las mujeres, recuperando a esas compa\u00f1eras que fueron invisibilizadas&#8221;.<\/p>\n\n\n\n<p>&#8220;En mi caso hice el aporte de Mar\u00eda Lila Garc\u00eda, militante popular y escribana, que tuvo un rol fundamental para ATE y diversos sindicatos durante el Cordobazo. Estamos aportando una mirada transversal desde el feminismo y apostamos al bienestar de la clase trabajadora en general por lo que la historia de estas mujeres es fundamental porque fueron quienes sembraron historia y abriendo puertas en nuestro sindicato a trav\u00e9s de organizaci\u00f3n y lucha&#8221;, dijo la secretaria de Prensa de ATE C\u00f3rdoba.<\/p>\n\n\n\n<p>En un principio, <strong>Mirta Mateos<\/strong>, Directora del Departamento de Cultura de CDN, recalc\u00f3 que &#8220;no son muchas las provincias que tienen \u00e1rea de cultura -al menos en la formalidad-, as\u00ed que es una alegr\u00eda que un o una secretaria general tome esta decisi\u00f3n pol\u00edtica, porque ah\u00ed empezamos a entender que la pol\u00edtica se discute tambi\u00e9n desde la cultura&#8221;. <\/p>\n\n\n\n<div class=\"wp-block-image\"><figure class=\"alignright size-large is-resized\"><img loading=\"lazy\" decoding=\"async\" src=\"https:\/\/atecordoba.org\/wp-content\/uploads\/2021\/09\/IMG-20210927-WA0202-1024x576.jpg\" alt=\"\" class=\"wp-image-28309\" width=\"512\" height=\"288\" srcset=\"https:\/\/atecordoba.org\/wp-content\/uploads\/2021\/09\/IMG-20210927-WA0202-1024x576.jpg 1024w, https:\/\/atecordoba.org\/wp-content\/uploads\/2021\/09\/IMG-20210927-WA0202-300x169.jpg 300w, https:\/\/atecordoba.org\/wp-content\/uploads\/2021\/09\/IMG-20210927-WA0202-768x432.jpg 768w, https:\/\/atecordoba.org\/wp-content\/uploads\/2021\/09\/IMG-20210927-WA0202-1536x864.jpg 1536w, https:\/\/atecordoba.org\/wp-content\/uploads\/2021\/09\/IMG-20210927-WA0202-750x422.jpg 750w, https:\/\/atecordoba.org\/wp-content\/uploads\/2021\/09\/IMG-20210927-WA0202-1140x641.jpg 1140w, https:\/\/atecordoba.org\/wp-content\/uploads\/2021\/09\/IMG-20210927-WA0202.jpg 1600w\" sizes=\"auto, (max-width: 512px) 100vw, 512px\" \/><\/figure><\/div>\n\n\n\n<p>&#8220;Para eso, a veces, vinculamos el entretenimiento con lo ideol\u00f3gico, a lo hist\u00f3rico, a la memoria, a las costumbres de los hombres y mujeres a lo largo y a lo ancho de nuestro pa\u00eds. Y ah\u00ed tambi\u00e9n se discute que modelo de pa\u00eds tenemos y queremos, de acuerdo a las cosas que hacemos para entretenernos, para llenarnos el alma, de acuerdo a lo que interpretan nuestros artistas&#8221;, dijo la dirigente.<\/p>\n\n\n\n<p>&#8220;Por eso, la presentaci\u00f3n del libro donde algunas de esas mujeres marcaron la historia de ATE. La responsabilidad de este Departamento, que me dio nuestro compa\u00f1ero secretario General Hugo Cachorro Godoy, es trabajar en ese sentido, no solo para un modelo de Estado, sino tambi\u00e9n de sindicato. Ponemos en disputa un modelo sindical, que no solo se preocupe por los salarios, si no por las formas en que viven nuestros compa\u00f1eros y compa\u00f1eras, que cosas les llena el alma, les hace feliz o tristes. En qu\u00e9 cosas el sindicato puede estar cerca para dar la contenci\u00f3n que necesitan&#8221;, dijo Matheos.<\/p>\n\n\n\n<p>Y finalizo destacando en otro p\u00e1rrafo que &#8220;en ese sentido, ATE C\u00f3rdoba hace un poco eso al lanzar este espacio de cultura, que es seguir la l\u00ednea de un modelo sindical que disputa todos los frentes en lo pol\u00edtico, en el movimiento obrero, pero tambi\u00e9n en esta cuesti\u00f3n cultural. Estoy profundamente agradecida a Federico y a Julia por participar de la presentaci\u00f3n de este libro, dando todo lo necesario para que el Departamento de Cultura est\u00e9 al servicio de todos los compa\u00f1eros de C\u00f3rdoba, y as\u00ed hacer un enlace nacional con departamentos de Cultura que podamos ir creando&#8221;.<\/p>\n\n\n\n<p><strong>Cultura desde abajo<\/strong><\/p>\n\n\n\n<p>A su turno,<strong> Federico Giulaini<\/strong> agradeci\u00f3 a los presentes y ley\u00f3 la resoluci\u00f3n del CDN, n\u00famero 14, que orden\u00f3 la creaci\u00f3n del \u00e1rea de cultura. Tambi\u00e9n agradeci\u00f3  &#8220;que hoy est\u00e9n ac\u00e1 compa\u00f1eras y compa\u00f1eros tan queridos\u2026 Agradecer a las seccionales presentes. Muy generosa Mirta. Para nosotros es un d\u00eda muy particular, coincido con ella que la disputa pol\u00edtica tambi\u00e9n es cultural, y ATE acostumbra a ser un faro de producci\u00f3n de cultura porque las y los trabajadores tambi\u00e9n producimos cultura, como parte del movimiento obrero&#8221;.<\/p>\n\n\n\n<div class=\"wp-block-image\"><figure class=\"alignleft size-large is-resized\"><img loading=\"lazy\" decoding=\"async\" src=\"https:\/\/atecordoba.org\/wp-content\/uploads\/2021\/09\/IMG-20210927-WA0204-1024x576.jpg\" alt=\"\" class=\"wp-image-28310\" width=\"512\" height=\"288\" srcset=\"https:\/\/atecordoba.org\/wp-content\/uploads\/2021\/09\/IMG-20210927-WA0204-1024x576.jpg 1024w, https:\/\/atecordoba.org\/wp-content\/uploads\/2021\/09\/IMG-20210927-WA0204-300x169.jpg 300w, https:\/\/atecordoba.org\/wp-content\/uploads\/2021\/09\/IMG-20210927-WA0204-768x432.jpg 768w, https:\/\/atecordoba.org\/wp-content\/uploads\/2021\/09\/IMG-20210927-WA0204-1536x864.jpg 1536w, https:\/\/atecordoba.org\/wp-content\/uploads\/2021\/09\/IMG-20210927-WA0204-750x422.jpg 750w, https:\/\/atecordoba.org\/wp-content\/uploads\/2021\/09\/IMG-20210927-WA0204-1140x641.jpg 1140w, https:\/\/atecordoba.org\/wp-content\/uploads\/2021\/09\/IMG-20210927-WA0204.jpg 1600w\" sizes=\"auto, (max-width: 512px) 100vw, 512px\" \/><\/figure><\/div>\n\n\n\n<p>Giuliani fundament\u00f3 que &#8220;este espacio nuclea todo aquello que se fue construyendo de manera dispersa en este a\u00f1o y medio para que tenga una org\u00e1nica. Armamos varios departamentos durante la pandemia, donde se constituyeron equipos de trabajo, que es lo que queda. Por eso armamos el Departamento de DDHH, de Discapacidad, de G\u00e9neros y Diversidades, de Asuntos Nacionales, de Municipales, de Salud Provincial. Ahora tenemos el orgullo de dar el puntapi\u00e9 inicial al Departamento de Cultura con nuestro querido P\u00e1jaro Galaburri, tambi\u00e9n trabajador de la cultura en el Valle de Traslasierra&#8221;. <\/p>\n\n\n\n<p>&#8220;Queremos que esa zona sea un polo cultural y que en la casa que tenemos alquilada sea un lugar de encuentro de la cultura serrana. En breve vamos a estar inaugurando la casa de la cultura de ATE en Traslasierra. Entendemos que es decisivo tener un lugar donde se encuentren el entretenimiento, la m\u00fasica, la literatura, el cine, el teatro, la fotograf\u00eda, la pintura, la danza y las distintas expresiones de la cultura nacional y popular. Se espera que las y los afiliados propicien productos culturales generados por las y los trabajadores. ATE debe ser una usina de propuestas y construcciones colectivas&#8221;, agreg\u00f3 .<\/p>\n\n\n\n<p>Y destac\u00f3 &#8220;que seamos nosotros mismos quienes escribamos nuestra historia. En ese sentido quiero agradecer a Daniel Parcero por su aporte fundamental. Y adelantamos que vamos trabajar con Daniel en el proyecto para hacer un libro con la historia de ATE C\u00f3rdoba, desde 1932 a 1974. Sumamos una nueva herramienta para que no nos cuenten la historia, para que seamos nosotros mismos quienes la escribamos&#8221;. <\/p>\n\n\n\n<p>&#8220;Para terminar mi homenaje a Mar\u00eda Lila Garc\u00eda, compa\u00f1era que estaba frente a cada comisaria para ayudar a cada militante detenido, nuestra escuela de formaci\u00f3n de g\u00e9nero lleva su nombre, al igual que el aula virtual, y est\u00e1 su historia reflejada en el libro. De la misma forma, homenajeamos a una compa\u00f1era nativa de Sampacho, hoy desaparecida, y que fue una militante hist\u00f3rica de Ate en el sector salud, Irma Casiaro de Carrica&#8221;, finaliz\u00f3.&nbsp;<\/p>\n\n\n\n<div class=\"wp-block-image\"><figure class=\"alignright size-large is-resized\"><img loading=\"lazy\" decoding=\"async\" src=\"https:\/\/atecordoba.org\/wp-content\/uploads\/2021\/09\/IMG-20210927-WA0203-1024x576.jpg\" alt=\"\" class=\"wp-image-28311\" width=\"512\" height=\"288\" srcset=\"https:\/\/atecordoba.org\/wp-content\/uploads\/2021\/09\/IMG-20210927-WA0203-1024x576.jpg 1024w, https:\/\/atecordoba.org\/wp-content\/uploads\/2021\/09\/IMG-20210927-WA0203-300x169.jpg 300w, https:\/\/atecordoba.org\/wp-content\/uploads\/2021\/09\/IMG-20210927-WA0203-768x432.jpg 768w, https:\/\/atecordoba.org\/wp-content\/uploads\/2021\/09\/IMG-20210927-WA0203-1536x864.jpg 1536w, https:\/\/atecordoba.org\/wp-content\/uploads\/2021\/09\/IMG-20210927-WA0203-750x422.jpg 750w, https:\/\/atecordoba.org\/wp-content\/uploads\/2021\/09\/IMG-20210927-WA0203-1140x641.jpg 1140w, https:\/\/atecordoba.org\/wp-content\/uploads\/2021\/09\/IMG-20210927-WA0203.jpg 1600w\" sizes=\"auto, (max-width: 512px) 100vw, 512px\" \/><\/figure><\/div>\n\n\n\n<p>Por su parte, <strong>Hugo Galaburri<\/strong>, comenz\u00f3 hablando de la construcci\u00f3n gremial en Traslasierra, afirmando que &#8220;este a\u00f1o hemos avanzado mucho en el plano organizativo en ATE. Nuestro objetivo siempre es mejorar la calidad de vida de los compa\u00f1eros y sus salarios que est\u00e1n muy bajos. En ese marco, pensar en cultura era tocar el cielo con las manos&#8221;.<\/p>\n\n\n\n<p>Y en otro tramo asegur\u00f3 que &#8220;con Federico enseguida pensamos que la sede de ATE en Villa Dolores era un lugar para hacer cultura y cuando entr\u00e9 en contacto en Buenos Aires con Mirta Matheos, tambi\u00e9n nos pusimos a pensar qu\u00e9 hacer. Entonces empezamos con el espacio par teatro, la cancha de bocha para los municipales, el taller para los chicos y un mont\u00f3n de otras ideas que van surgiendo&#8221;.<\/p>\n\n\n\n<p>&#8220;Estamos muy felices porque las ideas que surgen inmediatamente se llevan a la pr\u00e1ctica. As\u00ed es el caso de este Departamento de Culturas&#8221;, resumi\u00f3 Galaburri. <\/p>\n\n\n\n<p>Tambi\u00e9n fue convocada a dar su testimonio a la delegada de la Colonia Santa Mar\u00eda, <strong>Nora Sayago<\/strong>, contando su experiencia en ATE Santa Mar\u00eda. &#8220;Las mujeres vienen peleando desde la mitolog\u00eda hind\u00fa, pasando por las griegas y la romanas, por las brujas quemadas, las sufragistas de la revoluci\u00f3n francesa, por la lucha por la educaci\u00f3n secundaria, pro el derecho al voto, y todav\u00eda estamos pasando. A los hombres que quieran acompa\u00f1ar, que lo hagan, a las mujeres que quieren seguir peleando, que sigan. Estoy solo dejando la semilla de lo que fui y seguir\u00e9 siendo mientras los huesos me den&#8221;, dijo la dirigente que sufri\u00f3 la persecuci\u00f3n de la dictadura por su activismo gremial en el hospital,<a href=\"https:\/\/atecordoba.org\/?p=28092\"> junto a toda la seccional<\/a>.<\/p>\n\n\n\n<p><strong>Mirada nacional<\/strong><\/p>\n\n\n\n<p>Posteriormente <strong>Mercedes Cabezas<\/strong>, secretaria de Organizaci\u00f3n del CDN, tom\u00f3 la palabra para acercar &#8220;el saludo de nuestro secretario General Hugo Cachorro Godoy y de toda la Comisi\u00f3n Directiva. Celebramos esta iniciativa como la creaci\u00f3n del Departamento de Cultura, para que avance y sea motivo de nuevos logros&#8221;.<\/p>\n\n\n\n<p>Cabe se\u00f1alar que Cabezas mantuvo durante la jornada reuniones con diferentes sectores: cultura y Ministerio de Mujeres de la naci\u00f3n, con nuevas afiliadas de IOSFA, ANAC, y referentes de Traslasierra. <\/p>\n\n\n\n<p>A la hora de reflexionar sobre el libro Mujeres Estatales, Cabezas, autora del pr\u00f3logo, dijo que &#8220;Las disputas de sentido y la cultura se atraviesan y se cruzan porque en alg\u00fan punto la cultura tiene que ver con eso, son disputan que se dan en el campo popular&#8221;.<\/p>\n\n\n\n<div class=\"wp-block-image\"><figure class=\"alignleft size-large is-resized\"><img loading=\"lazy\" decoding=\"async\" src=\"https:\/\/atecordoba.org\/wp-content\/uploads\/2021\/09\/IMG-20210927-WA0199-1024x576.jpg\" alt=\"\" class=\"wp-image-28312\" width=\"512\" height=\"288\" srcset=\"https:\/\/atecordoba.org\/wp-content\/uploads\/2021\/09\/IMG-20210927-WA0199-1024x576.jpg 1024w, https:\/\/atecordoba.org\/wp-content\/uploads\/2021\/09\/IMG-20210927-WA0199-300x169.jpg 300w, https:\/\/atecordoba.org\/wp-content\/uploads\/2021\/09\/IMG-20210927-WA0199-768x432.jpg 768w, https:\/\/atecordoba.org\/wp-content\/uploads\/2021\/09\/IMG-20210927-WA0199-1536x864.jpg 1536w, https:\/\/atecordoba.org\/wp-content\/uploads\/2021\/09\/IMG-20210927-WA0199-750x422.jpg 750w, https:\/\/atecordoba.org\/wp-content\/uploads\/2021\/09\/IMG-20210927-WA0199-1140x641.jpg 1140w, https:\/\/atecordoba.org\/wp-content\/uploads\/2021\/09\/IMG-20210927-WA0199.jpg 1600w\" sizes=\"auto, (max-width: 512px) 100vw, 512px\" \/><\/figure><\/div>\n\n\n\n<p>Cabezas se refiri\u00f3 tambi\u00e9n sobre este libro, que se present\u00f3, y dijo que &#8220;hablamos con Daniel y coment\u00e1bamos que las mujeres han sido protagonistas de las luchas m\u00e1s dif\u00edciles y han conseguido reivindicaciones hist\u00f3ricas y progresistas para nuestro pa\u00eds. Se me ocurre ser la primera naci\u00f3n en declarar el matrimonio igualitario, la ley de identidad de g\u00e9nero. Han sido revolucionarias tambi\u00e9n, dando la vuelta a la Plaza de Mayo con un bast\u00f3n y un pa\u00f1uelo blanco en la cabeza. Libros como este pasan a estas mujeres a la inmortalidad, registrando lo que hicieron abriendo camino para las que vinimos despu\u00e9s&#8221;.<\/p>\n\n\n\n<p>Se refiri\u00f3 a alguna de las historias insertas en la obra, contando &#8220;la declaraci\u00f3n de una compa\u00f1era que fue elegida como Reina del Trabajo, sucedida en ese tiempo hist\u00f3rico cuando la mujer se quedaba en la casa y luchaba por salir del \u00e1mbito privado para ocupar el \u00e1mbito p\u00fablico desde el trabajo, mostr\u00f3 que exist\u00edan las mujeres trabajadoras, las estatales&#8221;.<\/p>\n\n\n\n<p>Y remarc\u00f3 que &#8220;el libro tiene una mirada federal y cuenta la historia de mujeres de distintas provincias, relatos descarnados de algunas compa\u00f1eras que dejan su vida por la militancia. Tambi\u00e9n est\u00e1 bueno que reconozcamos en las peque\u00f1as acciones de las compa\u00f1eras que est\u00e1n ac\u00e1, que son delegadas de un sector, que se animaron a acercarse a un sindicato, que pelean para resolver las reivindicaciones de sus compa\u00f1eras y compa\u00f1eros de su lugar de trabajo, deben ser parte de estas mujeres estatales&#8221;.&nbsp;<\/p>\n\n\n\n<p>Cabezas concluy\u00f3 su exposici\u00f3n se\u00f1alando que &#8220;las mujeres tenemos mucho para contar y somos parte de la historia. Hay un mont\u00f3n de mujeres que capaz hoy no se imaginan que pueden estar construyendo, no solo un sindicalismo mejor, sino una patria liberada que derrote el patriarcado que nos oprime, y que avance a una sociedad donde la equidad, la igualdad de las relaciones de poder, se equilibre para permitirnos ser iguales. Es un granito m\u00e1s de arena, pero creo que es lo que necesitamos para poner en visibilidad a las compa\u00f1eras estatales y avanzar dentro de nuestro sindicato hacia la igualdad que tanto nos merecemos&#8221;.<\/p>\n\n\n\n<p><strong>Mujeres estatales<\/strong><\/p>\n\n\n\n<p>Por \u00faltimo, <strong>Daniel Parcero<\/strong>, se mostr\u00f3 muy entusiasmado con el recorrido de est\u00e1 teniendo &#8216;Mujeres estatales&#8217; porque &#8220;hace dos meses sacamos 2000 ejemplares y en 25 d\u00edas ya estaba agotado. En unos d\u00edas sale la primera reedici\u00f3n. Adem\u00e1s, hubo gran repercusi\u00f3n en ATE y en otros gremios porque es el primer sindicato en Argentina que tiene un libro sobre la trayectoria de sus mujeres, aunque en este caso se trate solo de las primeras 14&#8221;.<\/p>\n\n\n\n<p>&#8220;Tambi\u00e9n es importante destacar que, despu\u00e9s de la Uni\u00f3n Ferroviaria, ATE es el gremio que tiene el mejor archivo con documentaci\u00f3n desde sus or\u00edgenes, registrando su historia desde 1925. Fue hecho por decisi\u00f3n de V\u00edctor de Gennaro en 1984, cuando el gremio fue recuperado por sus leg\u00edtimos due\u00f1os, los trabajadores&#8221;, dijo.<\/p>\n\n\n\n<div class=\"wp-block-image\"><figure class=\"alignright size-large is-resized\"><img loading=\"lazy\" decoding=\"async\" src=\"https:\/\/atecordoba.org\/wp-content\/uploads\/2021\/09\/IMG_20210927_153408257_HDR-1024x576.jpg\" alt=\"\" class=\"wp-image-28313\" width=\"512\" height=\"288\" srcset=\"https:\/\/atecordoba.org\/wp-content\/uploads\/2021\/09\/IMG_20210927_153408257_HDR-1024x576.jpg 1024w, https:\/\/atecordoba.org\/wp-content\/uploads\/2021\/09\/IMG_20210927_153408257_HDR-300x169.jpg 300w, https:\/\/atecordoba.org\/wp-content\/uploads\/2021\/09\/IMG_20210927_153408257_HDR-768x432.jpg 768w, https:\/\/atecordoba.org\/wp-content\/uploads\/2021\/09\/IMG_20210927_153408257_HDR-1536x864.jpg 1536w, https:\/\/atecordoba.org\/wp-content\/uploads\/2021\/09\/IMG_20210927_153408257_HDR-2048x1152.jpg 2048w, https:\/\/atecordoba.org\/wp-content\/uploads\/2021\/09\/IMG_20210927_153408257_HDR-750x422.jpg 750w, https:\/\/atecordoba.org\/wp-content\/uploads\/2021\/09\/IMG_20210927_153408257_HDR-1140x641.jpg 1140w\" sizes=\"auto, (max-width: 512px) 100vw, 512px\" \/><\/figure><\/div>\n\n\n\n<p>Parcero anticip\u00f3 que &#8220;ahora que vamos a hacer la ampliaci\u00f3n del libro, vamos a registrar la historia de Nora Sayago y de tantas otras compa\u00f1eras que militan hace muchos a\u00f1os&#8221;.<\/p>\n\n\n\n<p>El historiador afirm\u00f3 que &#8220;vamos a lograr la verdadera independencia y la liberaci\u00f3n nacional cuando ganemos la batalla por el pensamiento y la memoria. Los otros d\u00edas escuch\u00e9 con mucha bronca a un seudo dirigente de los trabajadores, Carlos Acu\u00f1a de la CGT, decir que las mujeres no tienen vocaci\u00f3n para dirigir sindicatos. Ni siquiera conoce la historia de la instituci\u00f3n donde usurpa su cargo&#8221;. <\/p>\n\n\n\n<p>&#8220;Precisamente en 1967, antes de la ruptura de la CGT, cuando un grupo queda con Vandor y otro con Raimundo Ongaro, Marta Curone fue puesta a cargo del Departamento de la Mujer. Curone hab\u00eda sido la \u00faltima referente de la rama femenina UES en 1954 en el 67 integraba la conducci\u00f3n de ATE como trabajadora del Congreso de la Naci\u00f3n&#8221;, explic\u00f3.<\/p>\n\n\n\n<p>&#8220;La encontr\u00e9 hace tres a\u00f1os y hablamos de cu\u00e1nto hab\u00eda luchado dentro de esa CGT, junto a otras mujeres, no todas peronistas, estaban dispuestas a conformar el Departamento de la Mujer en la CGT, obstruida en ese momento por otros dirigentes de esa Central. Estas compa\u00f1eras dieron un paso al costado, neg\u00e1ndose a ser supervisadas por hombres pero cuando se parte esa CGT y un sector se va con Raimundo Ongaro, se logr\u00f3 crear ah\u00ed si el Departamento de la Mujer, a propuesta del secretario Adjunto de ATE en ese momento \u2013un hombre maravilloso llamado Pedro Avellaneda- que era Protesorero de dicha CGT. \u201cNosotros tenemos una mujer\u201d, dijo Avellaneda a Ongaro y Marta Curone fue la primera directora del Departamento de la Mujer de la CGT de los Argentinos, represent\u00e1ndonos a los trabajadores y trabajadoras no solo ac\u00e1 sino en el exterior tambi\u00e9n&#8221;.<\/p>\n\n\n\n<p>&#8220;Ahora Marta tiene 85 a\u00f1os y vive sola en Miramar. La fuimos a visitar con Mirta Matheos a hacerle un reconocimiento. De forma que este hombre Acu\u00f1a deber\u00eda rever su propia historia, porque parece que no entiende los que impidieron que las mujeres pudieran liderar sindicatos fueron los propios bur\u00f3cratas de aquella CGT&#8221;.<\/p>\n\n\n\n<p>Al rese\u00f1ar otro de los perfiles destacado en el libro, Parcero continu\u00f3: &#8220;en 1972 ATE conform\u00f3 un Departamento de la Mujer interno, que cumpli\u00f3 tareas institucionales en el \u00e1mbito interno de ATE y tambi\u00e9n en \u00e1mbitos barriales, lo que hoy podr\u00eda ser el trabajo de las \u2018manzaneras\u2019. Fue una tarea brillante desarrollada por una mujer llamada Eva Sarka, cuyo marido era dirigente de ATE Capital y ambos debieron exiliarse con la Dictadura. Eva est\u00e1 retratada en el libro y tambi\u00e9n pudimos rescatarla. Ella intent\u00f3 en la CGT de 1972, con otras mujeres antes del regreso de Per\u00f3n y el gobierno de C\u00e1mpora, poder formar el Departamento de la Mujer, y nuevamente la burocracia sindical tradicional se lo impidi\u00f3: no porque no quer\u00edan a las mujeres sino porque se\u00f1alizaban cu\u00e1les eran \u201clas confiables\u201d y cu\u00e1les no. Tampoco se lleg\u00f3 a nada, pero no es causal que las dos impulsoras de estas iniciativas fueran estatales y tardaran en ser reconocidas por la historia oficial del sindicalismo&#8221;.<\/p>\n\n\n\n<div class=\"wp-block-image\"><figure class=\"alignleft size-large is-resized\"><img loading=\"lazy\" decoding=\"async\" src=\"https:\/\/atecordoba.org\/wp-content\/uploads\/2021\/09\/IMG-20210927-WA0148-1024x576.jpg\" alt=\"\" class=\"wp-image-28314\" width=\"512\" height=\"288\" srcset=\"https:\/\/atecordoba.org\/wp-content\/uploads\/2021\/09\/IMG-20210927-WA0148-1024x576.jpg 1024w, https:\/\/atecordoba.org\/wp-content\/uploads\/2021\/09\/IMG-20210927-WA0148-300x169.jpg 300w, https:\/\/atecordoba.org\/wp-content\/uploads\/2021\/09\/IMG-20210927-WA0148-768x432.jpg 768w, https:\/\/atecordoba.org\/wp-content\/uploads\/2021\/09\/IMG-20210927-WA0148-1536x864.jpg 1536w, https:\/\/atecordoba.org\/wp-content\/uploads\/2021\/09\/IMG-20210927-WA0148-750x422.jpg 750w, https:\/\/atecordoba.org\/wp-content\/uploads\/2021\/09\/IMG-20210927-WA0148-1140x641.jpg 1140w, https:\/\/atecordoba.org\/wp-content\/uploads\/2021\/09\/IMG-20210927-WA0148.jpg 1600w\" sizes=\"auto, (max-width: 512px) 100vw, 512px\" \/><\/figure><\/div>\n\n\n\n<p>&#8220;Una cosa muy importante pas\u00f3 en Bah\u00eda Blanca, para aquellos que piensan que no hubo mujeres con la capacidad de liderar sindicatos, en 1944, antes que se iniciara el proceso de creaci\u00f3n del Estado de Bienestar con el peronismo. Un grupo de mujeres costureras trabajaban precariamente en el Ministerio de Guerra, no estaban reconocidas laboralmente como corresponde. No ten\u00edan un horario formal de trabajo, algunas trabajan en la dependencia y otras en la casa, y estas \u00faltimas ten\u00edan que poner su m\u00e1quina de coser, dedales y agujas sin que nadie les reconociera los gastos. Ese fue el primer hallazgo que hice revisando las actas de ATE y es in\u00e9dito en la historia del sindicalismo argentino, porque fueron 200 mujeres de las cuales dos o tres se acercaron al Consejo Nacional para pedir la afiliaci\u00f3n directa, para poder ser reconocidas y hacer una delegaci\u00f3n, pero terminaron haciendo una seccional porque eran m\u00e1s de 70&#8221;<\/p>\n\n\n\n<p>&#8220;Hay una cantidad de ejemplos, como el caso de la salte\u00f1a que en 1950 fue elegida Reina Nacional del Trabajo. En aquel momento, cuando empezaban las reivindicaciones con el peronismo por la participaci\u00f3n de las mujeres, el voto femenino\u2026 es todo un hecho para visibilizar que las organizaciones gremiales ten\u00edan mujeres que hab\u00edan decidido organizarse sindicalmente. Cuando la estatal Pr\u00e1xedes Mesconi fue electa primero reina provincial del trabajo, era una delegada estatal afiliada a ATE, una trabajadora que empezaba a organizar su sector de trabajo y lo logr\u00f3. Cuando fue coronada por Per\u00f3n, que le puso la banda, y Evita, que le dio el cetro, le preguntan qu\u00e9 quiere y ella responde: \u201cpoder tener una familia y un trabajo\u201d. O sea, no estaban hablando pavadas ni se visibilizaba lo que no ten\u00eda que hacerse, era lo correcto en 1950. \u00bfQu\u00e9 representaba eso para aquella mujer? Que el gremio le hab\u00eda pagado para poder participar del concurso nacional del trabajo, poder conocer Buenos Aires y sectores importantes de la provincia, Mar del Plata, y eso lo utilizaron para mejorar sus condiciones de vida. No es que se convirtieron en gorilas u oligarcas, siguieron siendo dirigentes gremiales&#8221;. \u00a0<\/p>\n\n\n\n<p>Parcero relat\u00f3 tambi\u00e9n el caso &#8220;la compa\u00f1era Cuervo del Hospital Posadas, que se encarg\u00f3 de organizar el trabajo social en las villas. Llegado el golpe de Estado, fue la primera marcada por los servicios de inteligencia. Fue secuestrada, torturada y desaparecida. Pero sobrevivi\u00f3 y recuerdo que, en el Juicio a las Juntas, fue una de las testigos que se present\u00f3 por su cuenta para se\u00f1alar a sus verdugos, cosa muy emocionante y lo fue tambi\u00e9n cuando la entrevist\u00e9 para el libro&#8221;.<\/p>\n\n\n\n<p>&#8220;Hay muchos casos y el final, volviendo a este hombre que desconoce la historia, cuando se recupera ATE con el retorno de la democracia se llev\u00f3 Noelia Guzm\u00e1n a la conducci\u00f3n nacional, en el cargo de secretaria Administrativa, por primera vez a una mujer. Tambi\u00e9n fue la primera delegada ante la CGT de un gremio nacional&#8221;, cont\u00f3 el autor del libro.<\/p>\n\n\n\n<p>Para finalizar se\u00f1alando que &#8220;todo esto da cuenta que tenemos que seguir enriqueciendo, porque la batalla no es otra que por el pensamiento y la memoria&#8221;.<\/p>\n\n\n\n<p><\/p>\n\n\n\n<figure class=\"wp-block-gallery columns-3 is-cropped wp-block-gallery-1 is-layout-flex wp-block-gallery-is-layout-flex\"><ul class=\"blocks-gallery-grid\"><li class=\"blocks-gallery-item\"><figure><img loading=\"lazy\" decoding=\"async\" width=\"1024\" height=\"576\" src=\"https:\/\/atecordoba.org\/wp-content\/uploads\/2021\/09\/IMG-20210927-WA0202-1-1024x576.jpg\" alt=\"\" data-id=\"28315\" data-full-url=\"https:\/\/atecordoba.org\/wp-content\/uploads\/2021\/09\/IMG-20210927-WA0202-1.jpg\" data-link=\"https:\/\/atecordoba.org\/?attachment_id=28315\" class=\"wp-image-28315\" srcset=\"https:\/\/atecordoba.org\/wp-content\/uploads\/2021\/09\/IMG-20210927-WA0202-1-1024x576.jpg 1024w, https:\/\/atecordoba.org\/wp-content\/uploads\/2021\/09\/IMG-20210927-WA0202-1-300x169.jpg 300w, https:\/\/atecordoba.org\/wp-content\/uploads\/2021\/09\/IMG-20210927-WA0202-1-768x432.jpg 768w, https:\/\/atecordoba.org\/wp-content\/uploads\/2021\/09\/IMG-20210927-WA0202-1-1536x864.jpg 1536w, https:\/\/atecordoba.org\/wp-content\/uploads\/2021\/09\/IMG-20210927-WA0202-1-750x422.jpg 750w, https:\/\/atecordoba.org\/wp-content\/uploads\/2021\/09\/IMG-20210927-WA0202-1-1140x641.jpg 1140w, https:\/\/atecordoba.org\/wp-content\/uploads\/2021\/09\/IMG-20210927-WA0202-1.jpg 1600w\" sizes=\"auto, (max-width: 1024px) 100vw, 1024px\" \/><\/figure><\/li><li class=\"blocks-gallery-item\"><figure><img loading=\"lazy\" decoding=\"async\" width=\"1024\" height=\"576\" src=\"https:\/\/atecordoba.org\/wp-content\/uploads\/2021\/09\/IMG-20210927-WA0203-1-1024x576.jpg\" alt=\"\" data-id=\"28316\" data-full-url=\"https:\/\/atecordoba.org\/wp-content\/uploads\/2021\/09\/IMG-20210927-WA0203-1.jpg\" data-link=\"https:\/\/atecordoba.org\/?attachment_id=28316\" class=\"wp-image-28316\" srcset=\"https:\/\/atecordoba.org\/wp-content\/uploads\/2021\/09\/IMG-20210927-WA0203-1-1024x576.jpg 1024w, https:\/\/atecordoba.org\/wp-content\/uploads\/2021\/09\/IMG-20210927-WA0203-1-300x169.jpg 300w, https:\/\/atecordoba.org\/wp-content\/uploads\/2021\/09\/IMG-20210927-WA0203-1-768x432.jpg 768w, https:\/\/atecordoba.org\/wp-content\/uploads\/2021\/09\/IMG-20210927-WA0203-1-1536x864.jpg 1536w, https:\/\/atecordoba.org\/wp-content\/uploads\/2021\/09\/IMG-20210927-WA0203-1-750x422.jpg 750w, https:\/\/atecordoba.org\/wp-content\/uploads\/2021\/09\/IMG-20210927-WA0203-1-1140x641.jpg 1140w, https:\/\/atecordoba.org\/wp-content\/uploads\/2021\/09\/IMG-20210927-WA0203-1.jpg 1600w\" sizes=\"auto, (max-width: 1024px) 100vw, 1024px\" \/><\/figure><\/li><li class=\"blocks-gallery-item\"><figure><img loading=\"lazy\" decoding=\"async\" width=\"1024\" height=\"576\" src=\"https:\/\/atecordoba.org\/wp-content\/uploads\/2021\/09\/IMG-20210927-WA0204-1-1024x576.jpg\" alt=\"\" data-id=\"28317\" data-full-url=\"https:\/\/atecordoba.org\/wp-content\/uploads\/2021\/09\/IMG-20210927-WA0204-1.jpg\" data-link=\"https:\/\/atecordoba.org\/?attachment_id=28317\" class=\"wp-image-28317\" srcset=\"https:\/\/atecordoba.org\/wp-content\/uploads\/2021\/09\/IMG-20210927-WA0204-1-1024x576.jpg 1024w, https:\/\/atecordoba.org\/wp-content\/uploads\/2021\/09\/IMG-20210927-WA0204-1-300x169.jpg 300w, https:\/\/atecordoba.org\/wp-content\/uploads\/2021\/09\/IMG-20210927-WA0204-1-768x432.jpg 768w, https:\/\/atecordoba.org\/wp-content\/uploads\/2021\/09\/IMG-20210927-WA0204-1-1536x864.jpg 1536w, https:\/\/atecordoba.org\/wp-content\/uploads\/2021\/09\/IMG-20210927-WA0204-1-750x422.jpg 750w, https:\/\/atecordoba.org\/wp-content\/uploads\/2021\/09\/IMG-20210927-WA0204-1-1140x641.jpg 1140w, https:\/\/atecordoba.org\/wp-content\/uploads\/2021\/09\/IMG-20210927-WA0204-1.jpg 1600w\" sizes=\"auto, (max-width: 1024px) 100vw, 1024px\" \/><\/figure><\/li><li class=\"blocks-gallery-item\"><figure><img loading=\"lazy\" decoding=\"async\" width=\"1024\" height=\"576\" src=\"https:\/\/atecordoba.org\/wp-content\/uploads\/2021\/09\/IMG-20210927-WA0205-1024x576.jpg\" alt=\"\" data-id=\"28318\" data-full-url=\"https:\/\/atecordoba.org\/wp-content\/uploads\/2021\/09\/IMG-20210927-WA0205.jpg\" data-link=\"https:\/\/atecordoba.org\/?attachment_id=28318\" class=\"wp-image-28318\" srcset=\"https:\/\/atecordoba.org\/wp-content\/uploads\/2021\/09\/IMG-20210927-WA0205-1024x576.jpg 1024w, https:\/\/atecordoba.org\/wp-content\/uploads\/2021\/09\/IMG-20210927-WA0205-300x169.jpg 300w, https:\/\/atecordoba.org\/wp-content\/uploads\/2021\/09\/IMG-20210927-WA0205-768x432.jpg 768w, https:\/\/atecordoba.org\/wp-content\/uploads\/2021\/09\/IMG-20210927-WA0205-1536x864.jpg 1536w, https:\/\/atecordoba.org\/wp-content\/uploads\/2021\/09\/IMG-20210927-WA0205-750x422.jpg 750w, https:\/\/atecordoba.org\/wp-content\/uploads\/2021\/09\/IMG-20210927-WA0205-1140x641.jpg 1140w, https:\/\/atecordoba.org\/wp-content\/uploads\/2021\/09\/IMG-20210927-WA0205.jpg 1600w\" sizes=\"auto, (max-width: 1024px) 100vw, 1024px\" \/><\/figure><\/li><li class=\"blocks-gallery-item\"><figure><img loading=\"lazy\" decoding=\"async\" width=\"1024\" height=\"576\" src=\"https:\/\/atecordoba.org\/wp-content\/uploads\/2021\/09\/FB_IMG_1632778760692-1024x576.jpg\" alt=\"\" data-id=\"28319\" data-full-url=\"https:\/\/atecordoba.org\/wp-content\/uploads\/2021\/09\/FB_IMG_1632778760692.jpg\" data-link=\"https:\/\/atecordoba.org\/?attachment_id=28319\" class=\"wp-image-28319\" srcset=\"https:\/\/atecordoba.org\/wp-content\/uploads\/2021\/09\/FB_IMG_1632778760692-1024x576.jpg 1024w, https:\/\/atecordoba.org\/wp-content\/uploads\/2021\/09\/FB_IMG_1632778760692-300x169.jpg 300w, https:\/\/atecordoba.org\/wp-content\/uploads\/2021\/09\/FB_IMG_1632778760692-768x432.jpg 768w, https:\/\/atecordoba.org\/wp-content\/uploads\/2021\/09\/FB_IMG_1632778760692-750x422.jpg 750w, https:\/\/atecordoba.org\/wp-content\/uploads\/2021\/09\/FB_IMG_1632778760692.jpg 1080w\" sizes=\"auto, (max-width: 1024px) 100vw, 1024px\" \/><\/figure><\/li><li class=\"blocks-gallery-item\"><figure><img loading=\"lazy\" decoding=\"async\" width=\"1024\" height=\"576\" src=\"https:\/\/atecordoba.org\/wp-content\/uploads\/2021\/09\/IMG_20210927_153408257_HDR-1-1024x576.jpg\" alt=\"\" data-id=\"28320\" data-full-url=\"https:\/\/atecordoba.org\/wp-content\/uploads\/2021\/09\/IMG_20210927_153408257_HDR-1-scaled.jpg\" data-link=\"https:\/\/atecordoba.org\/?attachment_id=28320\" class=\"wp-image-28320\" srcset=\"https:\/\/atecordoba.org\/wp-content\/uploads\/2021\/09\/IMG_20210927_153408257_HDR-1-1024x576.jpg 1024w, https:\/\/atecordoba.org\/wp-content\/uploads\/2021\/09\/IMG_20210927_153408257_HDR-1-300x169.jpg 300w, https:\/\/atecordoba.org\/wp-content\/uploads\/2021\/09\/IMG_20210927_153408257_HDR-1-768x432.jpg 768w, https:\/\/atecordoba.org\/wp-content\/uploads\/2021\/09\/IMG_20210927_153408257_HDR-1-1536x864.jpg 1536w, https:\/\/atecordoba.org\/wp-content\/uploads\/2021\/09\/IMG_20210927_153408257_HDR-1-2048x1152.jpg 2048w, https:\/\/atecordoba.org\/wp-content\/uploads\/2021\/09\/IMG_20210927_153408257_HDR-1-750x422.jpg 750w, https:\/\/atecordoba.org\/wp-content\/uploads\/2021\/09\/IMG_20210927_153408257_HDR-1-1140x641.jpg 1140w\" sizes=\"auto, (max-width: 1024px) 100vw, 1024px\" \/><\/figure><\/li><li class=\"blocks-gallery-item\"><figure><img loading=\"lazy\" decoding=\"async\" width=\"1024\" height=\"576\" src=\"https:\/\/atecordoba.org\/wp-content\/uploads\/2021\/09\/IMG_20210927_184700095_HDR-1024x576.jpg\" alt=\"\" data-id=\"28321\" data-full-url=\"https:\/\/atecordoba.org\/wp-content\/uploads\/2021\/09\/IMG_20210927_184700095_HDR-scaled.jpg\" data-link=\"https:\/\/atecordoba.org\/?attachment_id=28321\" class=\"wp-image-28321\" srcset=\"https:\/\/atecordoba.org\/wp-content\/uploads\/2021\/09\/IMG_20210927_184700095_HDR-1024x576.jpg 1024w, https:\/\/atecordoba.org\/wp-content\/uploads\/2021\/09\/IMG_20210927_184700095_HDR-300x169.jpg 300w, https:\/\/atecordoba.org\/wp-content\/uploads\/2021\/09\/IMG_20210927_184700095_HDR-768x432.jpg 768w, https:\/\/atecordoba.org\/wp-content\/uploads\/2021\/09\/IMG_20210927_184700095_HDR-1536x864.jpg 1536w, https:\/\/atecordoba.org\/wp-content\/uploads\/2021\/09\/IMG_20210927_184700095_HDR-2048x1152.jpg 2048w, https:\/\/atecordoba.org\/wp-content\/uploads\/2021\/09\/IMG_20210927_184700095_HDR-750x422.jpg 750w, https:\/\/atecordoba.org\/wp-content\/uploads\/2021\/09\/IMG_20210927_184700095_HDR-1140x641.jpg 1140w\" sizes=\"auto, (max-width: 1024px) 100vw, 1024px\" \/><\/figure><\/li><li class=\"blocks-gallery-item\"><figure><img loading=\"lazy\" decoding=\"async\" width=\"1024\" height=\"576\" src=\"https:\/\/atecordoba.org\/wp-content\/uploads\/2021\/09\/IMG_20210927_184703046_HDR-1024x576.jpg\" alt=\"\" data-id=\"28322\" data-full-url=\"https:\/\/atecordoba.org\/wp-content\/uploads\/2021\/09\/IMG_20210927_184703046_HDR-scaled.jpg\" data-link=\"https:\/\/atecordoba.org\/?attachment_id=28322\" class=\"wp-image-28322\" srcset=\"https:\/\/atecordoba.org\/wp-content\/uploads\/2021\/09\/IMG_20210927_184703046_HDR-1024x576.jpg 1024w, https:\/\/atecordoba.org\/wp-content\/uploads\/2021\/09\/IMG_20210927_184703046_HDR-300x169.jpg 300w, https:\/\/atecordoba.org\/wp-content\/uploads\/2021\/09\/IMG_20210927_184703046_HDR-768x432.jpg 768w, https:\/\/atecordoba.org\/wp-content\/uploads\/2021\/09\/IMG_20210927_184703046_HDR-1536x864.jpg 1536w, https:\/\/atecordoba.org\/wp-content\/uploads\/2021\/09\/IMG_20210927_184703046_HDR-2048x1152.jpg 2048w, https:\/\/atecordoba.org\/wp-content\/uploads\/2021\/09\/IMG_20210927_184703046_HDR-750x422.jpg 750w, https:\/\/atecordoba.org\/wp-content\/uploads\/2021\/09\/IMG_20210927_184703046_HDR-1140x641.jpg 1140w\" sizes=\"auto, (max-width: 1024px) 100vw, 1024px\" \/><\/figure><\/li><li class=\"blocks-gallery-item\"><figure><img loading=\"lazy\" decoding=\"async\" width=\"1024\" height=\"576\" src=\"https:\/\/atecordoba.org\/wp-content\/uploads\/2021\/09\/IMG-20210927-WA0037-1024x576.jpg\" alt=\"\" data-id=\"28323\" data-full-url=\"https:\/\/atecordoba.org\/wp-content\/uploads\/2021\/09\/IMG-20210927-WA0037.jpg\" data-link=\"https:\/\/atecordoba.org\/?attachment_id=28323\" class=\"wp-image-28323\" srcset=\"https:\/\/atecordoba.org\/wp-content\/uploads\/2021\/09\/IMG-20210927-WA0037-1024x576.jpg 1024w, https:\/\/atecordoba.org\/wp-content\/uploads\/2021\/09\/IMG-20210927-WA0037-300x169.jpg 300w, https:\/\/atecordoba.org\/wp-content\/uploads\/2021\/09\/IMG-20210927-WA0037-768x432.jpg 768w, https:\/\/atecordoba.org\/wp-content\/uploads\/2021\/09\/IMG-20210927-WA0037-750x422.jpg 750w, https:\/\/atecordoba.org\/wp-content\/uploads\/2021\/09\/IMG-20210927-WA0037.jpg 1032w\" sizes=\"auto, (max-width: 1024px) 100vw, 1024px\" \/><\/figure><\/li><li class=\"blocks-gallery-item\"><figure><img loading=\"lazy\" decoding=\"async\" width=\"1024\" height=\"576\" src=\"https:\/\/atecordoba.org\/wp-content\/uploads\/2021\/09\/IMG-20210927-WA0091-1024x576.jpg\" alt=\"\" data-id=\"28324\" data-full-url=\"https:\/\/atecordoba.org\/wp-content\/uploads\/2021\/09\/IMG-20210927-WA0091.jpg\" data-link=\"https:\/\/atecordoba.org\/?attachment_id=28324\" class=\"wp-image-28324\" srcset=\"https:\/\/atecordoba.org\/wp-content\/uploads\/2021\/09\/IMG-20210927-WA0091-1024x576.jpg 1024w, https:\/\/atecordoba.org\/wp-content\/uploads\/2021\/09\/IMG-20210927-WA0091-300x169.jpg 300w, https:\/\/atecordoba.org\/wp-content\/uploads\/2021\/09\/IMG-20210927-WA0091-768x432.jpg 768w, https:\/\/atecordoba.org\/wp-content\/uploads\/2021\/09\/IMG-20210927-WA0091-750x422.jpg 750w, https:\/\/atecordoba.org\/wp-content\/uploads\/2021\/09\/IMG-20210927-WA0091-1140x641.jpg 1140w, https:\/\/atecordoba.org\/wp-content\/uploads\/2021\/09\/IMG-20210927-WA0091.jpg 1280w\" sizes=\"auto, (max-width: 1024px) 100vw, 1024px\" \/><\/figure><\/li><li class=\"blocks-gallery-item\"><figure><img loading=\"lazy\" decoding=\"async\" width=\"1024\" height=\"576\" src=\"https:\/\/atecordoba.org\/wp-content\/uploads\/2021\/09\/IMG-20210927-WA0092-1024x576.jpg\" alt=\"\" data-id=\"28325\" data-full-url=\"https:\/\/atecordoba.org\/wp-content\/uploads\/2021\/09\/IMG-20210927-WA0092.jpg\" data-link=\"https:\/\/atecordoba.org\/?attachment_id=28325\" class=\"wp-image-28325\" srcset=\"https:\/\/atecordoba.org\/wp-content\/uploads\/2021\/09\/IMG-20210927-WA0092-1024x576.jpg 1024w, https:\/\/atecordoba.org\/wp-content\/uploads\/2021\/09\/IMG-20210927-WA0092-300x169.jpg 300w, https:\/\/atecordoba.org\/wp-content\/uploads\/2021\/09\/IMG-20210927-WA0092-768x432.jpg 768w, https:\/\/atecordoba.org\/wp-content\/uploads\/2021\/09\/IMG-20210927-WA0092-750x422.jpg 750w, https:\/\/atecordoba.org\/wp-content\/uploads\/2021\/09\/IMG-20210927-WA0092-1140x641.jpg 1140w, https:\/\/atecordoba.org\/wp-content\/uploads\/2021\/09\/IMG-20210927-WA0092.jpg 1280w\" sizes=\"auto, (max-width: 1024px) 100vw, 1024px\" \/><\/figure><\/li><li class=\"blocks-gallery-item\"><figure><img loading=\"lazy\" decoding=\"async\" width=\"1024\" height=\"576\" src=\"https:\/\/atecordoba.org\/wp-content\/uploads\/2021\/09\/IMG-20210927-WA0148-1-1024x576.jpg\" alt=\"\" data-id=\"28326\" data-full-url=\"https:\/\/atecordoba.org\/wp-content\/uploads\/2021\/09\/IMG-20210927-WA0148-1.jpg\" data-link=\"https:\/\/atecordoba.org\/?attachment_id=28326\" class=\"wp-image-28326\" srcset=\"https:\/\/atecordoba.org\/wp-content\/uploads\/2021\/09\/IMG-20210927-WA0148-1-1024x576.jpg 1024w, https:\/\/atecordoba.org\/wp-content\/uploads\/2021\/09\/IMG-20210927-WA0148-1-300x169.jpg 300w, https:\/\/atecordoba.org\/wp-content\/uploads\/2021\/09\/IMG-20210927-WA0148-1-768x432.jpg 768w, https:\/\/atecordoba.org\/wp-content\/uploads\/2021\/09\/IMG-20210927-WA0148-1-1536x864.jpg 1536w, https:\/\/atecordoba.org\/wp-content\/uploads\/2021\/09\/IMG-20210927-WA0148-1-750x422.jpg 750w, https:\/\/atecordoba.org\/wp-content\/uploads\/2021\/09\/IMG-20210927-WA0148-1-1140x641.jpg 1140w, https:\/\/atecordoba.org\/wp-content\/uploads\/2021\/09\/IMG-20210927-WA0148-1.jpg 1600w\" sizes=\"auto, (max-width: 1024px) 100vw, 1024px\" \/><\/figure><\/li><li class=\"blocks-gallery-item\"><figure><img loading=\"lazy\" decoding=\"async\" width=\"1024\" height=\"576\" src=\"https:\/\/atecordoba.org\/wp-content\/uploads\/2021\/09\/IMG-20210927-WA0187-1024x576.jpg\" alt=\"\" data-id=\"28327\" data-full-url=\"https:\/\/atecordoba.org\/wp-content\/uploads\/2021\/09\/IMG-20210927-WA0187.jpg\" data-link=\"https:\/\/atecordoba.org\/?attachment_id=28327\" class=\"wp-image-28327\" srcset=\"https:\/\/atecordoba.org\/wp-content\/uploads\/2021\/09\/IMG-20210927-WA0187-1024x576.jpg 1024w, https:\/\/atecordoba.org\/wp-content\/uploads\/2021\/09\/IMG-20210927-WA0187-300x169.jpg 300w, https:\/\/atecordoba.org\/wp-content\/uploads\/2021\/09\/IMG-20210927-WA0187-768x432.jpg 768w, https:\/\/atecordoba.org\/wp-content\/uploads\/2021\/09\/IMG-20210927-WA0187-1536x864.jpg 1536w, https:\/\/atecordoba.org\/wp-content\/uploads\/2021\/09\/IMG-20210927-WA0187-750x422.jpg 750w, https:\/\/atecordoba.org\/wp-content\/uploads\/2021\/09\/IMG-20210927-WA0187-1140x641.jpg 1140w, https:\/\/atecordoba.org\/wp-content\/uploads\/2021\/09\/IMG-20210927-WA0187.jpg 1600w\" sizes=\"auto, (max-width: 1024px) 100vw, 1024px\" \/><\/figure><\/li><li class=\"blocks-gallery-item\"><figure><img loading=\"lazy\" decoding=\"async\" width=\"1024\" height=\"576\" src=\"https:\/\/atecordoba.org\/wp-content\/uploads\/2021\/09\/IMG-20210927-WA0196-1024x576.jpg\" alt=\"\" data-id=\"28328\" data-full-url=\"https:\/\/atecordoba.org\/wp-content\/uploads\/2021\/09\/IMG-20210927-WA0196.jpg\" data-link=\"https:\/\/atecordoba.org\/?attachment_id=28328\" class=\"wp-image-28328\" srcset=\"https:\/\/atecordoba.org\/wp-content\/uploads\/2021\/09\/IMG-20210927-WA0196-1024x576.jpg 1024w, https:\/\/atecordoba.org\/wp-content\/uploads\/2021\/09\/IMG-20210927-WA0196-300x169.jpg 300w, https:\/\/atecordoba.org\/wp-content\/uploads\/2021\/09\/IMG-20210927-WA0196-768x432.jpg 768w, https:\/\/atecordoba.org\/wp-content\/uploads\/2021\/09\/IMG-20210927-WA0196-1536x864.jpg 1536w, https:\/\/atecordoba.org\/wp-content\/uploads\/2021\/09\/IMG-20210927-WA0196-750x422.jpg 750w, https:\/\/atecordoba.org\/wp-content\/uploads\/2021\/09\/IMG-20210927-WA0196-1140x641.jpg 1140w, https:\/\/atecordoba.org\/wp-content\/uploads\/2021\/09\/IMG-20210927-WA0196.jpg 1600w\" sizes=\"auto, (max-width: 1024px) 100vw, 1024px\" \/><\/figure><\/li><li class=\"blocks-gallery-item\"><figure><img loading=\"lazy\" decoding=\"async\" width=\"1024\" height=\"576\" src=\"https:\/\/atecordoba.org\/wp-content\/uploads\/2021\/09\/IMG-20210927-WA0197-1-1024x576.jpg\" alt=\"\" data-id=\"28329\" data-full-url=\"https:\/\/atecordoba.org\/wp-content\/uploads\/2021\/09\/IMG-20210927-WA0197-1.jpg\" data-link=\"https:\/\/atecordoba.org\/?attachment_id=28329\" class=\"wp-image-28329\" srcset=\"https:\/\/atecordoba.org\/wp-content\/uploads\/2021\/09\/IMG-20210927-WA0197-1-1024x576.jpg 1024w, https:\/\/atecordoba.org\/wp-content\/uploads\/2021\/09\/IMG-20210927-WA0197-1-300x169.jpg 300w, https:\/\/atecordoba.org\/wp-content\/uploads\/2021\/09\/IMG-20210927-WA0197-1-768x432.jpg 768w, https:\/\/atecordoba.org\/wp-content\/uploads\/2021\/09\/IMG-20210927-WA0197-1-1536x864.jpg 1536w, https:\/\/atecordoba.org\/wp-content\/uploads\/2021\/09\/IMG-20210927-WA0197-1-750x422.jpg 750w, https:\/\/atecordoba.org\/wp-content\/uploads\/2021\/09\/IMG-20210927-WA0197-1-1140x641.jpg 1140w, https:\/\/atecordoba.org\/wp-content\/uploads\/2021\/09\/IMG-20210927-WA0197-1.jpg 1600w\" sizes=\"auto, (max-width: 1024px) 100vw, 1024px\" \/><\/figure><\/li><li class=\"blocks-gallery-item\"><figure><img loading=\"lazy\" decoding=\"async\" width=\"1024\" height=\"576\" src=\"https:\/\/atecordoba.org\/wp-content\/uploads\/2021\/09\/IMG-20210927-WA0198-1024x576.jpg\" alt=\"\" data-id=\"28330\" data-full-url=\"https:\/\/atecordoba.org\/wp-content\/uploads\/2021\/09\/IMG-20210927-WA0198.jpg\" data-link=\"https:\/\/atecordoba.org\/?attachment_id=28330\" class=\"wp-image-28330\" srcset=\"https:\/\/atecordoba.org\/wp-content\/uploads\/2021\/09\/IMG-20210927-WA0198-1024x576.jpg 1024w, https:\/\/atecordoba.org\/wp-content\/uploads\/2021\/09\/IMG-20210927-WA0198-300x169.jpg 300w, https:\/\/atecordoba.org\/wp-content\/uploads\/2021\/09\/IMG-20210927-WA0198-768x432.jpg 768w, https:\/\/atecordoba.org\/wp-content\/uploads\/2021\/09\/IMG-20210927-WA0198-1536x864.jpg 1536w, https:\/\/atecordoba.org\/wp-content\/uploads\/2021\/09\/IMG-20210927-WA0198-750x422.jpg 750w, https:\/\/atecordoba.org\/wp-content\/uploads\/2021\/09\/IMG-20210927-WA0198-1140x641.jpg 1140w, https:\/\/atecordoba.org\/wp-content\/uploads\/2021\/09\/IMG-20210927-WA0198.jpg 1600w\" sizes=\"auto, (max-width: 1024px) 100vw, 1024px\" \/><\/figure><\/li><li class=\"blocks-gallery-item\"><figure><img loading=\"lazy\" decoding=\"async\" width=\"1024\" height=\"576\" src=\"https:\/\/atecordoba.org\/wp-content\/uploads\/2021\/09\/IMG-20210927-WA0199-1-1024x576.jpg\" alt=\"\" data-id=\"28331\" data-full-url=\"https:\/\/atecordoba.org\/wp-content\/uploads\/2021\/09\/IMG-20210927-WA0199-1.jpg\" data-link=\"https:\/\/atecordoba.org\/?attachment_id=28331\" class=\"wp-image-28331\" srcset=\"https:\/\/atecordoba.org\/wp-content\/uploads\/2021\/09\/IMG-20210927-WA0199-1-1024x576.jpg 1024w, https:\/\/atecordoba.org\/wp-content\/uploads\/2021\/09\/IMG-20210927-WA0199-1-300x169.jpg 300w, https:\/\/atecordoba.org\/wp-content\/uploads\/2021\/09\/IMG-20210927-WA0199-1-768x432.jpg 768w, https:\/\/atecordoba.org\/wp-content\/uploads\/2021\/09\/IMG-20210927-WA0199-1-1536x864.jpg 1536w, https:\/\/atecordoba.org\/wp-content\/uploads\/2021\/09\/IMG-20210927-WA0199-1-750x422.jpg 750w, https:\/\/atecordoba.org\/wp-content\/uploads\/2021\/09\/IMG-20210927-WA0199-1-1140x641.jpg 1140w, https:\/\/atecordoba.org\/wp-content\/uploads\/2021\/09\/IMG-20210927-WA0199-1.jpg 1600w\" sizes=\"auto, (max-width: 1024px) 100vw, 1024px\" \/><\/figure><\/li><li class=\"blocks-gallery-item\"><figure><img loading=\"lazy\" decoding=\"async\" width=\"1024\" height=\"576\" src=\"https:\/\/atecordoba.org\/wp-content\/uploads\/2021\/09\/IMG-20210927-WA0200-1024x576.jpg\" alt=\"\" data-id=\"28332\" data-full-url=\"https:\/\/atecordoba.org\/wp-content\/uploads\/2021\/09\/IMG-20210927-WA0200.jpg\" data-link=\"https:\/\/atecordoba.org\/?attachment_id=28332\" class=\"wp-image-28332\" srcset=\"https:\/\/atecordoba.org\/wp-content\/uploads\/2021\/09\/IMG-20210927-WA0200-1024x576.jpg 1024w, https:\/\/atecordoba.org\/wp-content\/uploads\/2021\/09\/IMG-20210927-WA0200-300x169.jpg 300w, https:\/\/atecordoba.org\/wp-content\/uploads\/2021\/09\/IMG-20210927-WA0200-768x432.jpg 768w, https:\/\/atecordoba.org\/wp-content\/uploads\/2021\/09\/IMG-20210927-WA0200-1536x864.jpg 1536w, https:\/\/atecordoba.org\/wp-content\/uploads\/2021\/09\/IMG-20210927-WA0200-750x422.jpg 750w, https:\/\/atecordoba.org\/wp-content\/uploads\/2021\/09\/IMG-20210927-WA0200-1140x641.jpg 1140w, https:\/\/atecordoba.org\/wp-content\/uploads\/2021\/09\/IMG-20210927-WA0200.jpg 1600w\" sizes=\"auto, (max-width: 1024px) 100vw, 1024px\" \/><\/figure><\/li><li class=\"blocks-gallery-item\"><figure><img loading=\"lazy\" decoding=\"async\" width=\"1024\" height=\"576\" src=\"https:\/\/atecordoba.org\/wp-content\/uploads\/2021\/09\/IMG-20210927-WA0201-1024x576.jpg\" alt=\"\" data-id=\"28333\" data-full-url=\"https:\/\/atecordoba.org\/wp-content\/uploads\/2021\/09\/IMG-20210927-WA0201.jpg\" data-link=\"https:\/\/atecordoba.org\/?attachment_id=28333\" class=\"wp-image-28333\" \/><\/figure><\/li><\/ul><\/figure>\n","protected":false},"excerpt":{"rendered":"<p>En una acto realizado en el auditorio H\u00e9ctor &#8216;la perra\u00b4 Castro de la sede de ATE C\u00f3rdoba, se present\u00f3 el lunes pasado la reciente creaci\u00f3n del Departamento de Cultura del Consejo Directivo Provincial. Para la ocasi\u00f3n, donde participaron dirigentes provinciales y nacionales de ATE, se realiz\u00f3 la presentaci\u00f3n del libro &#8216;Mujeres estatales&#8217;, editado por ATE [&hellip;]<\/p>\n","protected":false},"author":7,"featured_media":28333,"comment_status":"open","ping_status":"open","sticky":false,"template":"","format":"standard","meta":{"_exactmetrics_skip_tracking":false,"_exactmetrics_sitenote_active":false,"_exactmetrics_sitenote_note":"","_exactmetrics_sitenote_category":0,"jnews-multi-image_gallery":[],"jnews_single_post":{"subtitle":"Se trat\u00f3 de un acto cargado de emoci\u00f3n con la participaci\u00f3n de la conducci\u00f3n provincial, dirigentes nacionales y de las seccionales.","format":"standard","video":"","gallery":"","source_name":"","source_url":"","via_name":"","via_url":"","override":[{"template":"1","single_blog_custom":"","parallax":"1","fullscreen":"1","layout":"right-sidebar","sidebar":"default-sidebar","second_sidebar":"default-sidebar","sticky_sidebar":"1","share_position":"top","share_float_style":"share-monocrhome","show_share_counter":"1","show_view_counter":"1","show_featured":"1","show_post_meta":"1","show_post_author":"1","show_post_author_image":"1","show_post_date":"1","post_date_format":"default","post_date_format_custom":"Y\/m\/d","show_post_category":"1","post_reading_time_wpm":"300","zoom_button_out_step":"2","zoom_button_in_step":"3","show_post_tag":"1","show_prev_next_post":"1","show_popup_post":"1","number_popup_post":"1"}],"image_override":[{"single_post_thumbnail_size":"crop-500","single_post_gallery_size":"crop-500"}],"trending_post_position":"meta","trending_post_label":"Trending","sponsored_post_label":"Sponsored by","sponsored_post_name":"","sponsored_post_url":"","sponsored_post_logo":"","sponsored_post_desc":""},"jnews_primary_category":{"id":""},"jnews_social_meta":[],"jnews_review":[],"enable_review":"","type":"","name":"","summary":"","brand":"","sku":"","good":[],"bad":[],"score_override":"","override_value":"","rating":[],"price":[],"jnews_override_counter":[],"jnews_post_split":[],"footnotes":""},"categories":[400],"tags":[932,933],"class_list":["post-28307","post","type-post","status-publish","format-standard","has-post-thumbnail","hentry","category-estamentos","tag-departamento-de-cultura","tag-libro-mujeres-estatales"],"jetpack_featured_media_url":"https:\/\/atecordoba.org\/wp-content\/uploads\/2021\/09\/IMG-20210927-WA0201-e1632925222679.jpg","_links":{"self":[{"href":"https:\/\/atecordoba.org\/index.php?rest_route=\/wp\/v2\/posts\/28307","targetHints":{"allow":["GET"]}}],"collection":[{"href":"https:\/\/atecordoba.org\/index.php?rest_route=\/wp\/v2\/posts"}],"about":[{"href":"https:\/\/atecordoba.org\/index.php?rest_route=\/wp\/v2\/types\/post"}],"author":[{"embeddable":true,"href":"https:\/\/atecordoba.org\/index.php?rest_route=\/wp\/v2\/users\/7"}],"replies":[{"embeddable":true,"href":"https:\/\/atecordoba.org\/index.php?rest_route=%2Fwp%2Fv2%2Fcomments&post=28307"}],"version-history":[{"count":4,"href":"https:\/\/atecordoba.org\/index.php?rest_route=\/wp\/v2\/posts\/28307\/revisions"}],"predecessor-version":[{"id":28352,"href":"https:\/\/atecordoba.org\/index.php?rest_route=\/wp\/v2\/posts\/28307\/revisions\/28352"}],"wp:featuredmedia":[{"embeddable":true,"href":"https:\/\/atecordoba.org\/index.php?rest_route=\/wp\/v2\/media\/28333"}],"wp:attachment":[{"href":"https:\/\/atecordoba.org\/index.php?rest_route=%2Fwp%2Fv2%2Fmedia&parent=28307"}],"wp:term":[{"taxonomy":"category","embeddable":true,"href":"https:\/\/atecordoba.org\/index.php?rest_route=%2Fwp%2Fv2%2Fcategories&post=28307"},{"taxonomy":"post_tag","embeddable":true,"href":"https:\/\/atecordoba.org\/index.php?rest_route=%2Fwp%2Fv2%2Ftags&post=28307"}],"curies":[{"name":"wp","href":"https:\/\/api.w.org\/{rel}","templated":true}]}}