{"id":2829,"date":"2013-06-03T17:03:33","date_gmt":"2013-06-03T20:03:33","guid":{"rendered":"http:\/\/www.atecordoba.org\/?p=2829"},"modified":"2013-06-03T17:03:33","modified_gmt":"2013-06-03T20:03:33","slug":"congresos-ordinario-y-extraordinario-de-ate-nacionalizar-las-luchas","status":"publish","type":"post","link":"https:\/\/atecordoba.org\/?p=2829","title":{"rendered":"Congresos Ordinario y Extraordinario de ATE. Nacionalizar las luchas"},"content":{"rendered":"<p>Con la presencia de 160 de los 178 congresales empadronados, finalizaron el 58\u00ba Congreso Ordinario y el 50\u00ba Congreso Extraordinario de la Asociaci\u00f3n Trabajadores del Estado con la aprobaci\u00f3n de la Memoria y Balance 2012.\u00a0El encuentro, que se llev\u00f3 adelante en la sede del Consejo Directivo Nacional, se denomin\u00f3 Comandante Hugo Ch\u00e1vez, moci\u00f3n aprobada por la totalidad de los presentes.<\/p>\n<p><a href=\"http:\/\/www.atecordoba.org\/wp-content\/uploads\/2013\/06\/congreso-nacional-30-5.jpg\"><img loading=\"lazy\" decoding=\"async\" class=\"aligncenter size-medium wp-image-2830\" title=\"congreso nacional 30-5\" src=\"http:\/\/www.atecordoba.org\/wp-content\/uploads\/2013\/06\/congreso-nacional-30-5-300x199.jpg\" alt=\"\" width=\"300\" height=\"199\" \/><\/a><\/p>\n<p>El\u00a0<strong>50\u00ba Congreso Extraordinario<\/strong>\u00a0en plenario analiz\u00f3 la coyuntura laboral y pol\u00edtica de los trabajadores. Sus resoluciones, votadas en asamblea, delinear\u00e1n los ejes directrices de las acciones del sindicato para los pr\u00f3ximos meses.<\/p>\n<p>&nbsp;<\/p>\n<p>El\u00a0<strong>Congreso Extraordinario<\/strong>\u00a0resolvi\u00f3:<\/p>\n<p>&#8211; Coordinar acciones para confluir, tanto trabajadores nacionales, provinciales como municipales, en\u00a0una jornada nacional de movilizaci\u00f3n para el d\u00eda 27 de junio, D\u00eda del Trabajador del Estado.<\/p>\n<p>&#8211; Impulsar el trabajo para incorporar a nuestra organizaci\u00f3n a la Federaci\u00f3n Nacional Docente y Federaci\u00f3n de Trabajadores Portuarios.<\/p>\n<p>&#8211; Convocar un Encuentro Nacional de Trabajadores Municipales que tenga como eje articulador, sumado a otros reclamos sectoriales y locales, el respeto del salario m\u00ednimo vital y m\u00f3vil. Este encuentro tendr\u00e1 reuniones previas por regi\u00f3n.<\/p>\n<p>&#8211; Convocar un Encuentro Nacional de Trabajadores de la Salud,\u00a0 que tenga como eje articulador, sumado a otros reclamos sectoriales y locales, el respeto del principio constitucional de &#8220;Igual remuneraci\u00f3n por igual tarea&#8221;.<\/p>\n<p>&#8211; Trabajar la propuesta del Centro Nacional de Jubilados y Pensionados para recorrer el pa\u00eds en favor de la lucha del 82% m\u00f3vil. Y tambi\u00e9n para coordinar un encuentro que agrupe a Centro de Jubilados provinciales con trabajadores activos de organismos del sector como el PAMI, ANSES y Cajas Provinciales.<\/p>\n<p>&#8211; Impulsar la lucha de los compa\u00f1eros contratados y precarizados, articulados en el respeto de la\u00a0 estabilidad laboral, con el correspondiente pase a planta permanente.<\/p>\n<p>&#8211; Solidarizarnos con los 5 compa\u00f1eros delegados del Ministerio de Educaci\u00f3n de La Plata e insistir en la lucha por el desprocesamiento de todos los trabajadores con causas judiciales.<\/p>\n<p>&#8211; Solidarizarnos con el pueblo de El Galp\u00f3n, Salta, que luchan contra la instalaci\u00f3n de una empresa que produce\u00a0 explosivos para la miner\u00eda.<\/p>\n<p>&#8211; Solidarizarnos con la lucha que llevan adelante el pueblo Quom.<\/p>\n<p><a href=\"http:\/\/eltrabajadordelestado.org\/template-4\/cdnacional\/item\/2618-siguiendo-el-mandato-dar-pelea-no-arrugar-en-ninguno-de-los-espacios.html\">Informe pol\u00edtico\u00a0del<\/a><strong><a href=\"http:\/\/eltrabajadordelestado.org\/template-4\/cdnacional\/item\/2618-siguiendo-el-mandato-dar-pelea-no-arrugar-en-ninguno-de-los-espacios.html\">\u00a0<\/a><a href=\"http:\/\/eltrabajadordelestado.org\/template-4\/cdnacional\/item\/2618-siguiendo-el-mandato-dar-pelea-no-arrugar-en-ninguno-de-los-espacios.html\">58 Congreso Ordinario<\/a><a href=\"http:\/\/eltrabajadordelestado.org\/template-4\/cdnacional\/item\/2618-siguiendo-el-mandato-dar-pelea-no-arrugar-en-ninguno-de-los-espacios.html\">\u00a0de ATE:<\/a><\/strong><\/p>\n<p>Antes de repasar la Memoria y Balance 2012, el Secretario General de ATE, Julio Fuentes, brind\u00f3 un informe sobre las acciones del sindicato durante el a\u00f1o pasado. En este sentido, se\u00f1al\u00f3 que \u201cuna demanda de los compa\u00f1eros fue la necesidad de tener mayor participaci\u00f3n, por lo que llevamos adelante 9 reuniones de conducci\u00f3n nacional, 2 consejos federales y decenas de plenarios de distintos organismos nacionales y de Estados provinciales\u201d.<\/p>\n<p>Tambi\u00e9n, Fuentes hizo alusi\u00f3n a los distintos relanzamientos que se fueron dando para buscar una mayor integraci\u00f3n nacional: \u201cSe empezaron a dar los cursos de formaci\u00f3n sindical a trav\u00e9s del programa virtual de la escuela Libertario Ferrari, que constituyen una herramienta fundamental para la formaci\u00f3n permanente de delegados\u201d.<\/p>\n<div>\u00a0<a href=\"http:\/\/www.atecordoba.org\/wp-content\/uploads\/2013\/06\/julio-fuentes-congreso-30-5.jpg\"><img loading=\"lazy\" decoding=\"async\" class=\"alignright size-medium wp-image-2832\" title=\"julio fuentes congreso 30-5\" src=\"http:\/\/www.atecordoba.org\/wp-content\/uploads\/2013\/06\/julio-fuentes-congreso-30-5-300x199.jpg\" alt=\"\" width=\"300\" height=\"199\" \/><\/a>Siguiendo con los objetivos que se fueron trazando, Fuentes record\u00f3 que tal como lo pregonaba El trabajador del Estado 70 a\u00f1os atr\u00e1s, empez\u00f3 a distribuirse nuestro peri\u00f3dico sindical al domicilio particular de cada dirigente: \u201cLlega a casi 5.000 direcciones particulares y esperamos completarlo con todos este a\u00f1o. Con esta entrega directa, creemos que se facilitar\u00e1 el camino comunicacional hacia los sectores de trabajo\u201d.<\/div>\n<div>\n<p>En materia gremial, se detall\u00f3 un mapa de las disposiciones salariales y laborales de los compa\u00f1eros de todo el pa\u00eds. El ejemplo paradigm\u00e1tico del \u00faltimo a\u00f1o fueron los trabajadores del \u00e1rea de Salud profesional: \u201cPor 44 horas de trabajo, descubrimos diferencias abismales en casos de 4 a 1 seg\u00fan el distrito. As\u00ed como hay compa\u00f1eras que ganan 8 mil pesos mensuales, otros no llegan a 2 mil. Por eso impulsamos la unidad de acci\u00f3n. En ese sentido, a su vez aunamos criterios con otras organizaciones estatales que no son enemigas sino ideol\u00f3gicamente distintas, y con\u00a0 ellas buscamos esa unidad para reivindicar el rol de los trabajadores estatales\u201d.<\/p>\n<p>Fuentes asent\u00f3 al final de su informe las inversiones que se materializaron. Dijo que se llevan invertidos m\u00e1s de 3 millones de pesos en la construcci\u00f3n del nuevo hotel en Capital Federal, lo que permitir\u00e1 descomprimir a futuro al hotel que est\u00e1 emplazado en San Telmo y que hoy desborda su capacidad. Indic\u00f3 a su vez, que \u201cya el 51% de seccionales y delegaciones cuenta con veh\u00edculo propio y esperamos completar el 100% en todas los lugares a lo largo de este a\u00f1o\u201d.<\/p>\n<p>Minutos antes de ver en im\u00e1genes la Memoria 2012, Fuentes finaliz\u00f3: \u201cEsperamos que al final de nuestros mandato hayamos logrado que exista un ATE m\u00e1s igualitario y m\u00e1s justo que pueda resolver la problem\u00e1tica del conjunto\u201d.<\/p>\n<\/div>\n","protected":false},"excerpt":{"rendered":"<p>Con la presencia de 160 de los 178 congresales empadronados, finalizaron el 58\u00ba Congreso Ordinario y el 50\u00ba Congreso Extraordinario de la Asociaci\u00f3n Trabajadores del Estado con la aprobaci\u00f3n de la Memoria y Balance 2012.\u00a0El encuentro, que se llev\u00f3 adelante en la sede del Consejo Directivo Nacional, se denomin\u00f3 Comandante Hugo Ch\u00e1vez, moci\u00f3n aprobada por [&hellip;]<\/p>\n","protected":false},"author":1,"featured_media":19220,"comment_status":"open","ping_status":"open","sticky":false,"template":"","format":"standard","meta":{"_exactmetrics_skip_tracking":false,"_exactmetrics_sitenote_active":false,"_exactmetrics_sitenote_note":"","_exactmetrics_sitenote_category":0,"jnews-multi-image_gallery":[],"jnews_single_post":[],"jnews_primary_category":[],"jnews_social_meta":[],"jnews_review":[],"enable_review":"","type":"","name":"","summary":"","brand":"","sku":"","good":[],"bad":[],"score_override":"","override_value":"","rating":[],"price":[],"jnews_override_counter":[],"jnews_post_split":[],"footnotes":""},"categories":[18],"tags":[],"class_list":["post-2829","post","type-post","status-publish","format-standard","has-post-thumbnail","hentry","category-nacionales"],"jetpack_featured_media_url":"https:\/\/atecordoba.org\/wp-content\/uploads\/2020\/05\/logo-nuevochico-e1561581322808.png","_links":{"self":[{"href":"https:\/\/atecordoba.org\/index.php?rest_route=\/wp\/v2\/posts\/2829","targetHints":{"allow":["GET"]}}],"collection":[{"href":"https:\/\/atecordoba.org\/index.php?rest_route=\/wp\/v2\/posts"}],"about":[{"href":"https:\/\/atecordoba.org\/index.php?rest_route=\/wp\/v2\/types\/post"}],"author":[{"embeddable":true,"href":"https:\/\/atecordoba.org\/index.php?rest_route=\/wp\/v2\/users\/1"}],"replies":[{"embeddable":true,"href":"https:\/\/atecordoba.org\/index.php?rest_route=%2Fwp%2Fv2%2Fcomments&post=2829"}],"version-history":[{"count":0,"href":"https:\/\/atecordoba.org\/index.php?rest_route=\/wp\/v2\/posts\/2829\/revisions"}],"wp:featuredmedia":[{"embeddable":true,"href":"https:\/\/atecordoba.org\/index.php?rest_route=\/wp\/v2\/media\/19220"}],"wp:attachment":[{"href":"https:\/\/atecordoba.org\/index.php?rest_route=%2Fwp%2Fv2%2Fmedia&parent=2829"}],"wp:term":[{"taxonomy":"category","embeddable":true,"href":"https:\/\/atecordoba.org\/index.php?rest_route=%2Fwp%2Fv2%2Fcategories&post=2829"},{"taxonomy":"post_tag","embeddable":true,"href":"https:\/\/atecordoba.org\/index.php?rest_route=%2Fwp%2Fv2%2Ftags&post=2829"}],"curies":[{"name":"wp","href":"https:\/\/api.w.org\/{rel}","templated":true}]}}