{"id":28280,"date":"2021-09-28T17:41:02","date_gmt":"2021-09-28T20:41:02","guid":{"rendered":"https:\/\/atecordoba.org\/?p=28280"},"modified":"2021-09-28T17:41:48","modified_gmt":"2021-09-28T20:41:48","slug":"con-la-presentacion-del-libro-mujeres-estatales-quedo-constituido-el-departamento-de-culturas-de-ate-cordoba","status":"publish","type":"post","link":"https:\/\/atecordoba.org\/?p=28280","title":{"rendered":"Con la presentaci\u00f3n del libro &#8220;Mujeres Estatales&#8221;, qued\u00f3 constituido el Departamento de Culturas de ATE C\u00f3rdoba"},"content":{"rendered":"\n<figure class=\"wp-block-gallery columns-3 is-cropped wp-block-gallery-1 is-layout-flex wp-block-gallery-is-layout-flex\"><ul class=\"blocks-gallery-grid\"><li class=\"blocks-gallery-item\"><figure><a href=\"https:\/\/atecordoba.org\/wp-content\/uploads\/2021\/09\/28_09_Presentacion_libro_mujeres_culturas_4.jpg\"><img loading=\"lazy\" decoding=\"async\" width=\"1024\" height=\"576\" src=\"https:\/\/atecordoba.org\/wp-content\/uploads\/2021\/09\/28_09_Presentacion_libro_mujeres_culturas_4-1024x576.jpg\" alt=\"\" data-id=\"28282\" data-full-url=\"https:\/\/atecordoba.org\/wp-content\/uploads\/2021\/09\/28_09_Presentacion_libro_mujeres_culturas_4.jpg\" data-link=\"https:\/\/atecordoba.org\/?attachment_id=28282\" class=\"wp-image-28282\" srcset=\"https:\/\/atecordoba.org\/wp-content\/uploads\/2021\/09\/28_09_Presentacion_libro_mujeres_culturas_4-1024x576.jpg 1024w, https:\/\/atecordoba.org\/wp-content\/uploads\/2021\/09\/28_09_Presentacion_libro_mujeres_culturas_4-300x169.jpg 300w, https:\/\/atecordoba.org\/wp-content\/uploads\/2021\/09\/28_09_Presentacion_libro_mujeres_culturas_4-768x432.jpg 768w, https:\/\/atecordoba.org\/wp-content\/uploads\/2021\/09\/28_09_Presentacion_libro_mujeres_culturas_4-1536x864.jpg 1536w, https:\/\/atecordoba.org\/wp-content\/uploads\/2021\/09\/28_09_Presentacion_libro_mujeres_culturas_4-750x422.jpg 750w, https:\/\/atecordoba.org\/wp-content\/uploads\/2021\/09\/28_09_Presentacion_libro_mujeres_culturas_4-1140x641.jpg 1140w, https:\/\/atecordoba.org\/wp-content\/uploads\/2021\/09\/28_09_Presentacion_libro_mujeres_culturas_4.jpg 1600w\" sizes=\"auto, (max-width: 1024px) 100vw, 1024px\" \/><\/a><\/figure><\/li><li class=\"blocks-gallery-item\"><figure><a href=\"https:\/\/atecordoba.org\/wp-content\/uploads\/2021\/09\/28_09_Presentacion_libro_mujeres_culturas_6.jpg\"><img loading=\"lazy\" decoding=\"async\" width=\"1024\" height=\"576\" src=\"https:\/\/atecordoba.org\/wp-content\/uploads\/2021\/09\/28_09_Presentacion_libro_mujeres_culturas_6-1024x576.jpg\" alt=\"\" data-id=\"28284\" data-full-url=\"https:\/\/atecordoba.org\/wp-content\/uploads\/2021\/09\/28_09_Presentacion_libro_mujeres_culturas_6.jpg\" data-link=\"https:\/\/atecordoba.org\/?attachment_id=28284\" class=\"wp-image-28284\" srcset=\"https:\/\/atecordoba.org\/wp-content\/uploads\/2021\/09\/28_09_Presentacion_libro_mujeres_culturas_6-1024x576.jpg 1024w, https:\/\/atecordoba.org\/wp-content\/uploads\/2021\/09\/28_09_Presentacion_libro_mujeres_culturas_6-300x169.jpg 300w, https:\/\/atecordoba.org\/wp-content\/uploads\/2021\/09\/28_09_Presentacion_libro_mujeres_culturas_6-768x432.jpg 768w, https:\/\/atecordoba.org\/wp-content\/uploads\/2021\/09\/28_09_Presentacion_libro_mujeres_culturas_6-1536x864.jpg 1536w, https:\/\/atecordoba.org\/wp-content\/uploads\/2021\/09\/28_09_Presentacion_libro_mujeres_culturas_6-750x422.jpg 750w, https:\/\/atecordoba.org\/wp-content\/uploads\/2021\/09\/28_09_Presentacion_libro_mujeres_culturas_6-1140x641.jpg 1140w, https:\/\/atecordoba.org\/wp-content\/uploads\/2021\/09\/28_09_Presentacion_libro_mujeres_culturas_6.jpg 1600w\" sizes=\"auto, (max-width: 1024px) 100vw, 1024px\" \/><\/a><\/figure><\/li><li class=\"blocks-gallery-item\"><figure><a href=\"https:\/\/atecordoba.org\/wp-content\/uploads\/2021\/09\/28_09_Presentacion_libro_mujeres_culturas_7.jpg\"><img loading=\"lazy\" decoding=\"async\" width=\"1024\" height=\"576\" src=\"https:\/\/atecordoba.org\/wp-content\/uploads\/2021\/09\/28_09_Presentacion_libro_mujeres_culturas_7-1024x576.jpg\" alt=\"\" data-id=\"28285\" data-full-url=\"https:\/\/atecordoba.org\/wp-content\/uploads\/2021\/09\/28_09_Presentacion_libro_mujeres_culturas_7.jpg\" data-link=\"https:\/\/atecordoba.org\/?attachment_id=28285\" class=\"wp-image-28285\" srcset=\"https:\/\/atecordoba.org\/wp-content\/uploads\/2021\/09\/28_09_Presentacion_libro_mujeres_culturas_7-1024x576.jpg 1024w, https:\/\/atecordoba.org\/wp-content\/uploads\/2021\/09\/28_09_Presentacion_libro_mujeres_culturas_7-300x169.jpg 300w, https:\/\/atecordoba.org\/wp-content\/uploads\/2021\/09\/28_09_Presentacion_libro_mujeres_culturas_7-768x432.jpg 768w, https:\/\/atecordoba.org\/wp-content\/uploads\/2021\/09\/28_09_Presentacion_libro_mujeres_culturas_7-1536x864.jpg 1536w, https:\/\/atecordoba.org\/wp-content\/uploads\/2021\/09\/28_09_Presentacion_libro_mujeres_culturas_7-750x422.jpg 750w, https:\/\/atecordoba.org\/wp-content\/uploads\/2021\/09\/28_09_Presentacion_libro_mujeres_culturas_7-1140x641.jpg 1140w, https:\/\/atecordoba.org\/wp-content\/uploads\/2021\/09\/28_09_Presentacion_libro_mujeres_culturas_7.jpg 1600w\" sizes=\"auto, (max-width: 1024px) 100vw, 1024px\" \/><\/a><\/figure><\/li><li class=\"blocks-gallery-item\"><figure><a href=\"https:\/\/atecordoba.org\/wp-content\/uploads\/2021\/09\/28_09_Presentacion_libro_mujeres_culturas_9.jpg\"><img loading=\"lazy\" decoding=\"async\" width=\"1024\" height=\"576\" src=\"https:\/\/atecordoba.org\/wp-content\/uploads\/2021\/09\/28_09_Presentacion_libro_mujeres_culturas_9-1024x576.jpg\" alt=\"\" data-id=\"28286\" data-full-url=\"https:\/\/atecordoba.org\/wp-content\/uploads\/2021\/09\/28_09_Presentacion_libro_mujeres_culturas_9.jpg\" data-link=\"https:\/\/atecordoba.org\/?attachment_id=28286\" class=\"wp-image-28286\" srcset=\"https:\/\/atecordoba.org\/wp-content\/uploads\/2021\/09\/28_09_Presentacion_libro_mujeres_culturas_9-1024x576.jpg 1024w, https:\/\/atecordoba.org\/wp-content\/uploads\/2021\/09\/28_09_Presentacion_libro_mujeres_culturas_9-300x169.jpg 300w, https:\/\/atecordoba.org\/wp-content\/uploads\/2021\/09\/28_09_Presentacion_libro_mujeres_culturas_9-768x432.jpg 768w, https:\/\/atecordoba.org\/wp-content\/uploads\/2021\/09\/28_09_Presentacion_libro_mujeres_culturas_9-1536x864.jpg 1536w, https:\/\/atecordoba.org\/wp-content\/uploads\/2021\/09\/28_09_Presentacion_libro_mujeres_culturas_9-750x422.jpg 750w, https:\/\/atecordoba.org\/wp-content\/uploads\/2021\/09\/28_09_Presentacion_libro_mujeres_culturas_9-1140x641.jpg 1140w, https:\/\/atecordoba.org\/wp-content\/uploads\/2021\/09\/28_09_Presentacion_libro_mujeres_culturas_9.jpg 1600w\" sizes=\"auto, (max-width: 1024px) 100vw, 1024px\" \/><\/a><\/figure><\/li><li class=\"blocks-gallery-item\"><figure><a href=\"https:\/\/atecordoba.org\/wp-content\/uploads\/2021\/09\/28_09_Presentacion_libro_mujeres_culturas.jpg\"><img loading=\"lazy\" decoding=\"async\" width=\"1024\" height=\"576\" src=\"https:\/\/atecordoba.org\/wp-content\/uploads\/2021\/09\/28_09_Presentacion_libro_mujeres_culturas-1024x576.jpg\" alt=\"\" data-id=\"28287\" data-full-url=\"https:\/\/atecordoba.org\/wp-content\/uploads\/2021\/09\/28_09_Presentacion_libro_mujeres_culturas.jpg\" data-link=\"https:\/\/atecordoba.org\/?attachment_id=28287\" class=\"wp-image-28287\" srcset=\"https:\/\/atecordoba.org\/wp-content\/uploads\/2021\/09\/28_09_Presentacion_libro_mujeres_culturas-1024x576.jpg 1024w, https:\/\/atecordoba.org\/wp-content\/uploads\/2021\/09\/28_09_Presentacion_libro_mujeres_culturas-300x169.jpg 300w, https:\/\/atecordoba.org\/wp-content\/uploads\/2021\/09\/28_09_Presentacion_libro_mujeres_culturas-768x432.jpg 768w, https:\/\/atecordoba.org\/wp-content\/uploads\/2021\/09\/28_09_Presentacion_libro_mujeres_culturas-1536x864.jpg 1536w, https:\/\/atecordoba.org\/wp-content\/uploads\/2021\/09\/28_09_Presentacion_libro_mujeres_culturas-750x422.jpg 750w, https:\/\/atecordoba.org\/wp-content\/uploads\/2021\/09\/28_09_Presentacion_libro_mujeres_culturas-1140x641.jpg 1140w, https:\/\/atecordoba.org\/wp-content\/uploads\/2021\/09\/28_09_Presentacion_libro_mujeres_culturas.jpg 1600w\" sizes=\"auto, (max-width: 1024px) 100vw, 1024px\" \/><\/a><\/figure><\/li><li class=\"blocks-gallery-item\"><figure><a href=\"https:\/\/atecordoba.org\/wp-content\/uploads\/2021\/09\/28_09_Presentacion_libro_mujeres_culturas_3.jpg\"><img loading=\"lazy\" decoding=\"async\" width=\"728\" height=\"410\" src=\"https:\/\/atecordoba.org\/wp-content\/uploads\/2021\/09\/28_09_Presentacion_libro_mujeres_culturas_3.jpg\" alt=\"\" data-id=\"28288\" data-full-url=\"https:\/\/atecordoba.org\/wp-content\/uploads\/2021\/09\/28_09_Presentacion_libro_mujeres_culturas_3.jpg\" data-link=\"https:\/\/atecordoba.org\/?attachment_id=28288\" class=\"wp-image-28288\" srcset=\"https:\/\/atecordoba.org\/wp-content\/uploads\/2021\/09\/28_09_Presentacion_libro_mujeres_culturas_3.jpg 728w, https:\/\/atecordoba.org\/wp-content\/uploads\/2021\/09\/28_09_Presentacion_libro_mujeres_culturas_3-300x169.jpg 300w\" sizes=\"auto, (max-width: 728px) 100vw, 728px\" \/><\/a><\/figure><\/li><\/ul><\/figure>\n\n\n\n<p>Desde el 2020 hasta la fecha, el Consejo Directivo Provincial (CDP) ha tenido a la recuperaci\u00f3n permanente de la memoria hist\u00f3rica de ATE C\u00f3rdoba y a la atenci\u00f3n sobre el trabajo de la cultura como pol\u00edticas institucionales permanentes. El rescate de la figura del ex secretario general de ATE durante la dictadura, H\u00e9ctor &#8220;la Perra&#8221; Castro es uno de los ejemplos m\u00e1s notorios: con su nombre ha sido nombrado el sal\u00f3n de actos del CDP y en su homenaje fue realizada la <a href=\"https:\/\/atecordoba.org\/?p=23442\" data-type=\"post\" data-id=\"23442\">obra de teatro &#8220;H\u00e9ctor &#8220;La Perra&#8221; Castro, el olvidado&#8221;<\/a>. Adem\u00e1s, la reivindicaci\u00f3n de las y los afiliados que fueron presas\/os y desaparecidas\/os en la \u00faltima dictadura militar ha sido motivo de actividades como las del <a href=\"https:\/\/atecordoba.org\/?p=21325\" data-type=\"post\" data-id=\"21325\">Encuentro de Derechos Humanos de agosto del 2020<\/a>, la realizada el <a rel=\"noreferrer noopener\" href=\"https:\/\/atecordoba.org\/?p=23386\" target=\"_blank\">d\u00eda de los derechos humanos el 10 de diciembre pasado<\/a> o la \u00faltima realizada en <a href=\"https:\/\/atecordoba.org\/?p=28003\" data-type=\"post\" data-id=\"28003\">Colonia Santa Mar\u00eda de Punilla en homenaje a los 45 a\u00f1os de la voladura de la sede sindical de ATE y el secuestro de la seccional por la dictadura<\/a>, sin contar la permanente participaci\u00f3n en espacios intersectoriales de memoria y derechos humanos, as\u00ed como en tantas otras iniciativas propias y de otras organizaciones de las cuales el sindicato ha sido parte. En todos estos espacios, las expresiones art\u00edstico-culturales han tenido una atenci\u00f3n y cuidado permanente por parte de ATE. Por ello, la ocasi\u00f3n de la presentaci\u00f3n del libro &#8220;Mujeres Estatales&#8221;, ha sido m\u00e1s que propicia para el lanzamiento del Departamento de Culturas de ATE C\u00f3rdoba.<\/p>\n\n\n\n<p>La <strong>presentaci\u00f3n del libro<\/strong> estuvo a cargo de la Secretaria de Organizaci\u00f3n de ATE Nacional, Mercedes Cabezas, quien junto a Daniel Parcero (historiador de ATE Nacional)  y Mirta Matheos (Directora del Departamento de Cultura del CDN), encabezaron la lista de referentes nacionales presentes en la actividad. Por su parte, el sindicato provincial estuvo representado por Federico Giuliani, Secretario General de ATE C\u00f3rdoba, y la nueva y el nuevo director\/a del Departamento de Culturas, Hugo &#8220;P\u00e1jaro&#8221; Galaburri y Julia Giuliani (referente de ATE Traslasierra y Secretaria de Prensa del CDP, respectivamente).<\/p>\n\n\n\n<p>El Secretario General de ATE C\u00f3rdoba fue el encargado de leer la <strong>resoluci\u00f3n mediante la cual se crea el Departamento de Culturas del CDP<\/strong>, bajo la \u00f3rbita de la Secretar\u00eda General: &#8220;Con el objetivo de que ATE no solo sea un \u00e1mbito para la organizaci\u00f3n y la lucha reivindicativa, un lugar de reuni\u00f3n y discusi\u00f3n pol\u00edtica, de asambleas y plenarios, sino tambi\u00e9n un espacio donde el teatro, la fotograf\u00eda, se encuentren el entretenimiento, la m\u00fasica, la literatura, el cine, la pintura, la danza y las distintas expresiones de la cultura nacional y popular (y de que&#8230;) en tal sentido, se aspira a que los\/as afilladas\/os propicien propuestas culturales para, y gestadas por, las y los trabajadores (entendiendo que&#8230;) nosotras y nosotros como clase, tambi\u00e9n somos generadores de cultura (&#8230;) el Consejo Directivo Provincial de ATE C\u00f3rdoba resuelve: disponer la creaci\u00f3n del Departamento de Culturas del Consejo Directivo Provincial de ATE C\u00f3rdoba&#8221;.<\/p>\n\n\n\n<p><strong>Presentaci\u00f3n del libro, \u00a1en vivo!<\/strong><br>La instancia fue seguida por decenas de compa\u00f1eras y compa\u00f1eros de todo el pa\u00eds, as\u00ed como por unas 40 personas de manera presencial en el sal\u00f3n &#8220;H\u00e9ctor &#8220;La Perra&#8221; Castro&#8221; del CDP. En el siguiente link, puede ver la<a href=\"https:\/\/www.facebook.com\/atecba\/videos\/382760546751559\/\" target=\"_blank\" rel=\"noreferrer noopener\"> transmisi\u00f3n de la presentaci\u00f3n de manera completa<\/a>.<\/p>\n","protected":false},"excerpt":{"rendered":"<p>Desde el 2020 hasta la fecha, el Consejo Directivo Provincial (CDP) ha tenido a la recuperaci\u00f3n permanente de la memoria hist\u00f3rica de ATE C\u00f3rdoba y a la atenci\u00f3n sobre el trabajo de la cultura como pol\u00edticas institucionales permanentes. El rescate de la figura del ex secretario general de ATE durante la dictadura, H\u00e9ctor &#8220;la Perra&#8221; [&hellip;]<\/p>\n","protected":false},"author":6,"featured_media":28282,"comment_status":"open","ping_status":"open","sticky":false,"template":"","format":"standard","meta":{"_exactmetrics_skip_tracking":false,"_exactmetrics_sitenote_active":false,"_exactmetrics_sitenote_note":"","_exactmetrics_sitenote_category":0,"jnews-multi-image_gallery":[],"jnews_single_post":{"subtitle":"La actividad fue realizada de manera presencial en el Consejo Directivo Provincial de ATE C\u00f3rdoba y retransmitida mediante una sala de teleconferencias en la cual participaron compa\u00f1eras\/os de distintos puntos del pa\u00eds. En el sal\u00f3n de ATE C\u00f3rdoba se hicieron presentes referentes provinciales y nacionales: Mercedes Cabezas y Mirta Matheos (Secretaria de Organizaci\u00f3n y Directora del Dpto de Cultura de ATE Nacional, respectivamente) y Federico y Julia Giuliani (Secretario General y de Prensa del CDP de ATE C\u00f3rdoba, respectivamente).","format":"standard","video":"","gallery":"","source_name":"","source_url":"","via_name":"","via_url":"","override":[{"template":"1","single_blog_custom":"","parallax":"1","fullscreen":"1","layout":"right-sidebar","sidebar":"default-sidebar","second_sidebar":"default-sidebar","sticky_sidebar":"1","share_position":"top","share_float_style":"share-monocrhome","show_share_counter":"1","show_view_counter":"1","show_featured":"1","show_post_meta":"1","show_post_author":"1","show_post_author_image":"1","show_post_date":"1","post_date_format":"default","post_date_format_custom":"Y\/m\/d","show_post_category":"1","post_reading_time_wpm":"300","zoom_button_out_step":"2","zoom_button_in_step":"3","show_post_tag":"1","show_prev_next_post":"1","show_popup_post":"1","number_popup_post":"1"}],"image_override":[{"single_post_thumbnail_size":"crop-500","single_post_gallery_size":"crop-500"}],"trending_post_position":"meta","trending_post_label":"Trending","sponsored_post_label":"Sponsored by","sponsored_post_name":"","sponsored_post_url":"","sponsored_post_logo":"","sponsored_post_desc":""},"jnews_primary_category":{"id":""},"jnews_social_meta":[],"jnews_review":[],"enable_review":"","type":"","name":"","summary":"","brand":"","sku":"","good":[],"bad":[],"score_override":"","override_value":"","rating":[],"price":[],"jnews_override_counter":[],"jnews_post_split":[],"footnotes":""},"categories":[756,341,325],"tags":[],"class_list":["post-28280","post","type-post","status-publish","format-standard","has-post-thumbnail","hentry","category-consejo-directivo-nacional-cdn","category-cdp","category-generos-y-diversidades"],"jetpack_featured_media_url":"https:\/\/atecordoba.org\/wp-content\/uploads\/2021\/09\/28_09_Presentacion_libro_mujeres_culturas_4.jpg","_links":{"self":[{"href":"https:\/\/atecordoba.org\/index.php?rest_route=\/wp\/v2\/posts\/28280","targetHints":{"allow":["GET"]}}],"collection":[{"href":"https:\/\/atecordoba.org\/index.php?rest_route=\/wp\/v2\/posts"}],"about":[{"href":"https:\/\/atecordoba.org\/index.php?rest_route=\/wp\/v2\/types\/post"}],"author":[{"embeddable":true,"href":"https:\/\/atecordoba.org\/index.php?rest_route=\/wp\/v2\/users\/6"}],"replies":[{"embeddable":true,"href":"https:\/\/atecordoba.org\/index.php?rest_route=%2Fwp%2Fv2%2Fcomments&post=28280"}],"version-history":[{"count":3,"href":"https:\/\/atecordoba.org\/index.php?rest_route=\/wp\/v2\/posts\/28280\/revisions"}],"predecessor-version":[{"id":28290,"href":"https:\/\/atecordoba.org\/index.php?rest_route=\/wp\/v2\/posts\/28280\/revisions\/28290"}],"wp:featuredmedia":[{"embeddable":true,"href":"https:\/\/atecordoba.org\/index.php?rest_route=\/wp\/v2\/media\/28282"}],"wp:attachment":[{"href":"https:\/\/atecordoba.org\/index.php?rest_route=%2Fwp%2Fv2%2Fmedia&parent=28280"}],"wp:term":[{"taxonomy":"category","embeddable":true,"href":"https:\/\/atecordoba.org\/index.php?rest_route=%2Fwp%2Fv2%2Fcategories&post=28280"},{"taxonomy":"post_tag","embeddable":true,"href":"https:\/\/atecordoba.org\/index.php?rest_route=%2Fwp%2Fv2%2Ftags&post=28280"}],"curies":[{"name":"wp","href":"https:\/\/api.w.org\/{rel}","templated":true}]}}