{"id":28258,"date":"2021-09-27T12:31:25","date_gmt":"2021-09-27T15:31:25","guid":{"rendered":"https:\/\/atecordoba.org\/?p=28258"},"modified":"2021-09-27T13:13:24","modified_gmt":"2021-09-27T16:13:24","slug":"logro-en-ffmm-villa-maria-ya-se-reincorporaron-todos-los-despedidos-del-macrismo-en-la-planta-de-polvora-y-explosivos","status":"publish","type":"post","link":"https:\/\/atecordoba.org\/?p=28258","title":{"rendered":"Logro en FFMM: ya se reincorporaron todos los despedidos del macrismo en la planta de p\u00f3lvora y explosivos de Villa Mar\u00eda"},"content":{"rendered":"\n<div class=\"wp-block-image\"><figure class=\"aligncenter size-large\"><img decoding=\"async\" src=\"https:\/\/atecordoba.org\/wp-content\/uploads\/2021\/09\/ATE-Villa-Maria.jpg\" alt=\"\" class=\"wp-image-28259\" \/><\/figure><\/div>\n\n\n\n<p><sup>(fuente El Diario, Villa Mar\u00eda)<\/sup><\/p>\n\n\n\n<p>El secretario General de ATE Villa Mar\u00eda, Fernando Mercado, inform\u00f3 que la F\u00e1brica Militar est\u00e1 retomando su ritmo producci\u00f3n, lo que represent\u00f3 la reincorporaci\u00f3n de las y los trabajadores despedidos, as\u00ed como de otros nuevos empleados.<\/p>\n\n\n\n<p>El dirigente asegur\u00f3 que \u201cm\u00e1s de medio centenar de trabajadores recuperaron su empleo\u201d. Se refiere al grupo que fue despedido en 2017. En ese a\u00f1o, en dos oportunidades, echaron de la F\u00e1brica en total a 78 dependientes.<\/p>\n\n\n\n<p>Se refiri\u00f3 al proceso de recuperaci\u00f3n de las fuentes de empleo que comenz\u00f3 con la creaci\u00f3n de una cooperativa que era contratada para realizar tareas de mantenimiento en el Polvor\u00edn. \u201cHoy la cooperativa no est\u00e1 en funcionamiento porque todos sus integrantes volvieron a la F\u00e1brica como contratados\u201d.<\/p>\n\n\n\n<p>Los que no fueron reincorporados \u201cfue porque tomaron otros rumbos laborales\u201d, precis\u00f3 Mercado. \u201cNo me voy a olvidar nunca del 15 de diciembre de 2017, cuando nos toc\u00f3 leer la primera lista -de despedidos- en el sindicato y la segunda en la puerta de la F\u00e1brica, porque nadie daba la cara. Entre llantos de los compa\u00f1eros que hab\u00edan perdido el trabajo, me jur\u00e9 en nombre m\u00edo y de la comisi\u00f3n, trabajar incansablemente para que cada compa\u00f1ero volviera a su empleo. Muchos pensaban que era una utop\u00eda, porque no hay antecedentes en el mundo de que todos los trabajadores despedidos volvieran. Otros pens\u00e1bamos que hac\u00edamos pol\u00edtica\u201d, remarc\u00f3.<\/p>\n\n\n\n<p>Desde el Frente Sindical, que integra ATE junto a otros gremios, felicitaron por la reincorporaci\u00f3n de los trabajadores. \u201cComo sostenemos siempre, la F\u00e1brica Militar fue, es y ser\u00e1 el motor de desarrollo de ambas Villas\u201d, dijo Mercado.<\/p>\n\n\n\n<p>El compa\u00f1ero &nbsp;nos relata &nbsp;que \u201cel objetivo desde diciembre de 2015, con los distintos directores a cargo, era cerrar la f\u00e1brica\u201d. Fu\u00e9 muy dura la situaci\u00f3n desde el comienzo, ya que la lista fue le\u00edda \u201cpor los propios compa\u00f1eros por que nadie daba la cara\u201d.&nbsp;<\/p>\n\n\n\n<div class=\"wp-block-image\"><figure class=\"alignright size-large is-resized\"><img loading=\"lazy\" decoding=\"async\" src=\"https:\/\/atecordoba.org\/wp-content\/uploads\/2021\/09\/fernando-mercado-ate.jpg\" alt=\"\" class=\"wp-image-28276\" width=\"716\" height=\"403\" srcset=\"https:\/\/atecordoba.org\/wp-content\/uploads\/2021\/09\/fernando-mercado-ate.jpg 533w, https:\/\/atecordoba.org\/wp-content\/uploads\/2021\/09\/fernando-mercado-ate-300x169.jpg 300w\" sizes=\"auto, (max-width: 716px) 100vw, 716px\" \/><figcaption>Fernando Mercado, secretario General de ATE Villa Mar\u00eda.<\/figcaption><\/figure><\/div>\n\n\n\n<p>\u201cEntre llantos de los compa\u00f1eros que hab\u00edan perdido el trabajo y sus compa\u00f1eros\u201d se comprometieron \u201cen nombre de la comisi\u00f3n y los cuerpos org\u00e1nicos trabajar incansablemente para que cada compa\u00f1ero volviera a su trabajo\u201d, cuesti\u00f3n que se concret\u00f3 durante la semana pasada con el anuncio, coment\u00f3 Mercado.<\/p>\n\n\n\n<p>Nuestro \u00a0secretario General tambi\u00e9n coment\u00f3 que \u201ctodos aquellos compa\u00f1eros que fueron despedidos pudieron recuperar su trabajo, salvo los que se desempe\u00f1aban como personal jer\u00e1rquico o cuestiones personales adoptaron otro rumbo negando su reincorporaci\u00f3n\u201d.<\/p>\n\n\n\n<p><strong>Reconocimiento<\/strong><\/p>\n\n\n\n<p>&nbsp;\u201cMi mayor reconocimiento y respeto es a los compa\u00f1eros y delegados que se encontraron en la calle y, fundamentalmente, a las compa\u00f1eras de Mujeres en Defensa de Fabricaciones Militares que golpearon cada una de las puertas para revertir la situaci\u00f3n.<\/p>\n\n\n\n<p>Tambi\u00e9n a los compa\u00f1eros de ATE Villa Mar\u00eda, organizaciones sociales y otros sindicatos que nos han acompa\u00f1ado en este \u00faltimo tiempo y con los cuales venimos trabajando desde hace varios a\u00f1os, en especial a los sindicatos de Luz y Fuerza, Camioneros, APUVIM y UTEDYC\u201d, continu\u00f3.\u00a0<br><br>Un dato a destacar es que \u201cjunto a los reincorporados, 17 trabajadores m\u00e1s se sumaron al esquema de trabajo de Fabricaciones Militares\u201d. Sumado a que \u201cla cooperativa ya no existe m\u00e1s dentro de la f\u00e1brica, todos los compa\u00f1eros son contratados, incluso los que van a ingresar nuevos van a estar contratados de forma directa\u201d.<\/p>\n\n\n\n<p>\u201cEl gobierno de Macri fue uno de los m\u00e1s destructivos para la clase trabajadora, y nos toc\u00f3 transitar ese camino con mucha valent\u00eda y sacrificio, llegando hasta el d\u00eda de hoy con esta inmensa alegr\u00eda que nos genera haber recuperado el trabajo a los compa\u00f1eros\u201d, sentenci\u00f3.<\/p>\n","protected":false},"excerpt":{"rendered":"<p>(fuente El Diario, Villa Mar\u00eda) El secretario General de ATE Villa Mar\u00eda, Fernando Mercado, inform\u00f3 que la F\u00e1brica Militar est\u00e1 retomando su ritmo producci\u00f3n, lo que represent\u00f3 la reincorporaci\u00f3n de las y los trabajadores despedidos, as\u00ed como de otros nuevos empleados. El dirigente asegur\u00f3 que \u201cm\u00e1s de medio centenar de trabajadores recuperaron su empleo\u201d. Se [&hellip;]<\/p>\n","protected":false},"author":7,"featured_media":28259,"comment_status":"open","ping_status":"open","sticky":false,"template":"","format":"standard","meta":{"_exactmetrics_skip_tracking":false,"_exactmetrics_sitenote_active":false,"_exactmetrics_sitenote_note":"","_exactmetrics_sitenote_category":0,"jnews-multi-image_gallery":[],"jnews_single_post":{"subtitle":"M\u00e1s de medio centenar de trabajadores recuperaron su empleo.","format":"standard","video":"","gallery":"","source_name":"","source_url":"","via_name":"","via_url":"","override":[{"template":"1","single_blog_custom":"","parallax":"1","fullscreen":"1","layout":"right-sidebar","sidebar":"default-sidebar","second_sidebar":"default-sidebar","sticky_sidebar":"1","share_position":"top","share_float_style":"share-monocrhome","show_share_counter":"1","show_view_counter":"1","show_featured":"1","show_post_meta":"1","show_post_author":"1","show_post_author_image":"1","show_post_date":"1","post_date_format":"default","post_date_format_custom":"Y\/m\/d","show_post_category":"1","post_reading_time_wpm":"300","zoom_button_out_step":"2","zoom_button_in_step":"3","show_post_tag":"1","show_prev_next_post":"1","show_popup_post":"1","number_popup_post":"1"}],"image_override":[{"single_post_thumbnail_size":"crop-500","single_post_gallery_size":"crop-500"}],"trending_post_position":"meta","trending_post_label":"Trending","sponsored_post_label":"Sponsored by","sponsored_post_name":"","sponsored_post_url":"","sponsored_post_logo":"","sponsored_post_desc":""},"jnews_primary_category":{"id":""},"jnews_social_meta":[],"jnews_review":[],"enable_review":"","type":"","name":"","summary":"","brand":"","sku":"","good":[],"bad":[],"score_override":"","override_value":"","rating":[],"price":[],"jnews_override_counter":[],"jnews_post_split":[],"footnotes":""},"categories":[18,14],"tags":[570],"class_list":["post-28258","post","type-post","status-publish","format-standard","has-post-thumbnail","hentry","category-nacionales","category-villa-maria","tag-direccion-general-de-fabricaciones-militares"],"jetpack_featured_media_url":"https:\/\/atecordoba.org\/wp-content\/uploads\/2021\/09\/ATE-Villa-Maria-e1632756626901.jpg","_links":{"self":[{"href":"https:\/\/atecordoba.org\/index.php?rest_route=\/wp\/v2\/posts\/28258","targetHints":{"allow":["GET"]}}],"collection":[{"href":"https:\/\/atecordoba.org\/index.php?rest_route=\/wp\/v2\/posts"}],"about":[{"href":"https:\/\/atecordoba.org\/index.php?rest_route=\/wp\/v2\/types\/post"}],"author":[{"embeddable":true,"href":"https:\/\/atecordoba.org\/index.php?rest_route=\/wp\/v2\/users\/7"}],"replies":[{"embeddable":true,"href":"https:\/\/atecordoba.org\/index.php?rest_route=%2Fwp%2Fv2%2Fcomments&post=28258"}],"version-history":[{"count":4,"href":"https:\/\/atecordoba.org\/index.php?rest_route=\/wp\/v2\/posts\/28258\/revisions"}],"predecessor-version":[{"id":28277,"href":"https:\/\/atecordoba.org\/index.php?rest_route=\/wp\/v2\/posts\/28258\/revisions\/28277"}],"wp:featuredmedia":[{"embeddable":true,"href":"https:\/\/atecordoba.org\/index.php?rest_route=\/wp\/v2\/media\/28259"}],"wp:attachment":[{"href":"https:\/\/atecordoba.org\/index.php?rest_route=%2Fwp%2Fv2%2Fmedia&parent=28258"}],"wp:term":[{"taxonomy":"category","embeddable":true,"href":"https:\/\/atecordoba.org\/index.php?rest_route=%2Fwp%2Fv2%2Fcategories&post=28258"},{"taxonomy":"post_tag","embeddable":true,"href":"https:\/\/atecordoba.org\/index.php?rest_route=%2Fwp%2Fv2%2Ftags&post=28258"}],"curies":[{"name":"wp","href":"https:\/\/api.w.org\/{rel}","templated":true}]}}