{"id":28255,"date":"2021-09-27T12:12:34","date_gmt":"2021-09-27T15:12:34","guid":{"rendered":"https:\/\/atecordoba.org\/?p=28255"},"modified":"2021-09-27T12:14:27","modified_gmt":"2021-09-27T15:14:27","slug":"diversidades-terminar-con-el-feminismo-blanco","status":"publish","type":"post","link":"https:\/\/atecordoba.org\/?p=28255","title":{"rendered":"Diversidades: terminar con el &#8216;feminismo blanco&#8217;"},"content":{"rendered":"\n<div class=\"wp-block-image\"><figure class=\"aligncenter size-large is-resized\"><img loading=\"lazy\" decoding=\"async\" src=\"https:\/\/atecordoba.org\/wp-content\/uploads\/2021\/09\/21_09_EugenioTalbot-1024x575.jpeg\" alt=\"\" class=\"wp-image-28256\" width=\"768\" height=\"431\" \/><\/figure><\/div>\n\n\n\n<p>En el marco de una entrevista que cedi\u00f3 al programa radial Entre todos y todas, que la Secretaria de Prensa de ATE C\u00f3rdoba emite por GENFM 107.5, el responsable del Departamento de G\u00e9neros y Diversidades del CDP, Eugenio Talbot, departi\u00f3 sobre la problem\u00e1ticas que se producen dentro del colectivo trabs y travesti cuando determinadas miradas del feminismo se imponen sobre el resto. <\/p>\n\n\n\n<p>&#8220;Hay que hablar de los feminismos porque no hay uno solo y se tergiversaron mucho, creciendo su capacidad de ser excluyente para con las comunidades trans y travetis, cuando este Estado machistas, patriarcal y heteronormado nos unifica en la lucha, con nuestras actividades o nuestras identidades&#8221;, explic\u00f3 Talbot.<\/p>\n\n\n\n<p>Y continu\u00f3: &#8220;no puedo entender que hablemos identidades femeninas y masculinas. En este tiempo, donde estamos tratando de dejar el binarismo, seguimos empleando una palabra como feminismo para definir a una clase de militancia que en realidad deber\u00eda apuntar a la incorporaci\u00f3n de todas aquellas identidades se ven oprimidas y violentadas por el machismo. Me remonto a la historia, por ejemplo, del Frente de Liberaci\u00f3n Homosexual que siempre fue invisibilizada en la historia argentina. Se trata de una organizaci\u00f3n revolucionaria de los \u201970 que fue la primera en tejer alianzas con el feminismo, pedir p\u00fablicamente -en un frente pol\u00edtico con un nombre espec\u00edfico-pidiendo que no se hagan mas abortos clandestinos y para que se cumpliera la ley que establec\u00eda que los hospitales deb\u00edan proveer medicamentos anticonceptivos, que se prohibi\u00f3 durante el gobierno de Isabel Per\u00f3n y L\u00f3pez Rega&#8221;.<\/p>\n\n\n\n<p>En ese sentido, afirm\u00f3 que &#8220;ah\u00ed tenemos marcas de posibilidades de uni\u00f3n en la militancia hist\u00f3rica dentro de procesos de lucha muy importantes en la Rep\u00fablica Argentina, en contextos muy particulares como fue el terrorismo de Estado, donde aprendimos a hacer alianzas. Hoy parece que estamos retrocediendo, avalando un feminismo te tiene estas caracter\u00edsticas: blanco, universitario, donde no aparecen identidades populares ni territoriales de pueblos originarios, identidades travestis y trans&#8221;.<\/p>\n\n\n\n<p><strong>Feminismo blanco<\/strong><\/p>\n\n\n\n<p>Seguidamente, Talbot apunto a plantear &#8220;qu\u00e9 entendemos por feminismo&#8221;. &#8220;Y se entiende por lo femenino, pero a esta altura lo supera. \u00bfNo deber\u00edamos repensar estas pr\u00e1cticas cuando hablamos de patriarcado y de una lucha en com\u00fan? Veo un torrente de actividades, incluso dentro del FDT que es lo que m\u00e1s me duele, de un feminismo blanco, acad\u00e9mico, que no oye lo popular ni las diversidades y que tendr\u00eda que estar abierto&#8221;.<\/p>\n\n\n\n<p>&#8220;No hace falta hablar de trans feminismo, sino entender que estas pol\u00edticas tienen que ver con la lucha y la igualad de la diferencia, trascendiendo la palabra feminismo para encontrar otro significado y otro significante. Debemos pensar en esta actitud de tutelaje que se sigue teniendo sobre las identidades travestis y trans desde la &#8216;militancia Cis'&#8221;, remarc\u00f3 el dirigente.<\/p>\n\n\n\n<p><strong>Facultad de Comunicaci\u00f3n<\/strong><\/p>\n\n\n\n<p>&#8220;Hace poco en la Facultad de Comunicaci\u00f3n (UNC) se cre\u00f3 una nueva estrategia interclaustros del programa de G\u00e9nero y Diversidad. Una gran poblaci\u00f3n \u2018cis\u2019, universitaria blanca, con ciertas caracter\u00edsticas de clase y tres personas trans, tutelada por esta mirada acad\u00e9mica, permitida y avalada por el sistema que, de alguna manera, sigue dici\u00e9ndonos lo que es pol\u00edticamente correcto y que no. Esto desde una mirada Cis que no est\u00e1 mal pero que no vivi\u00f3 nuestra realidad. Eso inevitablemente invita a la censura y a la parcialidad en el discurso&#8221;, denunci\u00f3 Talbot.<\/p>\n\n\n\n<p>Y asegur\u00f3 que &#8220;en la generaci\u00f3n de discursos hegem\u00f3nicos hay una construcci\u00f3n de pactos sociales que de alguna manera se logran imponer al resto. El movimiento feminista toma ribetes permite construir pol\u00edticas de Estado y conquistar derechos, como la important\u00edsima ley del aborto, pero que tambi\u00e9n legitiman opresiones en esta estructura del sistema que se forma, opresiones hacia pueblos originarios, hacia la poblaci\u00f3n travesti trans, legitimando que pol\u00edticas son convenientes hacia una poblaci\u00f3n donde no pertenecen&#8221;.<\/p>\n\n\n\n<p>El responsable del Departamento de G\u00e9neros y Diversidades concluy\u00f3 se\u00f1alando que &#8220;no hace falta tener \u00fatero para ser v\u00edctima de la violencia machista. Las palabras que utilizamos est\u00e1n abiertas a debate para volver a pensar que implica darles lugar a las identidades eternamente oprimidas y que debemos ser escuchadas y tenemos mucho para aportar&#8221;.<\/p>\n\n\n\n<p><\/p>\n","protected":false},"excerpt":{"rendered":"<p>En el marco de una entrevista que cedi\u00f3 al programa radial Entre todos y todas, que la Secretaria de Prensa de ATE C\u00f3rdoba emite por GENFM 107.5, el responsable del Departamento de G\u00e9neros y Diversidades del CDP, Eugenio Talbot, departi\u00f3 sobre la problem\u00e1ticas que se producen dentro del colectivo trabs y travesti cuando determinadas miradas [&hellip;]<\/p>\n","protected":false},"author":7,"featured_media":28256,"comment_status":"open","ping_status":"open","sticky":false,"template":"","format":"standard","meta":{"_exactmetrics_skip_tracking":false,"_exactmetrics_sitenote_active":false,"_exactmetrics_sitenote_note":"","_exactmetrics_sitenote_category":0,"jnews-multi-image_gallery":[],"jnews_single_post":{"subtitle":"El referente del Departamento de G\u00e9neros y Diversidades reflexion\u00f3 sobre los criterios hegem\u00f3nicos en las pol\u00edticas de g\u00e9neros.","format":"standard","video":"","gallery":"","source_name":"","source_url":"","via_name":"","via_url":"","override":[{"template":"1","single_blog_custom":"","parallax":"1","fullscreen":"1","layout":"right-sidebar","sidebar":"default-sidebar","second_sidebar":"default-sidebar","sticky_sidebar":"1","share_position":"top","share_float_style":"share-monocrhome","show_share_counter":"1","show_view_counter":"1","show_featured":"1","show_post_meta":"1","show_post_author":"1","show_post_author_image":"1","show_post_date":"1","post_date_format":"default","post_date_format_custom":"Y\/m\/d","show_post_category":"1","post_reading_time_wpm":"300","zoom_button_out_step":"2","zoom_button_in_step":"3","show_post_tag":"1","show_prev_next_post":"1","show_popup_post":"1","number_popup_post":"1"}],"image_override":[{"single_post_thumbnail_size":"crop-500","single_post_gallery_size":"crop-500"}],"trending_post_position":"meta","trending_post_label":"Trending","sponsored_post_label":"Sponsored by","sponsored_post_name":"","sponsored_post_url":"","sponsored_post_logo":"","sponsored_post_desc":""},"jnews_primary_category":{"id":""},"jnews_social_meta":[],"jnews_review":[],"enable_review":"","type":"","name":"","summary":"","brand":"","sku":"","good":[],"bad":[],"score_override":"","override_value":"","rating":[],"price":[],"jnews_override_counter":[],"jnews_post_split":[],"footnotes":""},"categories":[325],"tags":[931],"class_list":["post-28255","post","type-post","status-publish","format-standard","has-post-thumbnail","hentry","category-generos-y-diversidades","tag-feminismo-blanco"],"jetpack_featured_media_url":"https:\/\/atecordoba.org\/wp-content\/uploads\/2021\/09\/21_09_EugenioTalbot-e1632755541448.jpeg","_links":{"self":[{"href":"https:\/\/atecordoba.org\/index.php?rest_route=\/wp\/v2\/posts\/28255","targetHints":{"allow":["GET"]}}],"collection":[{"href":"https:\/\/atecordoba.org\/index.php?rest_route=\/wp\/v2\/posts"}],"about":[{"href":"https:\/\/atecordoba.org\/index.php?rest_route=\/wp\/v2\/types\/post"}],"author":[{"embeddable":true,"href":"https:\/\/atecordoba.org\/index.php?rest_route=\/wp\/v2\/users\/7"}],"replies":[{"embeddable":true,"href":"https:\/\/atecordoba.org\/index.php?rest_route=%2Fwp%2Fv2%2Fcomments&post=28255"}],"version-history":[{"count":1,"href":"https:\/\/atecordoba.org\/index.php?rest_route=\/wp\/v2\/posts\/28255\/revisions"}],"predecessor-version":[{"id":28257,"href":"https:\/\/atecordoba.org\/index.php?rest_route=\/wp\/v2\/posts\/28255\/revisions\/28257"}],"wp:featuredmedia":[{"embeddable":true,"href":"https:\/\/atecordoba.org\/index.php?rest_route=\/wp\/v2\/media\/28256"}],"wp:attachment":[{"href":"https:\/\/atecordoba.org\/index.php?rest_route=%2Fwp%2Fv2%2Fmedia&parent=28255"}],"wp:term":[{"taxonomy":"category","embeddable":true,"href":"https:\/\/atecordoba.org\/index.php?rest_route=%2Fwp%2Fv2%2Fcategories&post=28255"},{"taxonomy":"post_tag","embeddable":true,"href":"https:\/\/atecordoba.org\/index.php?rest_route=%2Fwp%2Fv2%2Ftags&post=28255"}],"curies":[{"name":"wp","href":"https:\/\/api.w.org\/{rel}","templated":true}]}}