{"id":28252,"date":"2021-09-24T14:53:05","date_gmt":"2021-09-24T17:53:05","guid":{"rendered":"https:\/\/atecordoba.org\/?p=28252"},"modified":"2021-09-24T14:53:30","modified_gmt":"2021-09-24T17:53:30","slug":"acuerdo-entre-ate-y-fabricaciones-militares-por-el-reconocimiento-de-la-antiguedad","status":"publish","type":"post","link":"https:\/\/atecordoba.org\/?p=28252","title":{"rendered":"Acuerdo entre ATE y Fabricaciones Militares por el reconocimiento de la antig\u00fcedad"},"content":{"rendered":"\n<div class=\"wp-block-image\"><figure class=\"aligncenter size-large is-resized\"><img loading=\"lazy\" decoding=\"async\" src=\"https:\/\/atecordoba.org\/wp-content\/uploads\/2021\/09\/Cachorro-1024x1024.jpg\" alt=\"\" class=\"wp-image-28253\" width=\"768\" height=\"768\" \/><\/figure><\/div>\n\n\n\n<p>Se llev\u00f3 a cabo de manera virtual, una reuni\u00f3n virtual entre el Directorio de Fabricaciones Militares S.E. representado por Iv\u00e1n Durigon y la Asociaci\u00f3n Trabajadores del Estado (ATE) . En representaci\u00f3n del sindicato estuvieron el secretario general, Hugo \u201cCachorro\u201d Godoy, y los integrantes del CDN Orestes Beto Galeano y Marcelo Taton de Rito. Tambi\u00e9n estuvieron presentes por ATE Rio Tercero Dami\u00e1n Albornoz, de ATE Villa Mar\u00eda, Fernando Mercado, por ATE Rosario Fernando Peirano, y en representaci\u00f3n de ATE Azul, Eduardo Vercovich y Vanina Zurita.<\/p>\n\n\n\n<p>Durante el encuentro, se ratific\u00f3 mediante acta, el acuerdo alcanzado donde se reconocen todos los derechos derivados de la antig\u00fcedad a los compa\u00f1eros reingresados y a los que reingresen en el futuro igualando los derechos con quienes no fueron despedidos. El acuerdo impacta en el pago de antig\u00fcedad, liquidaci\u00f3n del LOA (licencia anual ordinaria), el r\u00e9gimen de licencias establecidas en CCT 214\/06 y el Estatuto del Personal Civil de Fabricaciones Militares todo ello hasta tanto entre en vigencia un convenio colectivo para el sector.<\/p>\n\n\n\n<p>Se acord\u00f3 seguir discutiendo los puntos restantes reclamados y se hizo hincapi\u00e9 en la aceleraci\u00f3n de puesta en marcha de los proyectos que reactiven FANAZUL.<\/p>\n\n\n\n<p>Adem\u00e1s, se coincidi\u00f3 en la necesidad de conformar el sectorial para comenzar a discutir un convenio colectivo de trabajo. Desde ATE se plante\u00f3 que es imprescindible que en dicho convenio no se estipulen despidos arbitrarios (estabilidad), como as\u00ed tambi\u00e9n terminar con el sistema de sucesi\u00f3n de contratos.<\/p>\n","protected":false},"excerpt":{"rendered":"<p>Se llev\u00f3 a cabo de manera virtual, una reuni\u00f3n virtual entre el Directorio de Fabricaciones Militares S.E. representado por Iv\u00e1n Durigon y la Asociaci\u00f3n Trabajadores del Estado (ATE) . En representaci\u00f3n del sindicato estuvieron el secretario general, Hugo \u201cCachorro\u201d Godoy, y los integrantes del CDN Orestes Beto Galeano y Marcelo Taton de Rito. Tambi\u00e9n estuvieron [&hellip;]<\/p>\n","protected":false},"author":7,"featured_media":28253,"comment_status":"open","ping_status":"open","sticky":false,"template":"","format":"standard","meta":{"_exactmetrics_skip_tracking":false,"_exactmetrics_sitenote_active":false,"_exactmetrics_sitenote_note":"","_exactmetrics_sitenote_category":0,"jnews-multi-image_gallery":[],"jnews_single_post":{"subtitle":"Se llev\u00f3 a cabo una reuni\u00f3n en la que se ratific\u00f3 el acuerdo en el que se reconocen los derechos de trabajadorxs reingresados.","format":"standard","video":"","gallery":"","source_name":"","source_url":"","via_name":"","via_url":"","override":[{"template":"1","single_blog_custom":"","parallax":"1","fullscreen":"1","layout":"right-sidebar","sidebar":"default-sidebar","second_sidebar":"default-sidebar","sticky_sidebar":"1","share_position":"top","share_float_style":"share-monocrhome","show_share_counter":"1","show_view_counter":"1","show_featured":"1","show_post_meta":"1","show_post_author":"1","show_post_author_image":"1","show_post_date":"1","post_date_format":"default","post_date_format_custom":"Y\/m\/d","show_post_category":"1","post_reading_time_wpm":"300","zoom_button_out_step":"2","zoom_button_in_step":"3","show_post_tag":"1","show_prev_next_post":"1","show_popup_post":"1","number_popup_post":"1"}],"image_override":[{"single_post_thumbnail_size":"crop-500","single_post_gallery_size":"crop-500"}],"trending_post_position":"meta","trending_post_label":"Trending","sponsored_post_label":"Sponsored by","sponsored_post_name":"","sponsored_post_url":"","sponsored_post_logo":"","sponsored_post_desc":""},"jnews_primary_category":{"id":""},"jnews_social_meta":{"fb_title":"","fb_description":"","fb_image":"","twitter_title":"","twitter_description":"","twitter_image":""},"jnews_review":[],"enable_review":"","type":"percentage","name":"","summary":"","brand":"","sku":"","good":[{"good_text":""}],"bad":[{"bad_text":""}],"score_override":"","override_value":"","rating":[{"rating_text":"","rating_number":"10"}],"price":[{"shop":"","price":"","link":"","icon":""}],"jnews_override_counter":{"view_counter_number":"0","share_counter_number":"0","like_counter_number":"0","dislike_counter_number":"0"},"jnews_post_split":{"post_split":[{"template":"1","tag":"h2","numbering":"asc","mode":"normal","toc_type":"normal"}]},"footnotes":""},"categories":[18],"tags":[570],"class_list":["post-28252","post","type-post","status-publish","format-standard","has-post-thumbnail","hentry","category-nacionales","tag-direccion-general-de-fabricaciones-militares"],"jetpack_featured_media_url":"https:\/\/atecordoba.org\/wp-content\/uploads\/2021\/09\/Cachorro-e1632505966535.jpg","_links":{"self":[{"href":"https:\/\/atecordoba.org\/index.php?rest_route=\/wp\/v2\/posts\/28252","targetHints":{"allow":["GET"]}}],"collection":[{"href":"https:\/\/atecordoba.org\/index.php?rest_route=\/wp\/v2\/posts"}],"about":[{"href":"https:\/\/atecordoba.org\/index.php?rest_route=\/wp\/v2\/types\/post"}],"author":[{"embeddable":true,"href":"https:\/\/atecordoba.org\/index.php?rest_route=\/wp\/v2\/users\/7"}],"replies":[{"embeddable":true,"href":"https:\/\/atecordoba.org\/index.php?rest_route=%2Fwp%2Fv2%2Fcomments&post=28252"}],"version-history":[{"count":1,"href":"https:\/\/atecordoba.org\/index.php?rest_route=\/wp\/v2\/posts\/28252\/revisions"}],"predecessor-version":[{"id":28254,"href":"https:\/\/atecordoba.org\/index.php?rest_route=\/wp\/v2\/posts\/28252\/revisions\/28254"}],"wp:featuredmedia":[{"embeddable":true,"href":"https:\/\/atecordoba.org\/index.php?rest_route=\/wp\/v2\/media\/28253"}],"wp:attachment":[{"href":"https:\/\/atecordoba.org\/index.php?rest_route=%2Fwp%2Fv2%2Fmedia&parent=28252"}],"wp:term":[{"taxonomy":"category","embeddable":true,"href":"https:\/\/atecordoba.org\/index.php?rest_route=%2Fwp%2Fv2%2Fcategories&post=28252"},{"taxonomy":"post_tag","embeddable":true,"href":"https:\/\/atecordoba.org\/index.php?rest_route=%2Fwp%2Fv2%2Ftags&post=28252"}],"curies":[{"name":"wp","href":"https:\/\/api.w.org\/{rel}","templated":true}]}}