{"id":28249,"date":"2021-09-24T14:47:52","date_gmt":"2021-09-24T17:47:52","guid":{"rendered":"https:\/\/atecordoba.org\/?p=28249"},"modified":"2021-09-24T14:48:51","modified_gmt":"2021-09-24T17:48:51","slug":"ley-micaela-queremos-un-sindicato-libre-de-violencias","status":"publish","type":"post","link":"https:\/\/atecordoba.org\/?p=28249","title":{"rendered":"Ley Micaela: &#8220;queremos un sindicato libre de violencias&#8221;"},"content":{"rendered":"\n<div class=\"wp-block-image\"><figure class=\"aligncenter size-large is-resized\"><img loading=\"lazy\" decoding=\"async\" src=\"https:\/\/atecordoba.org\/wp-content\/uploads\/2021\/09\/21_09_Gabriela_Alcoba-1024x575.jpeg\" alt=\"\" class=\"wp-image-28250\" width=\"768\" height=\"431\" srcset=\"https:\/\/atecordoba.org\/wp-content\/uploads\/2021\/09\/21_09_Gabriela_Alcoba-1024x575.jpeg 1024w, https:\/\/atecordoba.org\/wp-content\/uploads\/2021\/09\/21_09_Gabriela_Alcoba-300x169.jpeg 300w, https:\/\/atecordoba.org\/wp-content\/uploads\/2021\/09\/21_09_Gabriela_Alcoba-768x431.jpeg 768w, https:\/\/atecordoba.org\/wp-content\/uploads\/2021\/09\/21_09_Gabriela_Alcoba-750x421.jpeg 750w, https:\/\/atecordoba.org\/wp-content\/uploads\/2021\/09\/21_09_Gabriela_Alcoba-1140x640.jpeg 1140w, https:\/\/atecordoba.org\/wp-content\/uploads\/2021\/09\/21_09_Gabriela_Alcoba.jpeg 1280w\" sizes=\"auto, (max-width: 768px) 100vw, 768px\" \/><\/figure><\/div>\n\n\n\n<p>En una entrevista que cedi\u00f3 al programa radial Entre todos y todas, que la Secretar\u00eda de Prensa de ATE C\u00f3rdoba emite por GENFM 107.5, la directora del Departamento de G\u00e9neros y Diversidades Gabriela Alcoba, que tambi\u00e9n ostenta el cargo de secretario Proadministrativa del Consejo Directivo Provincial (CDP), coment\u00f3 el acuerdo que ATE C\u00f3rdoba va a suscribir con la Secretar\u00eda de Extensi\u00f3n de la Facultad de Ciencias Sociales, de la Universidad Nacional de C\u00f3rdoba, para la capacitaci\u00f3n de dirigentes de nuestro gremio en la Ley Micaela. <\/p>\n\n\n\n<p>&#8220;La reuni\u00f3n se llev\u00f3 a cabo, pensando en crear espacios de formaci\u00f3n para compa\u00f1eros que vayan a ejercer cargos en el sindicato, los dirigentes deben formarse en la Ley Micaela, algo que ya se viene haciendo desde el Departamento de G\u00e9neros, pero nos interesa que sea a trav\u00e9s de la Universidad y que tenga una certificaci\u00f3n&#8221;, adelant\u00f3 Alcoba.<\/p>\n\n\n\n<p>&#8220;Ahora estamos en una instancia de renovaci\u00f3n de delegados porque se vencieron los mandatos en pandemia y con la apertura se inician los procesos eleccionarios en los lugares de trabajo. La Ley Micaela viene a garantizar que cumplan algunas miradas sobre la violencia que se ejerce por motivos de g\u00e9nero. Le estamos dando una vuelta para adaptarla al \u00e1mbito sindical&#8221;, dijo Alcoba.<\/p>\n\n\n\n<p>Y explic\u00f3 que desde el Departamento &#8220;estamos trabajando para que a nivel nacional la Ley Micaela est\u00e9 dentro del Estatuto. En el CDP de C\u00f3rdoba queremos avanzar para que se incorpore este a\u00f1o&#8221;.<\/p>\n\n\n\n<p><strong>Ministerio de Trabajo<\/strong><\/p>\n\n\n\n<p>Sobre <a href=\"https:\/\/atecordoba.org\/?p=28142\">la situaci\u00f3n en el Ministerio de Trabajo<\/a>, Alcoba afirm\u00f3 que &#8220;venimos actuando desde mediados de a\u00f1o, cuando las compa\u00f1eras se acercaron a contar sobre esta persona que ten\u00eda sumarios por violencia y que iba a reingresar a la dependencia con un pase a planta permanente&#8221;.<\/p>\n\n\n\n<p>La directora agreg\u00f3 que &#8220;hicimos diferentes presentaciones, no solo en la delegaci\u00f3n C\u00f3rdoba sino en el Ministerio de Trabajo en Buenos Aires, en el \u00e1rea de Recursos Humanos, pidiendo que se tomen medidas, pero no tuvimos las respuestas necesarias. Es cierto que hay un vac\u00edo legal y no se puede impedir que ingrese al Ministerio sin que haya sentencia firme de la justicia. Eso lo favorece porque prima su derecho al trabajo. Lo que no prima son los espacios de trabajo libres de violencia&#8221;.<\/p>\n\n\n\n<p>Por eso &#8220;desde el feminismo venimos trabajando en la modificaci\u00f3n de varias leyes que se ver\u00edan reflejadas en este caso. Ese mismo esp\u00edritu queremos incorporar al Estatuto de nuestro sindicato. Vamos a seguir con las asambleas en el lugar de trabajo y reclamando que se aparte a ese personaje del espacio de trabajo donde tambi\u00e9n est\u00e1n las compa\u00f1eras que lo denunciaron&#8221;.<\/p>\n","protected":false},"excerpt":{"rendered":"<p>En una entrevista que cedi\u00f3 al programa radial Entre todos y todas, que la Secretar\u00eda de Prensa de ATE C\u00f3rdoba emite por GENFM 107.5, la directora del Departamento de G\u00e9neros y Diversidades Gabriela Alcoba, que tambi\u00e9n ostenta el cargo de secretario Proadministrativa del Consejo Directivo Provincial (CDP), coment\u00f3 el acuerdo que ATE C\u00f3rdoba va a [&hellip;]<\/p>\n","protected":false},"author":7,"featured_media":28250,"comment_status":"open","ping_status":"open","sticky":false,"template":"","format":"standard","meta":{"_exactmetrics_skip_tracking":false,"_exactmetrics_sitenote_active":false,"_exactmetrics_sitenote_note":"","_exactmetrics_sitenote_category":0,"jnews-multi-image_gallery":[],"jnews_single_post":{"subtitle":"Gabriela Alcoba explic\u00f3 le proyecto para que dirigentes de ATE hagan formaci\u00f3n en la Ley Micaela a trav\u00e9s de la universidad nacional. ","format":"standard","video":"","gallery":"","source_name":"","source_url":"","via_name":"","via_url":"","override":[{"template":"1","single_blog_custom":"","parallax":"1","fullscreen":"1","layout":"right-sidebar","sidebar":"default-sidebar","second_sidebar":"default-sidebar","sticky_sidebar":"1","share_position":"top","share_float_style":"share-monocrhome","show_share_counter":"1","show_view_counter":"1","show_featured":"1","show_post_meta":"1","show_post_author":"1","show_post_author_image":"1","show_post_date":"1","post_date_format":"default","post_date_format_custom":"Y\/m\/d","show_post_category":"1","post_reading_time_wpm":"300","zoom_button_out_step":"2","zoom_button_in_step":"3","show_post_tag":"1","show_prev_next_post":"1","show_popup_post":"1","number_popup_post":"1"}],"image_override":[{"single_post_thumbnail_size":"crop-500","single_post_gallery_size":"crop-500"}],"trending_post_position":"meta","trending_post_label":"Trending","sponsored_post_label":"Sponsored by","sponsored_post_name":"","sponsored_post_url":"","sponsored_post_logo":"","sponsored_post_desc":""},"jnews_primary_category":{"id":""},"jnews_social_meta":{"fb_title":"","fb_description":"","fb_image":"","twitter_title":"","twitter_description":"","twitter_image":""},"jnews_review":[],"enable_review":"","type":"percentage","name":"","summary":"","brand":"","sku":"","good":[{"good_text":""}],"bad":[{"bad_text":""}],"score_override":"","override_value":"","rating":[{"rating_text":"","rating_number":"10"}],"price":[{"shop":"","price":"","link":"","icon":""}],"jnews_override_counter":{"view_counter_number":"0","share_counter_number":"0","like_counter_number":"0","dislike_counter_number":"0"},"jnews_post_split":{"post_split":[{"template":"1","tag":"h2","numbering":"asc","mode":"normal","toc_type":"normal"}]},"footnotes":""},"categories":[325],"tags":[930],"class_list":["post-28249","post","type-post","status-publish","format-standard","has-post-thumbnail","hentry","category-generos-y-diversidades","tag-ley-micaela"],"jetpack_featured_media_url":"https:\/\/atecordoba.org\/wp-content\/uploads\/2021\/09\/21_09_Gabriela_Alcoba.jpeg","_links":{"self":[{"href":"https:\/\/atecordoba.org\/index.php?rest_route=\/wp\/v2\/posts\/28249","targetHints":{"allow":["GET"]}}],"collection":[{"href":"https:\/\/atecordoba.org\/index.php?rest_route=\/wp\/v2\/posts"}],"about":[{"href":"https:\/\/atecordoba.org\/index.php?rest_route=\/wp\/v2\/types\/post"}],"author":[{"embeddable":true,"href":"https:\/\/atecordoba.org\/index.php?rest_route=\/wp\/v2\/users\/7"}],"replies":[{"embeddable":true,"href":"https:\/\/atecordoba.org\/index.php?rest_route=%2Fwp%2Fv2%2Fcomments&post=28249"}],"version-history":[{"count":1,"href":"https:\/\/atecordoba.org\/index.php?rest_route=\/wp\/v2\/posts\/28249\/revisions"}],"predecessor-version":[{"id":28251,"href":"https:\/\/atecordoba.org\/index.php?rest_route=\/wp\/v2\/posts\/28249\/revisions\/28251"}],"wp:featuredmedia":[{"embeddable":true,"href":"https:\/\/atecordoba.org\/index.php?rest_route=\/wp\/v2\/media\/28250"}],"wp:attachment":[{"href":"https:\/\/atecordoba.org\/index.php?rest_route=%2Fwp%2Fv2%2Fmedia&parent=28249"}],"wp:term":[{"taxonomy":"category","embeddable":true,"href":"https:\/\/atecordoba.org\/index.php?rest_route=%2Fwp%2Fv2%2Fcategories&post=28249"},{"taxonomy":"post_tag","embeddable":true,"href":"https:\/\/atecordoba.org\/index.php?rest_route=%2Fwp%2Fv2%2Ftags&post=28249"}],"curies":[{"name":"wp","href":"https:\/\/api.w.org\/{rel}","templated":true}]}}