{"id":28244,"date":"2021-09-24T13:00:45","date_gmt":"2021-09-24T16:00:45","guid":{"rendered":"https:\/\/atecordoba.org\/?p=28244"},"modified":"2021-09-24T13:01:42","modified_gmt":"2021-09-24T16:01:42","slug":"recorrida-en-alcira-gigena","status":"publish","type":"post","link":"https:\/\/atecordoba.org\/?p=28244","title":{"rendered":"Recorrida en Alcira Gigena"},"content":{"rendered":"\n<div class=\"wp-block-image\"><figure class=\"aligncenter size-large is-resized\"><img loading=\"lazy\" decoding=\"async\" src=\"https:\/\/atecordoba.org\/wp-content\/uploads\/2021\/09\/IMG-20210924-WA0136-1024x767.jpg\" alt=\"\" class=\"wp-image-28246\" width=\"768\" height=\"575\" \/><\/figure><\/div>\n\n\n\n<p>Dirigentes de la Seccional R\u00edo Cuarto recorrieron hoy diversas dependencias municipales en la localidad de Alcira Gigena, en el sur provincial, para recabar el estado de aquellos sectores donde nuestro gremio cuenta con afiliadas y afiliados.<\/p>\n\n\n\n<p>En la oportunidad, el secretario Gremial de ATE R\u00edo Cuarto, Pablo Irusta y el responsable de Cymat, Mat\u00edas Giuliani, concretaron varias reuniones, en una iniciativa pedida por el cuerpo de delegados municipal. <\/p>\n\n\n\n<p>&#8220;Tomamos nota de algunos reclamos que se presentar\u00e1n con al ejecutivo municipal en la audiencia del 7 de octubre, cuando se solicite la reapertura de paritarias. Se va a pedir recategorizaciones, que se considere en el Concejo Deliberante aumentar el b\u00e1sico, que es muy bajo, apenas llegando actualmente a los 18 mil pesos&#8221;, explic\u00f3 Giuliani. <\/p>\n\n\n\n<div class=\"wp-block-image\"><figure class=\"aligncenter size-large is-resized\"><img loading=\"lazy\" decoding=\"async\" src=\"https:\/\/atecordoba.org\/wp-content\/uploads\/2021\/09\/IMG-20210924-WA0134-1024x767.jpg\" alt=\"\" class=\"wp-image-28247\" width=\"768\" height=\"575\" srcset=\"https:\/\/atecordoba.org\/wp-content\/uploads\/2021\/09\/IMG-20210924-WA0134-1024x767.jpg 1024w, https:\/\/atecordoba.org\/wp-content\/uploads\/2021\/09\/IMG-20210924-WA0134-300x225.jpg 300w, https:\/\/atecordoba.org\/wp-content\/uploads\/2021\/09\/IMG-20210924-WA0134-768x575.jpg 768w, https:\/\/atecordoba.org\/wp-content\/uploads\/2021\/09\/IMG-20210924-WA0134-750x561.jpg 750w, https:\/\/atecordoba.org\/wp-content\/uploads\/2021\/09\/IMG-20210924-WA0134-1140x853.jpg 1140w, https:\/\/atecordoba.org\/wp-content\/uploads\/2021\/09\/IMG-20210924-WA0134.jpg 1440w\" sizes=\"auto, (max-width: 768px) 100vw, 768px\" \/><\/figure><\/div>\n\n\n\n<p>Cabe resaltar que la paritaria se cerr\u00f3 en 40% a principios de a\u00f1o.<\/p>\n\n\n\n<p>&#8220;Hay reclamos en el hospital por las horas extras no cobradas, las y los compa\u00f1eros  ni tienen claro c\u00f3mo es el r\u00e9gimen&#8221;, agreg\u00f3 Giuliani.<\/p>\n\n\n\n<p>Los dirigentes difundieron los beneficios sociales que tiene ATE para su afiliados y afiliadas, recorriendo la sede de la Municipalidad, la Casa de la Cultura, el hospital municipal, el Corral\u00f3n y la \u2018Casa del Tanque\u2019, dependencia descentralizada del a Municipalidad donde funcionan organismos como Bromatolog\u00eda y Tr\u00e1nsito entre otros.<\/p>\n\n\n\n<p>&#8220;Fue una buena jornada de actividad gremial donde reforzamos la campa\u00f1a de afiliaciones&#8221;, concluy\u00f3 Giuliani.<\/p>\n","protected":false},"excerpt":{"rendered":"<p>Dirigentes de la Seccional R\u00edo Cuarto recorrieron hoy diversas dependencias municipales en la localidad de Alcira Gigena, en el sur provincial, para recabar el estado de aquellos sectores donde nuestro gremio cuenta con afiliadas y afiliados. En la oportunidad, el secretario Gremial de ATE R\u00edo Cuarto, Pablo Irusta y el responsable de Cymat, Mat\u00edas Giuliani, [&hellip;]<\/p>\n","protected":false},"author":7,"featured_media":28246,"comment_status":"open","ping_status":"open","sticky":false,"template":"","format":"standard","meta":{"_exactmetrics_skip_tracking":false,"_exactmetrics_sitenote_active":false,"_exactmetrics_sitenote_note":"","_exactmetrics_sitenote_category":0,"jnews-multi-image_gallery":[],"jnews_single_post":{"subtitle":"La seccional R\u00edo Cuarto reforz\u00f3 la presencia en la localidad.","format":"standard","video":"","gallery":"","source_name":"","source_url":"","via_name":"","via_url":"","override":[{"template":"1","single_blog_custom":"","parallax":"1","fullscreen":"1","layout":"right-sidebar","sidebar":"default-sidebar","second_sidebar":"default-sidebar","sticky_sidebar":"1","share_position":"top","share_float_style":"share-monocrhome","show_share_counter":"1","show_view_counter":"1","show_featured":"1","show_post_meta":"1","show_post_author":"1","show_post_author_image":"1","show_post_date":"1","post_date_format":"default","post_date_format_custom":"Y\/m\/d","show_post_category":"1","post_reading_time_wpm":"300","zoom_button_out_step":"2","zoom_button_in_step":"3","show_post_tag":"1","show_prev_next_post":"1","show_popup_post":"1","number_popup_post":"1"}],"image_override":[{"single_post_thumbnail_size":"crop-500","single_post_gallery_size":"crop-500"}],"trending_post_position":"meta","trending_post_label":"Trending","sponsored_post_label":"Sponsored by","sponsored_post_name":"","sponsored_post_url":"","sponsored_post_logo":"","sponsored_post_desc":""},"jnews_primary_category":{"id":""},"jnews_social_meta":{"fb_title":"","fb_description":"","fb_image":"","twitter_title":"","twitter_description":"","twitter_image":""},"jnews_review":[],"enable_review":"","type":"percentage","name":"","summary":"","brand":"","sku":"","good":[{"good_text":""}],"bad":[{"bad_text":""}],"score_override":"","override_value":"","rating":[{"rating_text":"","rating_number":"10"}],"price":[{"shop":"","price":"","link":"","icon":""}],"jnews_override_counter":{"view_counter_number":"0","share_counter_number":"0","like_counter_number":"0","dislike_counter_number":"0"},"jnews_post_split":{"post_split":[{"template":"1","tag":"h2","numbering":"asc","mode":"normal","toc_type":"normal"}]},"footnotes":""},"categories":[20],"tags":[902],"class_list":["post-28244","post","type-post","status-publish","format-standard","has-post-thumbnail","hentry","category-municipales","tag-alcira-gigena"],"jetpack_featured_media_url":"https:\/\/atecordoba.org\/wp-content\/uploads\/2021\/09\/IMG-20210924-WA0136-e1632499226945.jpg","_links":{"self":[{"href":"https:\/\/atecordoba.org\/index.php?rest_route=\/wp\/v2\/posts\/28244","targetHints":{"allow":["GET"]}}],"collection":[{"href":"https:\/\/atecordoba.org\/index.php?rest_route=\/wp\/v2\/posts"}],"about":[{"href":"https:\/\/atecordoba.org\/index.php?rest_route=\/wp\/v2\/types\/post"}],"author":[{"embeddable":true,"href":"https:\/\/atecordoba.org\/index.php?rest_route=\/wp\/v2\/users\/7"}],"replies":[{"embeddable":true,"href":"https:\/\/atecordoba.org\/index.php?rest_route=%2Fwp%2Fv2%2Fcomments&post=28244"}],"version-history":[{"count":1,"href":"https:\/\/atecordoba.org\/index.php?rest_route=\/wp\/v2\/posts\/28244\/revisions"}],"predecessor-version":[{"id":28248,"href":"https:\/\/atecordoba.org\/index.php?rest_route=\/wp\/v2\/posts\/28244\/revisions\/28248"}],"wp:featuredmedia":[{"embeddable":true,"href":"https:\/\/atecordoba.org\/index.php?rest_route=\/wp\/v2\/media\/28246"}],"wp:attachment":[{"href":"https:\/\/atecordoba.org\/index.php?rest_route=%2Fwp%2Fv2%2Fmedia&parent=28244"}],"wp:term":[{"taxonomy":"category","embeddable":true,"href":"https:\/\/atecordoba.org\/index.php?rest_route=%2Fwp%2Fv2%2Fcategories&post=28244"},{"taxonomy":"post_tag","embeddable":true,"href":"https:\/\/atecordoba.org\/index.php?rest_route=%2Fwp%2Fv2%2Ftags&post=28244"}],"curies":[{"name":"wp","href":"https:\/\/api.w.org\/{rel}","templated":true}]}}