{"id":28237,"date":"2021-09-24T11:26:45","date_gmt":"2021-09-24T14:26:45","guid":{"rendered":"https:\/\/atecordoba.org\/?p=28237"},"modified":"2021-09-24T11:27:51","modified_gmt":"2021-09-24T14:27:51","slug":"intensa-capacitacion-para-delegados-en-rio-tercero","status":"publish","type":"post","link":"https:\/\/atecordoba.org\/?p=28237","title":{"rendered":"Intensa capacitaci\u00f3n para delegados en R\u00edo Tercero"},"content":{"rendered":"\n<div class=\"wp-block-image\"><figure class=\"aligncenter size-large\"><img decoding=\"async\" src=\"https:\/\/atecordoba.org\/wp-content\/uploads\/2021\/09\/242459793_1205290309882228_7870835982686652524_n-1.jpg\" alt=\"\" class=\"wp-image-28238\" \/><\/figure><\/div>\n\n\n\n<p>El jueves 23 de septiembre comenz\u00f3 la instancia formativa en grupos reducidos de delegados y delegadas de la F\u00e1brica Militar de R\u00edo tercero, dictada por el secretario Gremial de la seccional ATE R\u00edo Tercero, David Salto.<\/p>\n\n\n\n<p>Participaron de la intensa actividad los delegados Emanuel Mari\u00f1o, Alan Banchio, Diego Garay, Nicol\u00e1s Ramos. Tambi\u00e9n estuvo presente, aportando a la capacitaci\u00f3n , el secretario de Organizaci\u00f3n de ATE R\u00edo Tercero, Juan Baz\u00e1n.<\/p>\n\n\n\n<p>En la oportunidad, Salto destac\u00f3 que \u201cATE es un sindicato que no solo discute paritaria sino tambi\u00e9n el rol del Estado y que sociedad queremos. En ese contexto consideramos que la formaci\u00f3n de cuadros es fundamental para garantizar derechos de la clase trabajadora para que Argentina sea una sociedad m\u00e1s justa y equitativa\u201d.<\/p>\n\n\n\n<p>El primer encuentro se denomin\u00f3 Resoluci\u00f3n de Conflictos y se trataron ejes tem\u00e1ticos como:<\/p>\n\n\n\n<ul class=\"wp-block-list\"><li>Estado<\/li><li>Rol de las y los trabajadores dentro del Estado. Qu\u00e9 es el Estado de derecho.<\/li><li>Rep\u00fablica, democracia, divisi\u00f3n de poderes, burgues\u00eda, burocracia.<\/li><li>Conflictos: colectivos e individuales, institucionales, an\u00e1lisis de los mismos, identificaci\u00f3n de los actores.<\/li><li>Resoluci\u00f3n de conflictos: c\u00f3mo organizar el sector, rol de dirigentes, asambleas, resguardo legal, contextualizaci\u00f3n del conflicto.<\/li><li>An\u00e1lisis y mecanismos para avanzar en la soluci\u00f3n de los mismos<\/li><\/ul>\n\n\n\n<p>Al finalizar esa primera etapa se pudieron identificar diferentes situaciones conflictivas en los sectores a los cuales pertenecen los cuatro delegados presentes, identificando y analiz\u00e1ndolas y buscando posibles soluciones.<\/p>\n","protected":false},"excerpt":{"rendered":"<p>El jueves 23 de septiembre comenz\u00f3 la instancia formativa en grupos reducidos de delegados y delegadas de la F\u00e1brica Militar de R\u00edo tercero, dictada por el secretario Gremial de la seccional ATE R\u00edo Tercero, David Salto. Participaron de la intensa actividad los delegados Emanuel Mari\u00f1o, Alan Banchio, Diego Garay, Nicol\u00e1s Ramos. Tambi\u00e9n estuvo presente, aportando [&hellip;]<\/p>\n","protected":false},"author":7,"featured_media":28238,"comment_status":"open","ping_status":"open","sticky":false,"template":"","format":"standard","meta":{"_exactmetrics_skip_tracking":false,"_exactmetrics_sitenote_active":false,"_exactmetrics_sitenote_note":"","_exactmetrics_sitenote_category":0,"jnews-multi-image_gallery":[],"jnews_single_post":{"subtitle":"Con cuatro delegados comenz\u00f3 esta instancia formativa que continuar\u00e1 con el resto del cuerpo de representantes gremiales de la seccional.","format":"standard","video":"","gallery":"","source_name":"","source_url":"","via_name":"","via_url":"","override":[{"template":"1","single_blog_custom":"","parallax":"1","fullscreen":"1","layout":"right-sidebar","sidebar":"default-sidebar","second_sidebar":"default-sidebar","sticky_sidebar":"1","share_position":"top","share_float_style":"share-monocrhome","show_share_counter":"1","show_view_counter":"1","show_featured":"1","show_post_meta":"1","show_post_author":"1","show_post_author_image":"1","show_post_date":"1","post_date_format":"default","post_date_format_custom":"Y\/m\/d","show_post_category":"1","post_reading_time_wpm":"300","zoom_button_out_step":"2","zoom_button_in_step":"3","show_post_tag":"1","show_prev_next_post":"1","show_popup_post":"1","number_popup_post":"1"}],"image_override":[{"single_post_thumbnail_size":"crop-500","single_post_gallery_size":"crop-500"}],"trending_post_position":"meta","trending_post_label":"Trending","sponsored_post_label":"Sponsored by","sponsored_post_name":"","sponsored_post_url":"","sponsored_post_logo":"","sponsored_post_desc":""},"jnews_primary_category":{"id":""},"jnews_social_meta":{"fb_title":"","fb_description":"","fb_image":"","twitter_title":"","twitter_description":"","twitter_image":""},"jnews_review":[],"enable_review":"","type":"percentage","name":"","summary":"","brand":"","sku":"","good":[{"good_text":""}],"bad":[{"bad_text":""}],"score_override":"","override_value":"","rating":[{"rating_text":"","rating_number":"10"}],"price":[{"shop":"","price":"","link":"","icon":""}],"jnews_override_counter":{"view_counter_number":"0","share_counter_number":"0","like_counter_number":"0","dislike_counter_number":"0"},"jnews_post_split":{"post_split":[{"template":"1","tag":"h2","numbering":"asc","mode":"normal","toc_type":"normal"}]},"footnotes":""},"categories":[88,13],"tags":[551,431],"class_list":["post-28237","post","type-post","status-publish","format-standard","has-post-thumbnail","hentry","category-formacion","category-rio-tercero","tag-capacitacion","tag-delegados"],"jetpack_featured_media_url":"https:\/\/atecordoba.org\/wp-content\/uploads\/2021\/09\/242459793_1205290309882228_7870835982686652524_n-1-e1632493592748.jpg","_links":{"self":[{"href":"https:\/\/atecordoba.org\/index.php?rest_route=\/wp\/v2\/posts\/28237","targetHints":{"allow":["GET"]}}],"collection":[{"href":"https:\/\/atecordoba.org\/index.php?rest_route=\/wp\/v2\/posts"}],"about":[{"href":"https:\/\/atecordoba.org\/index.php?rest_route=\/wp\/v2\/types\/post"}],"author":[{"embeddable":true,"href":"https:\/\/atecordoba.org\/index.php?rest_route=\/wp\/v2\/users\/7"}],"replies":[{"embeddable":true,"href":"https:\/\/atecordoba.org\/index.php?rest_route=%2Fwp%2Fv2%2Fcomments&post=28237"}],"version-history":[{"count":1,"href":"https:\/\/atecordoba.org\/index.php?rest_route=\/wp\/v2\/posts\/28237\/revisions"}],"predecessor-version":[{"id":28239,"href":"https:\/\/atecordoba.org\/index.php?rest_route=\/wp\/v2\/posts\/28237\/revisions\/28239"}],"wp:featuredmedia":[{"embeddable":true,"href":"https:\/\/atecordoba.org\/index.php?rest_route=\/wp\/v2\/media\/28238"}],"wp:attachment":[{"href":"https:\/\/atecordoba.org\/index.php?rest_route=%2Fwp%2Fv2%2Fmedia&parent=28237"}],"wp:term":[{"taxonomy":"category","embeddable":true,"href":"https:\/\/atecordoba.org\/index.php?rest_route=%2Fwp%2Fv2%2Fcategories&post=28237"},{"taxonomy":"post_tag","embeddable":true,"href":"https:\/\/atecordoba.org\/index.php?rest_route=%2Fwp%2Fv2%2Ftags&post=28237"}],"curies":[{"name":"wp","href":"https:\/\/api.w.org\/{rel}","templated":true}]}}