{"id":28232,"date":"2021-09-24T11:18:33","date_gmt":"2021-09-24T14:18:33","guid":{"rendered":"https:\/\/atecordoba.org\/?p=28232"},"modified":"2021-09-24T11:18:53","modified_gmt":"2021-09-24T14:18:53","slug":"ate-traslasierra-se-reunio-con-el-jefe-comunal-de-san-vicente","status":"publish","type":"post","link":"https:\/\/atecordoba.org\/?p=28232","title":{"rendered":"ATE Traslasierra se reuni\u00f3 con el jefe Comunal de San Vicente"},"content":{"rendered":"\n<div class=\"wp-block-image\"><figure class=\"aligncenter size-large is-resized\"><img loading=\"lazy\" decoding=\"async\" src=\"https:\/\/atecordoba.org\/wp-content\/uploads\/2021\/09\/reunion-galaburri-y-mary-diaz-con-comuna-san-vicente.png\" alt=\"\" class=\"wp-image-28235\" width=\"394\" height=\"475\" \/><figcaption>Galaburri y Mary Diaz, con el jefe Comunal Oviedo.<\/figcaption><\/figure><\/div>\n\n\n\n<p>El mi\u00e9rcoles 22 de septiembre el delegado regional de ATE Traslasierra, Hugo Galaburri, y la delegada regional de los municipales, Mary D\u00edaz mantuvieron una audiencia con el Jefe Comunal, El\u00edas Oviedo, para realizar la presentaci\u00f3n formal de nuestra organizaci\u00f3n en el sector. <\/p>\n\n\n\n<p>En la oportunidad, se inform\u00f3 sobre los afiliados y afiliadas de ATE Traslasierra en la localidad de San Vicente, novedad recibida por Oviedo en el marco de una c\u00e1lida reuni\u00f3n donde tambi\u00e9n se informaron los lineamientos de nuestro sindicato, de cara a la gesti\u00f3n gremial.<\/p>\n\n\n\n<p>ATE crece en Traslasierra.<\/p>\n","protected":false},"excerpt":{"rendered":"<p>El mi\u00e9rcoles 22 de septiembre el delegado regional de ATE Traslasierra, Hugo Galaburri, y la delegada regional de los municipales, Mary D\u00edaz mantuvieron una audiencia con el Jefe Comunal, El\u00edas Oviedo, para realizar la presentaci\u00f3n formal de nuestra organizaci\u00f3n en el sector. En la oportunidad, se inform\u00f3 sobre los afiliados y afiliadas de ATE Traslasierra [&hellip;]<\/p>\n","protected":false},"author":7,"featured_media":28235,"comment_status":"open","ping_status":"open","sticky":false,"template":"","format":"standard","meta":{"_exactmetrics_skip_tracking":false,"_exactmetrics_sitenote_active":false,"_exactmetrics_sitenote_note":"","_exactmetrics_sitenote_category":0,"jnews-multi-image_gallery":[],"jnews_single_post":{"subtitle":"La reuni\u00f3n se dio en el contexto del marcado crecimiento en afiliaciones que ATE esta mostrando en Traslasierra.","format":"standard","video":"","gallery":"","source_name":"","source_url":"","via_name":"","via_url":"","override":[{"template":"1","single_blog_custom":"","parallax":"1","fullscreen":"1","layout":"right-sidebar","sidebar":"default-sidebar","second_sidebar":"default-sidebar","sticky_sidebar":"1","share_position":"top","share_float_style":"share-monocrhome","show_share_counter":"1","show_view_counter":"1","show_featured":"1","show_post_meta":"1","show_post_author":"1","show_post_author_image":"1","show_post_date":"1","post_date_format":"default","post_date_format_custom":"Y\/m\/d","show_post_category":"1","post_reading_time_wpm":"300","zoom_button_out_step":"2","zoom_button_in_step":"3","show_post_tag":"1","show_prev_next_post":"1","show_popup_post":"1","number_popup_post":"1"}],"image_override":[{"single_post_thumbnail_size":"crop-500","single_post_gallery_size":"crop-500"}],"trending_post_position":"meta","trending_post_label":"Trending","sponsored_post_label":"Sponsored by","sponsored_post_name":"","sponsored_post_url":"","sponsored_post_logo":"","sponsored_post_desc":""},"jnews_primary_category":{"id":""},"jnews_social_meta":{"fb_title":"","fb_description":"","fb_image":"","twitter_title":"","twitter_description":"","twitter_image":""},"jnews_review":[],"enable_review":"","type":"percentage","name":"","summary":"","brand":"","sku":"","good":[{"good_text":""}],"bad":[{"bad_text":""}],"score_override":"","override_value":"","rating":[{"rating_text":"","rating_number":"10"}],"price":[{"shop":"","price":"","link":"","icon":""}],"jnews_override_counter":{"view_counter_number":"0","share_counter_number":"0","like_counter_number":"0","dislike_counter_number":"0"},"jnews_post_split":{"post_split":[{"template":"1","tag":"h2","numbering":"asc","mode":"normal","toc_type":"normal"}]},"footnotes":""},"categories":[20],"tags":[929],"class_list":["post-28232","post","type-post","status-publish","format-standard","has-post-thumbnail","hentry","category-municipales","tag-ate-traslasierra"],"jetpack_featured_media_url":"https:\/\/atecordoba.org\/wp-content\/uploads\/2021\/09\/reunion-galaburri-y-mary-diaz-con-comuna-san-vicente-e1632493057277.png","_links":{"self":[{"href":"https:\/\/atecordoba.org\/index.php?rest_route=\/wp\/v2\/posts\/28232","targetHints":{"allow":["GET"]}}],"collection":[{"href":"https:\/\/atecordoba.org\/index.php?rest_route=\/wp\/v2\/posts"}],"about":[{"href":"https:\/\/atecordoba.org\/index.php?rest_route=\/wp\/v2\/types\/post"}],"author":[{"embeddable":true,"href":"https:\/\/atecordoba.org\/index.php?rest_route=\/wp\/v2\/users\/7"}],"replies":[{"embeddable":true,"href":"https:\/\/atecordoba.org\/index.php?rest_route=%2Fwp%2Fv2%2Fcomments&post=28232"}],"version-history":[{"count":1,"href":"https:\/\/atecordoba.org\/index.php?rest_route=\/wp\/v2\/posts\/28232\/revisions"}],"predecessor-version":[{"id":28236,"href":"https:\/\/atecordoba.org\/index.php?rest_route=\/wp\/v2\/posts\/28232\/revisions\/28236"}],"wp:featuredmedia":[{"embeddable":true,"href":"https:\/\/atecordoba.org\/index.php?rest_route=\/wp\/v2\/media\/28235"}],"wp:attachment":[{"href":"https:\/\/atecordoba.org\/index.php?rest_route=%2Fwp%2Fv2%2Fmedia&parent=28232"}],"wp:term":[{"taxonomy":"category","embeddable":true,"href":"https:\/\/atecordoba.org\/index.php?rest_route=%2Fwp%2Fv2%2Fcategories&post=28232"},{"taxonomy":"post_tag","embeddable":true,"href":"https:\/\/atecordoba.org\/index.php?rest_route=%2Fwp%2Fv2%2Ftags&post=28232"}],"curies":[{"name":"wp","href":"https:\/\/api.w.org\/{rel}","templated":true}]}}