{"id":28226,"date":"2021-09-24T10:54:41","date_gmt":"2021-09-24T13:54:41","guid":{"rendered":"https:\/\/atecordoba.org\/?p=28226"},"modified":"2022-01-24T10:58:51","modified_gmt":"2022-01-24T13:58:51","slug":"otro-logro-de-las-trabajadoras-del-ministerio-de-la-mujer-nucleadas-en-ate","status":"publish","type":"post","link":"https:\/\/atecordoba.org\/?p=28226","title":{"rendered":"Otro logro de las trabajadoras del Ministerio de la Mujer nucleadas en ATE"},"content":{"rendered":"\n<div class=\"wp-block-image\"><figure class=\"aligncenter size-large is-resized\"><img loading=\"lazy\" decoding=\"async\" src=\"https:\/\/atecordoba.org\/wp-content\/uploads\/2021\/09\/ministerio-de-la-mujer-1-1024x563.jpg\" alt=\"\" class=\"wp-image-28227\" width=\"768\" height=\"422\" \/><\/figure><\/div>\n\n\n\n<p>Luego de solicitar audiencia los d\u00edas pasados a la ministra de la Mujer, Claudia Mart\u00ednez, se comienzan a o\u00edr los primeros ecos de respuestas.<\/p>\n\n\n\n<p>Concretamente, las autoridades del organismo implementaron una reducci\u00f3n de los d\u00edas de guardia en el \u00e1rea de asistencia al tiempo que se dispuso un aumento salarial para monotributistas.<\/p>\n\n\n\n<p>Adem\u00e1s se resolvi\u00f3 ofrecer al personal programas de formaci\u00f3n (residencias) para profesionales bajo convenio con colegios profesionales.<\/p>\n\n\n\n<p>Se trata de medidas largamente reclamadas y que forman parte, de apenas, una peque\u00f1a parte de la larga agenda de reclamos que tiene el sector. En tal sentido, se expres\u00f3 el martes pasado la delegada de ATE Bel\u00e9n Valletto en el programa radial Entre todos y todas, que la Secretar\u00eda de Prensa de ATE C\u00f3rdoba emite por GENFM 107.5.<\/p>\n\n\n\n<p><strong>A\u00f1os de lucha<\/strong><\/p>\n\n\n\n<p>Consultada por el clima que se vive en el Ministerio, Valletto dijo que \u201cdesde hace a\u00f1os llevamos adelante una lucha, organiz\u00e1ndonos desde las bases por medio de la herramienta gremial de ATE. Este a\u00f1o fue muy duro porque a\u00fan hoy estamos arm\u00e1ndonos despu\u00e9s de las consecuencias terribles de la operaci\u00f3n que se hizo desde la patronal y el SEP contra ATE y la organizaci\u00f3n que nos damos las trabajadoras\u201d.<\/p>\n\n\n\n<div class=\"wp-block-image\"><figure class=\"alignright size-large is-resized\"><img loading=\"lazy\" decoding=\"async\" src=\"https:\/\/atecordoba.org\/wp-content\/uploads\/2021\/09\/21_09_Valetto-1024x575.jpeg\" alt=\"\" class=\"wp-image-28228\" width=\"647\" height=\"363\" srcset=\"https:\/\/atecordoba.org\/wp-content\/uploads\/2021\/09\/21_09_Valetto-1024x575.jpeg 1024w, https:\/\/atecordoba.org\/wp-content\/uploads\/2021\/09\/21_09_Valetto-300x169.jpeg 300w, https:\/\/atecordoba.org\/wp-content\/uploads\/2021\/09\/21_09_Valetto-768x431.jpeg 768w, https:\/\/atecordoba.org\/wp-content\/uploads\/2021\/09\/21_09_Valetto-750x421.jpeg 750w, https:\/\/atecordoba.org\/wp-content\/uploads\/2021\/09\/21_09_Valetto-1140x640.jpeg 1140w, https:\/\/atecordoba.org\/wp-content\/uploads\/2021\/09\/21_09_Valetto.jpeg 1280w\" sizes=\"auto, (max-width: 647px) 100vw, 647px\" \/><figcaption>La delegada Belen Valetto (izquierda).<\/figcaption><\/figure><\/div>\n\n\n\n<p>Y record\u00f3 que \u201chab\u00edamos hecho un paro y nos aplicaron despidos y descuentos salariales para disciplinarnos. Logramos la reincorporaci\u00f3n de las despedidas, pero todo eso trajo consecuencias y solo de a poquito pudimos reencontrarnos en las asambleas. Por eso solicitamos entonces, a partir de la resoluci\u00f3n de la asamblea, pedir una audiencia con la ministra Claudia Mart\u00ednez, debido a que hab\u00eda un compromiso firmado para que las monotributistas pasen a contratos. Esto se hizo efectivo con un grupo de compa\u00f1eres pero ahora aguardamos se cumpla otro escal\u00f3n m\u00e1s de contratos. Se trata de compa\u00f1eres con m\u00e1s de cinco a\u00f1os de antig\u00fcedad como monotributistas\u201d.<\/p>\n\n\n\n<p>La delegada dijo que reclaman tambi\u00e9n que las compa\u00f1eras con contratos letra B, de tipo administrativo sin reconocimiento profesional, sean recategorizadas.<\/p>\n\n\n\n<p>\u201cPor otro lado, pedimos abordar tambi\u00e9n las situaciones acuciantes que se suceden en las \u00e1reas de asistencia, en lo atinente a la dificultad de aplicar la interdisciplina cuando somos tan pocas profesionales por \u00e1rea, las condiciones laborales en relaci\u00f3n a lo salarial y lo contractual, lo precario de los m\u00f3dulos de contrataci\u00f3n, donde hay compa\u00f1eras sin obra social, a las que no se les reconoce su relaci\u00f3n de dependencia con el Estado porque tienen monotributos con convenios con Colegios profesionales\u201d, explic\u00f3.<\/p>\n\n\n\n<p>En definitiva, la delegada describi\u00f3 condiciones de contrataci\u00f3n con salarios que est\u00e1n por debajo de la l\u00ednea de la pobreza, no solo impedidos de cubrir la canasta b\u00e1sica familiar, sino que est\u00e1n por debajo de la l\u00ednea de la pobreza, y algunos salarios por debajo de la l\u00ednea de la indigencia.<\/p>\n\n\n\n<p><strong>Equipos vaciados e interdisciplina<\/strong><\/p>\n\n\n\n<p>La delegada afirm\u00f3 que \u201cpedimos m\u00faltiples veces la org\u00e1nica del Ministerio, y no nos quieren dar esa informaci\u00f3n porque cuando uno empieza a ver el mapa de la precariedad de las trabajadoras del Ministerio de la Mujer, porque hay equipos completos que fueron vaciados de profesionales. En algunos equipos no hay ni uno solo planta permanente. Y sabemos que sin planta permanente no hay posibilidad de luchar por otros derechos\u201d.<\/p>\n\n\n\n<p>Para Valetto \u201cla falta de capacidad para realizar la interdisciplina es muy terrible en cuanto al impacto que tiene en la calidad de la intervenci\u00f3n. Nuestra tarea es de riesgo psicosocial, siendo un servicio esencial que garantiza el acceso a un derecho fundamental de las mujeres y ni\u00f1eses. Deben reconocerse nuestros derechos a una integridad psicof\u00edsica para trabajar con este tipo de problem\u00e1ticas, no puede ser en cualquier condici\u00f3n que se trabaje, ni a las apuradas ni privilegiando la cantidad sobre la calidad\u201d.<\/p>\n\n\n\n<p>Por eso, la delegada de ATE sostuvo que \u201cno tengo dudas que el Gobierno de Schiaretti ampl\u00eda su presupuesto de la campa\u00f1a electoral, reduciendo el costo del trabajo y precarizando a las y los trabajadores\u201d.<\/p>\n","protected":false},"excerpt":{"rendered":"<p>Luego de solicitar audiencia los d\u00edas pasados a la ministra de la Mujer, Claudia Mart\u00ednez, se comienzan a o\u00edr los primeros ecos de respuestas. Concretamente, las autoridades del organismo implementaron una reducci\u00f3n de los d\u00edas de guardia en el \u00e1rea de asistencia al tiempo que se dispuso un aumento salarial para monotributistas. Adem\u00e1s se resolvi\u00f3 [&hellip;]<\/p>\n","protected":false},"author":7,"featured_media":28227,"comment_status":"open","ping_status":"open","sticky":false,"template":"","format":"standard","meta":{"_exactmetrics_skip_tracking":false,"_exactmetrics_sitenote_active":false,"_exactmetrics_sitenote_note":"","_exactmetrics_sitenote_category":0,"jnews-multi-image_gallery":[],"jnews_single_post":{"subtitle":"El organismo dispuso algunas medidas para contener los reclamos, como la reducci\u00f3n de los d\u00edas de guardia y un aumento para monotributistas, pero el panorama contin\u00faa con graves falencias. Entrevista con la delegada Bel\u00e9n Valletto. ","format":"standard","video":"","gallery":"","source_name":"","source_url":"","via_name":"","via_url":"","override":[{"template":"1","single_blog_custom":"","parallax":"1","fullscreen":"1","layout":"right-sidebar","sidebar":"default-sidebar","second_sidebar":"default-sidebar","sticky_sidebar":"1","share_position":"top","share_float_style":"share-monocrhome","show_share_counter":"1","show_view_counter":"1","show_featured":"1","show_post_meta":"1","show_post_author":"1","show_post_author_image":"1","show_post_date":"1","post_date_format":"default","post_date_format_custom":"Y\/m\/d","show_post_category":"1","post_reading_time_wpm":"300","zoom_button_out_step":"2","zoom_button_in_step":"3","show_post_tag":"1","show_prev_next_post":"1","show_popup_post":"1","number_popup_post":"1"}],"image_override":[{"single_post_thumbnail_size":"crop-500","single_post_gallery_size":"crop-500"}],"trending_post_position":"meta","trending_post_label":"Trending","sponsored_post_label":"Sponsored by","sponsored_post_name":"","sponsored_post_url":"","sponsored_post_logo":"","sponsored_post_desc":""},"jnews_primary_category":{"id":""},"jnews_social_meta":{"fb_title":"","fb_description":"","fb_image":"","twitter_title":"","twitter_description":"","twitter_image":""},"jnews_review":[],"enable_review":"","type":"percentage","name":"","summary":"","brand":"","sku":"","good":[{"good_text":""}],"bad":[{"bad_text":""}],"score_override":"","override_value":"","rating":[{"rating_text":"","rating_number":"10"}],"price":[{"shop":"","price":"","link":"","icon":""}],"jnews_override_counter":{"view_counter_number":"0","share_counter_number":"0","like_counter_number":"0","dislike_counter_number":"0"},"jnews_post_split":{"post_split":[{"template":"1","tag":"h2","numbering":"asc","mode":"normal","toc_type":"normal"}]},"footnotes":""},"categories":[341,8],"tags":[763],"class_list":["post-28226","post","type-post","status-publish","format-standard","has-post-thumbnail","hentry","category-cdp","category-provinciales","tag-ministerio-de-la-mujer"],"jetpack_featured_media_url":"https:\/\/atecordoba.org\/wp-content\/uploads\/2021\/09\/ministerio-de-la-mujer-1-e1632491662348.jpg","_links":{"self":[{"href":"https:\/\/atecordoba.org\/index.php?rest_route=\/wp\/v2\/posts\/28226","targetHints":{"allow":["GET"]}}],"collection":[{"href":"https:\/\/atecordoba.org\/index.php?rest_route=\/wp\/v2\/posts"}],"about":[{"href":"https:\/\/atecordoba.org\/index.php?rest_route=\/wp\/v2\/types\/post"}],"author":[{"embeddable":true,"href":"https:\/\/atecordoba.org\/index.php?rest_route=\/wp\/v2\/users\/7"}],"replies":[{"embeddable":true,"href":"https:\/\/atecordoba.org\/index.php?rest_route=%2Fwp%2Fv2%2Fcomments&post=28226"}],"version-history":[{"count":5,"href":"https:\/\/atecordoba.org\/index.php?rest_route=\/wp\/v2\/posts\/28226\/revisions"}],"predecessor-version":[{"id":28243,"href":"https:\/\/atecordoba.org\/index.php?rest_route=\/wp\/v2\/posts\/28226\/revisions\/28243"}],"wp:featuredmedia":[{"embeddable":true,"href":"https:\/\/atecordoba.org\/index.php?rest_route=\/wp\/v2\/media\/28227"}],"wp:attachment":[{"href":"https:\/\/atecordoba.org\/index.php?rest_route=%2Fwp%2Fv2%2Fmedia&parent=28226"}],"wp:term":[{"taxonomy":"category","embeddable":true,"href":"https:\/\/atecordoba.org\/index.php?rest_route=%2Fwp%2Fv2%2Fcategories&post=28226"},{"taxonomy":"post_tag","embeddable":true,"href":"https:\/\/atecordoba.org\/index.php?rest_route=%2Fwp%2Fv2%2Ftags&post=28226"}],"curies":[{"name":"wp","href":"https:\/\/api.w.org\/{rel}","templated":true}]}}