{"id":28211,"date":"2021-09-23T14:09:14","date_gmt":"2021-09-23T17:09:14","guid":{"rendered":"https:\/\/atecordoba.org\/?p=28211"},"modified":"2021-09-23T14:10:17","modified_gmt":"2021-09-23T17:10:17","slug":"salud-ate-san-francisco-se-moviliza-el-domingo","status":"publish","type":"post","link":"https:\/\/atecordoba.org\/?p=28211","title":{"rendered":"Salud: ATE San Francisco se moviliza el domingo"},"content":{"rendered":"\n<figure class=\"wp-block-gallery columns-3 is-cropped wp-block-gallery-1 is-layout-flex wp-block-gallery-is-layout-flex\"><ul class=\"blocks-gallery-grid\"><li class=\"blocks-gallery-item\"><figure><img loading=\"lazy\" decoding=\"async\" width=\"576\" height=\"1024\" src=\"https:\/\/atecordoba.org\/wp-content\/uploads\/2021\/09\/WhatsApp-Image-2021-09-23-at-13.43.13-1-576x1024.jpeg\" alt=\"\" data-id=\"28212\" data-full-url=\"https:\/\/atecordoba.org\/wp-content\/uploads\/2021\/09\/WhatsApp-Image-2021-09-23-at-13.43.13-1.jpeg\" data-link=\"https:\/\/atecordoba.org\/?attachment_id=28212\" class=\"wp-image-28212\" srcset=\"https:\/\/atecordoba.org\/wp-content\/uploads\/2021\/09\/WhatsApp-Image-2021-09-23-at-13.43.13-1-576x1024.jpeg 576w, https:\/\/atecordoba.org\/wp-content\/uploads\/2021\/09\/WhatsApp-Image-2021-09-23-at-13.43.13-1-169x300.jpeg 169w, https:\/\/atecordoba.org\/wp-content\/uploads\/2021\/09\/WhatsApp-Image-2021-09-23-at-13.43.13-1.jpeg 720w\" sizes=\"auto, (max-width: 576px) 100vw, 576px\" \/><\/figure><\/li><li class=\"blocks-gallery-item\"><figure><img loading=\"lazy\" decoding=\"async\" width=\"576\" height=\"1024\" src=\"https:\/\/atecordoba.org\/wp-content\/uploads\/2021\/09\/WhatsApp-Image-2021-09-23-at-13.43.13-576x1024.jpeg\" alt=\"\" data-id=\"28213\" data-full-url=\"https:\/\/atecordoba.org\/wp-content\/uploads\/2021\/09\/WhatsApp-Image-2021-09-23-at-13.43.13.jpeg\" data-link=\"https:\/\/atecordoba.org\/?attachment_id=28213\" class=\"wp-image-28213\" srcset=\"https:\/\/atecordoba.org\/wp-content\/uploads\/2021\/09\/WhatsApp-Image-2021-09-23-at-13.43.13-576x1024.jpeg 576w, https:\/\/atecordoba.org\/wp-content\/uploads\/2021\/09\/WhatsApp-Image-2021-09-23-at-13.43.13-169x300.jpeg 169w, https:\/\/atecordoba.org\/wp-content\/uploads\/2021\/09\/WhatsApp-Image-2021-09-23-at-13.43.13.jpeg 720w\" sizes=\"auto, (max-width: 576px) 100vw, 576px\" \/><\/figure><\/li><li class=\"blocks-gallery-item\"><figure><img loading=\"lazy\" decoding=\"async\" width=\"576\" height=\"1024\" src=\"https:\/\/atecordoba.org\/wp-content\/uploads\/2021\/09\/WhatsApp-Image-2021-09-23-at-13.43.12-576x1024.jpeg\" alt=\"\" data-id=\"28214\" data-full-url=\"https:\/\/atecordoba.org\/wp-content\/uploads\/2021\/09\/WhatsApp-Image-2021-09-23-at-13.43.12.jpeg\" data-link=\"https:\/\/atecordoba.org\/?attachment_id=28214\" class=\"wp-image-28214\" srcset=\"https:\/\/atecordoba.org\/wp-content\/uploads\/2021\/09\/WhatsApp-Image-2021-09-23-at-13.43.12-576x1024.jpeg 576w, https:\/\/atecordoba.org\/wp-content\/uploads\/2021\/09\/WhatsApp-Image-2021-09-23-at-13.43.12-169x300.jpeg 169w, https:\/\/atecordoba.org\/wp-content\/uploads\/2021\/09\/WhatsApp-Image-2021-09-23-at-13.43.12.jpeg 720w\" sizes=\"auto, (max-width: 576px) 100vw, 576px\" \/><\/figure><\/li><\/ul><\/figure>\n\n\n\n<p>En la continuidad del largo conflicto que envuelve a las y los trabajadores de la salud provincial, el secretario Gremial de ATE San Francisco, Cristian Gudi\u00f1o,  confirm\u00f3 que el pr\u00f3ximo domingo a las 17 horas se llevar\u00e1 a cabo una marcha convocada por la Multisectorial de la Salud. <\/p>\n\n\n\n<p>&#8220;Vamos a recorrer las calles de San Francisco para dejar en claro el malestar del sector de la salud con el gobierno provincial&#8221;, coment\u00f3 Gudi\u00f1o en el programa radial Entre todos y todas, que la Secretar\u00eda de Prensa de ATE C\u00f3rdoba emite en GENFM 107.5.<\/p>\n\n\n\n<p>La movilizaci\u00f3n partir\u00e1 de la puerta del Hospital Iturraspe a las 17 horas, para recorrer en caravana las principales arterias del centro de la ciudad de San Francisco.<\/p>\n\n\n\n<p>Esta medida fue resuelta en asamblea el martes pasado, cuando la Multisectorial de la Salud convoc\u00f3 a las y los trabajadores a repudiar el acuerdo salarial del Gobierno de C\u00f3rdoba y el SEP. &#8220;Las y los compa\u00f1eros se est\u00e1n animando cada vez m\u00e1s, primero a afiliarse y ahora a participar de las acciones gremiales&#8221;, explic\u00f3 el dirigente. Hace un que se vienen haciendo asambleas casi todas las semanas.<\/p>\n\n\n\n<p>&#8220;Hasta el director del Hospital, el dr Valent\u00edn Vicente, baj\u00f3 en la \u00faltima asamblea a darnos su apoyo. Porque ha sido un compa\u00f1ero durante muchos a\u00f1os en la terapia del hospital. Nos dijo que el reclamo es justo&#8221;, a\u00f1adi\u00f3 Gudi\u00f1o.<\/p>\n\n\n\n<p><strong>Municipios<\/strong><\/p>\n\n\n\n<p>Por otro lado, Gudi\u00f1o dio un abalance de la actividad gremial en la rama de municipios donde la seccional tiene presencia en el Departamento San Justo.<\/p>\n\n\n\n<p>&#8220;Donde tenemos representaci\u00f3n, San Francisco, Devoto, Colonia Marina, Tr\u00e1nsito, Freyre, fuimos paritarios y nos fue bien, logrando aumentos acordes a la inflaci\u00f3n y no est\u00e1 cerrada la paritaria en ning\u00fan lado. Conseguimos pases a planta permanente y contratos para los monotributistas y becarios&#8221;, rese\u00f1\u00f3.<\/p>\n\n\n\n<p>Para Gudi\u00f1o, el balance el positivo y el resultado se ve en la cantidad de afiliaciones que se est\u00e1n registrando, alcanzando 430 afiliados y afiliadas en solo dos a\u00f1os, con la perspectiva concretar las elecciones de la seccional.<\/p>\n","protected":false},"excerpt":{"rendered":"<p>En la continuidad del largo conflicto que envuelve a las y los trabajadores de la salud provincial, el secretario Gremial de ATE San Francisco, Cristian Gudi\u00f1o, confirm\u00f3 que el pr\u00f3ximo domingo a las 17 horas se llevar\u00e1 a cabo una marcha convocada por la Multisectorial de la Salud. &#8220;Vamos a recorrer las calles de San [&hellip;]<\/p>\n","protected":false},"author":7,"featured_media":27475,"comment_status":"open","ping_status":"open","sticky":false,"template":"","format":"standard","meta":{"_exactmetrics_skip_tracking":false,"_exactmetrics_sitenote_active":false,"_exactmetrics_sitenote_note":"","_exactmetrics_sitenote_category":0,"jnews-multi-image_gallery":[],"jnews_single_post":{"subtitle":"Las y los trabajadores se movilizan junto a la comunidad en rechazo a las pol\u00edticas salariales de miseria del gobierno de Schiaretti. ","format":"standard","video":"","gallery":"","source_name":"","source_url":"","via_name":"","via_url":"","override":[{"template":"1","single_blog_custom":"","parallax":"1","fullscreen":"1","layout":"right-sidebar","sidebar":"default-sidebar","second_sidebar":"default-sidebar","sticky_sidebar":"1","share_position":"top","share_float_style":"share-monocrhome","show_share_counter":"1","show_view_counter":"1","show_featured":"1","show_post_meta":"1","show_post_author":"1","show_post_author_image":"1","show_post_date":"1","post_date_format":"default","post_date_format_custom":"Y\/m\/d","show_post_category":"1","post_reading_time_wpm":"300","zoom_button_out_step":"2","zoom_button_in_step":"3","show_post_tag":"1","show_prev_next_post":"1","show_popup_post":"1","number_popup_post":"1"}],"image_override":[{"single_post_thumbnail_size":"crop-500","single_post_gallery_size":"crop-500"}],"trending_post_position":"meta","trending_post_label":"Trending","sponsored_post_label":"Sponsored by","sponsored_post_name":"","sponsored_post_url":"","sponsored_post_logo":"","sponsored_post_desc":""},"jnews_primary_category":{"id":""},"jnews_social_meta":{"fb_title":"","fb_description":"","fb_image":"","twitter_title":"","twitter_description":"","twitter_image":""},"jnews_review":[],"enable_review":"","type":"percentage","name":"","summary":"","brand":"","sku":"","good":[{"good_text":""}],"bad":[{"bad_text":""}],"score_override":"","override_value":"","rating":[{"rating_text":"","rating_number":"10"}],"price":[{"shop":"","price":"","link":"","icon":""}],"jnews_override_counter":{"view_counter_number":"0","share_counter_number":"0","like_counter_number":"0","dislike_counter_number":"0"},"jnews_post_split":{"post_split":[{"template":"1","tag":"h2","numbering":"asc","mode":"normal","toc_type":"normal"}]},"footnotes":""},"categories":[8,148],"tags":[],"class_list":["post-28211","post","type-post","status-publish","format-standard","has-post-thumbnail","hentry","category-provinciales","category-san-justo"],"jetpack_featured_media_url":"https:\/\/atecordoba.org\/wp-content\/uploads\/2021\/08\/240667902_246518277473642_5521595549405804842_n-e1629985954971.jpg","_links":{"self":[{"href":"https:\/\/atecordoba.org\/index.php?rest_route=\/wp\/v2\/posts\/28211","targetHints":{"allow":["GET"]}}],"collection":[{"href":"https:\/\/atecordoba.org\/index.php?rest_route=\/wp\/v2\/posts"}],"about":[{"href":"https:\/\/atecordoba.org\/index.php?rest_route=\/wp\/v2\/types\/post"}],"author":[{"embeddable":true,"href":"https:\/\/atecordoba.org\/index.php?rest_route=\/wp\/v2\/users\/7"}],"replies":[{"embeddable":true,"href":"https:\/\/atecordoba.org\/index.php?rest_route=%2Fwp%2Fv2%2Fcomments&post=28211"}],"version-history":[{"count":1,"href":"https:\/\/atecordoba.org\/index.php?rest_route=\/wp\/v2\/posts\/28211\/revisions"}],"predecessor-version":[{"id":28215,"href":"https:\/\/atecordoba.org\/index.php?rest_route=\/wp\/v2\/posts\/28211\/revisions\/28215"}],"wp:featuredmedia":[{"embeddable":true,"href":"https:\/\/atecordoba.org\/index.php?rest_route=\/wp\/v2\/media\/27475"}],"wp:attachment":[{"href":"https:\/\/atecordoba.org\/index.php?rest_route=%2Fwp%2Fv2%2Fmedia&parent=28211"}],"wp:term":[{"taxonomy":"category","embeddable":true,"href":"https:\/\/atecordoba.org\/index.php?rest_route=%2Fwp%2Fv2%2Fcategories&post=28211"},{"taxonomy":"post_tag","embeddable":true,"href":"https:\/\/atecordoba.org\/index.php?rest_route=%2Fwp%2Fv2%2Ftags&post=28211"}],"curies":[{"name":"wp","href":"https:\/\/api.w.org\/{rel}","templated":true}]}}