{"id":2821,"date":"2013-06-03T14:35:57","date_gmt":"2013-06-03T17:35:57","guid":{"rendered":"http:\/\/www.atecordoba.org\/?p=2821"},"modified":"2013-06-03T14:35:57","modified_gmt":"2013-06-03T17:35:57","slug":"bell-ville-campana-de-informacion-sobre-personeria-de-ate-en-municipios","status":"publish","type":"post","link":"https:\/\/atecordoba.org\/?p=2821","title":{"rendered":"Bell ville: campa\u00f1a de informaci\u00f3n sobre personer\u00eda de ATE en provincia y municipios"},"content":{"rendered":"<p><em>Tras el fallo judicial que confirm\u00f3 el \u00e1mbito de representaci\u00f3n gremial de ATE en el la Provincia y los municipios cordobeses, el secretario de Interior Luis B\u00e1rcena estuvo en Bell Ville recorriendo diversos sectores estatales.\u00a0<\/em><\/p>\n<p><a href=\"http:\/\/www.atecordoba.org\/wp-content\/uploads\/2013\/06\/Luis-B\u00e1rcena-bell-ville.jpg\"><img loading=\"lazy\" decoding=\"async\" class=\"aligncenter size-full wp-image-2822\" title=\"Luis-B\u00e1rcena- bell ville\" src=\"http:\/\/www.atecordoba.org\/wp-content\/uploads\/2013\/06\/Luis-B\u00e1rcena-bell-ville.jpg\" alt=\"\" width=\"150\" height=\"150\" \/><\/a><\/p>\n<p>En ese marco, B\u00e1rcena realiz\u00f3 declaraciones la prensa local donde se\u00f1al\u00f3 que\u00a0\u201cesto comienza en mi repartici\u00f3n dentro del Ministerio de Educaci\u00f3n sobre los compa\u00f1eros que se postulan como delegados. Ah\u00ed tuvimos el primer rechazo e impugnaci\u00f3n. Seguimos luchando y finalmente el fallo sali\u00f3 el jueves al mediod\u00eda de la semana pasada donde la C\u00e1mara Superior Laboral falla a favor de ATE. Este fallo es muy parecido al que sali\u00f3 a\u00f1os atr\u00e1s en el gremio de PECIFA. El fallo nos reconforta ya que nos da representatividad, reconociendo que \u00e9ramos un gremio existente, incluso antes de que saliera el mismo. Nuestros delegados, cuando han querido ser removidos, han sido reconocidos. No recibimos nada del gobierno de la provincia ni tenemos representatividad partidaria alguna. S\u00f3lo entre lo que los compa\u00f1eros vienen a demandar a fin de defender sus derechos. No s\u00f3lo nos involucramos en el salario, sino en el resto de las \u00e1reas\u201d.<\/p>\n<p><strong>El hospital\u00a0Jos\u00e9 Antonio Ceballos<\/strong><\/p>\n<p><a href=\"http:\/\/www.atecordoba.org\/wp-content\/uploads\/2013\/06\/hospital-bell-ville-personal.jpg\"><img loading=\"lazy\" decoding=\"async\" class=\"aligncenter size-medium wp-image-2823\" title=\"hospital bell ville personal\" src=\"http:\/\/www.atecordoba.org\/wp-content\/uploads\/2013\/06\/hospital-bell-ville-personal-300x199.jpg\" alt=\"\" width=\"300\" height=\"199\" \/><\/a><\/p>\n<p>Consultado sobre si est\u00e1 al tanto de la situaci\u00f3n del sistema de salud de Bell Ville, B\u00e1rcena afirm\u00f3 que \u201d hemos recorrido el Hospital y hoy veo que la situaci\u00f3n no ha cambiado. Es lamentable que no se haya podido avanzar y haber protegido un poco m\u00e1s a los pacientes y los trabajadores, un trabajo muy destacado que no se refleja muchas veces para afuera pero que nosotros como trabajadores salimos a reconocer. Nuestros trabajadores de salud hacen todo un esfuerzo para poderlo sostener. Hay muchos compa\u00f1eros que concursaron y a\u00fan no pudieron ingresar. Hoy por hoy el gobierno ha precarizado la mano de obra, lo que es muy lastimoso ya que el trabajador no cubre con las necesidades m\u00ednimas. Incluso a veces son rehenes pol\u00edticos del gobierno en campa\u00f1as pol\u00edticas. No ten\u00edamos este ej\u00e9rcito de precariedad que hay hoy en d\u00eda, el que se ha masificado en grande. Debemos tener en cuenta de ahora en m\u00e1s que salud queremos, as\u00ed como la educaci\u00f3n. Que los trabajadores tengan un salario digno y condiciones adecuadas para poder ejercer su profesi\u00f3n, defendiendo sus derechos\u201d, puntualiz\u00f3 B\u00e1rcena en un extenso di\u00e1logo donde abord\u00f3 otros puntos.<\/p>\n<p>(fuente:\u00a0<a href=\"http:\/\/www.informabellville.com.ar\/\">http:\/\/www.informabellville.com.ar<\/a>)<\/p>\n","protected":false},"excerpt":{"rendered":"<p>Tras el fallo judicial que confirm\u00f3 el \u00e1mbito de representaci\u00f3n gremial de ATE en el la Provincia y los municipios cordobeses, el secretario de Interior Luis B\u00e1rcena estuvo en Bell Ville recorriendo diversos sectores estatales.\u00a0 En ese marco, B\u00e1rcena realiz\u00f3 declaraciones la prensa local donde se\u00f1al\u00f3 que\u00a0\u201cesto comienza en mi repartici\u00f3n dentro del Ministerio de [&hellip;]<\/p>\n","protected":false},"author":1,"featured_media":19220,"comment_status":"open","ping_status":"open","sticky":false,"template":"","format":"standard","meta":{"_exactmetrics_skip_tracking":false,"_exactmetrics_sitenote_active":false,"_exactmetrics_sitenote_note":"","_exactmetrics_sitenote_category":0,"jnews-multi-image_gallery":[],"jnews_single_post":[],"jnews_primary_category":[],"jnews_social_meta":[],"jnews_review":[],"enable_review":"","type":"","name":"","summary":"","brand":"","sku":"","good":[],"bad":[],"score_override":"","override_value":"","rating":[],"price":[],"jnews_override_counter":[],"jnews_post_split":[],"footnotes":""},"categories":[20],"tags":[],"class_list":["post-2821","post","type-post","status-publish","format-standard","has-post-thumbnail","hentry","category-municipales"],"jetpack_featured_media_url":"https:\/\/atecordoba.org\/wp-content\/uploads\/2020\/05\/logo-nuevochico-e1561581322808.png","_links":{"self":[{"href":"https:\/\/atecordoba.org\/index.php?rest_route=\/wp\/v2\/posts\/2821","targetHints":{"allow":["GET"]}}],"collection":[{"href":"https:\/\/atecordoba.org\/index.php?rest_route=\/wp\/v2\/posts"}],"about":[{"href":"https:\/\/atecordoba.org\/index.php?rest_route=\/wp\/v2\/types\/post"}],"author":[{"embeddable":true,"href":"https:\/\/atecordoba.org\/index.php?rest_route=\/wp\/v2\/users\/1"}],"replies":[{"embeddable":true,"href":"https:\/\/atecordoba.org\/index.php?rest_route=%2Fwp%2Fv2%2Fcomments&post=2821"}],"version-history":[{"count":0,"href":"https:\/\/atecordoba.org\/index.php?rest_route=\/wp\/v2\/posts\/2821\/revisions"}],"wp:featuredmedia":[{"embeddable":true,"href":"https:\/\/atecordoba.org\/index.php?rest_route=\/wp\/v2\/media\/19220"}],"wp:attachment":[{"href":"https:\/\/atecordoba.org\/index.php?rest_route=%2Fwp%2Fv2%2Fmedia&parent=2821"}],"wp:term":[{"taxonomy":"category","embeddable":true,"href":"https:\/\/atecordoba.org\/index.php?rest_route=%2Fwp%2Fv2%2Fcategories&post=2821"},{"taxonomy":"post_tag","embeddable":true,"href":"https:\/\/atecordoba.org\/index.php?rest_route=%2Fwp%2Fv2%2Ftags&post=2821"}],"curies":[{"name":"wp","href":"https:\/\/api.w.org\/{rel}","templated":true}]}}