{"id":28208,"date":"2021-09-23T12:16:59","date_gmt":"2021-09-23T15:16:59","guid":{"rendered":"https:\/\/atecordoba.org\/?p=28208"},"modified":"2021-09-23T12:17:19","modified_gmt":"2021-09-23T15:17:19","slug":"ley-de-enfermeria-fueron-muchos-anos-de-reclamos","status":"publish","type":"post","link":"https:\/\/atecordoba.org\/?p=28208","title":{"rendered":"Ley de Enfermer\u00eda: &#8220;fueron muchos a\u00f1os de reclamos&#8221;"},"content":{"rendered":"\n<div class=\"wp-block-image\"><figure class=\"aligncenter size-large\"><img loading=\"lazy\" decoding=\"async\" width=\"1024\" height=\"575\" src=\"https:\/\/atecordoba.org\/wp-content\/uploads\/2021\/09\/21_09_Sierra_Gudino-1024x575.jpeg\" alt=\"\" class=\"wp-image-28209\" srcset=\"https:\/\/atecordoba.org\/wp-content\/uploads\/2021\/09\/21_09_Sierra_Gudino-1024x575.jpeg 1024w, https:\/\/atecordoba.org\/wp-content\/uploads\/2021\/09\/21_09_Sierra_Gudino-300x169.jpeg 300w, https:\/\/atecordoba.org\/wp-content\/uploads\/2021\/09\/21_09_Sierra_Gudino-768x431.jpeg 768w, https:\/\/atecordoba.org\/wp-content\/uploads\/2021\/09\/21_09_Sierra_Gudino-750x421.jpeg 750w, https:\/\/atecordoba.org\/wp-content\/uploads\/2021\/09\/21_09_Sierra_Gudino-1140x640.jpeg 1140w, https:\/\/atecordoba.org\/wp-content\/uploads\/2021\/09\/21_09_Sierra_Gudino.jpeg 1280w\" sizes=\"auto, (max-width: 1024px) 100vw, 1024px\" \/><\/figure><\/div>\n\n\n\n<p>En una entrevista que dio al programa radial Entre todos y todas, que la Secretaria de Prensa de ATE C\u00f3rdoba emite por GENFM107.5, la delegada de ATE en el Hospital de Ni\u00f1os y enfermera especializada en cardiopat\u00edas pedi\u00e1tricas, Yamila Sierra, celebr\u00f3 la aprobaci\u00f3n en la Legislatura de la Ley de Ejercicio Profesional de la Enfermer\u00eda.<\/p>\n\n\n\n<p>&#8220;Esto fue el trabajo de muchas asociaciones y organizaciones, muchas personas que estuvieron involucradas con el objetivo del reconocimiento de la profesi\u00f3n, estableciendo deberes, una matr\u00edcula&#8221;, celebr\u00f3 la delegada, al tiempo que aclar\u00f3 que &#8220;este reconocimiento debe venir acompa\u00f1ado con un salario acorde&#8221;.<\/p>\n\n\n\n<p>Seguidamente, Sierra hizo referencia a la gran asamblea realizada en el Hospital C\u00f3rdoba, con motivo del D\u00eda de la Sanidad. &#8220;No lo pudimos celebrar porque seguimos teniendo nuestros sueldos precarizados, mucha gente que no tiene contrato, que son monotributistas y becarios. Por eso mostramos que no es un d\u00eda de felicidad&#8221;.<\/p>\n\n\n\n<p>Y agreg\u00f3: &#8220;celebraremos cuando nuestros sueldos no est\u00e9n bajo la l\u00ednea de la pobreza, cuando el gobierno escuche a los gremios que representan a las y los trabajadores de la salud&#8221;.<\/p>\n\n\n\n<p><\/p>\n\n\n\n<p><\/p>\n","protected":false},"excerpt":{"rendered":"<p>En una entrevista que dio al programa radial Entre todos y todas, que la Secretaria de Prensa de ATE C\u00f3rdoba emite por GENFM107.5, la delegada de ATE en el Hospital de Ni\u00f1os y enfermera especializada en cardiopat\u00edas pedi\u00e1tricas, Yamila Sierra, celebr\u00f3 la aprobaci\u00f3n en la Legislatura de la Ley de Ejercicio Profesional de la Enfermer\u00eda. [&hellip;]<\/p>\n","protected":false},"author":7,"featured_media":28209,"comment_status":"open","ping_status":"open","sticky":false,"template":"","format":"standard","meta":{"_exactmetrics_skip_tracking":false,"_exactmetrics_sitenote_active":false,"_exactmetrics_sitenote_note":"","_exactmetrics_sitenote_category":0,"jnews-multi-image_gallery":[],"jnews_single_post":{"subtitle":"Ahora el reconocimiento debe ir acompa\u00f1ado por salarios acordes, dijo la delegada Yamila Sierra.","format":"standard","video":"","gallery":"","source_name":"","source_url":"","via_name":"","via_url":"","override":[{"template":"1","single_blog_custom":"","parallax":"1","fullscreen":"1","layout":"right-sidebar","sidebar":"default-sidebar","second_sidebar":"default-sidebar","sticky_sidebar":"1","share_position":"top","share_float_style":"share-monocrhome","show_share_counter":"1","show_view_counter":"1","show_featured":"1","show_post_meta":"1","show_post_author":"1","show_post_author_image":"1","show_post_date":"1","post_date_format":"default","post_date_format_custom":"Y\/m\/d","show_post_category":"1","post_reading_time_wpm":"300","zoom_button_out_step":"2","zoom_button_in_step":"3","show_post_tag":"1","show_prev_next_post":"1","show_popup_post":"1","number_popup_post":"1"}],"image_override":[{"single_post_thumbnail_size":"crop-500","single_post_gallery_size":"crop-500"}],"trending_post_position":"meta","trending_post_label":"Trending","sponsored_post_label":"Sponsored by","sponsored_post_name":"","sponsored_post_url":"","sponsored_post_logo":"","sponsored_post_desc":""},"jnews_primary_category":{"id":""},"jnews_social_meta":{"fb_title":"","fb_description":"","fb_image":"","twitter_title":"","twitter_description":"","twitter_image":""},"jnews_review":[],"enable_review":"","type":"percentage","name":"","summary":"","brand":"","sku":"","good":[{"good_text":""}],"bad":[{"bad_text":""}],"score_override":"","override_value":"","rating":[{"rating_text":"","rating_number":"10"}],"price":[{"shop":"","price":"","link":"","icon":""}],"jnews_override_counter":{"view_counter_number":"0","share_counter_number":"0","like_counter_number":"0","dislike_counter_number":"0"},"jnews_post_split":{"post_split":[{"template":"1","tag":"h2","numbering":"asc","mode":"normal","toc_type":"normal"}]},"footnotes":""},"categories":[8],"tags":[928],"class_list":["post-28208","post","type-post","status-publish","format-standard","has-post-thumbnail","hentry","category-provinciales","tag-ley-de-enfermeria"],"jetpack_featured_media_url":"https:\/\/atecordoba.org\/wp-content\/uploads\/2021\/09\/21_09_Sierra_Gudino.jpeg","_links":{"self":[{"href":"https:\/\/atecordoba.org\/index.php?rest_route=\/wp\/v2\/posts\/28208","targetHints":{"allow":["GET"]}}],"collection":[{"href":"https:\/\/atecordoba.org\/index.php?rest_route=\/wp\/v2\/posts"}],"about":[{"href":"https:\/\/atecordoba.org\/index.php?rest_route=\/wp\/v2\/types\/post"}],"author":[{"embeddable":true,"href":"https:\/\/atecordoba.org\/index.php?rest_route=\/wp\/v2\/users\/7"}],"replies":[{"embeddable":true,"href":"https:\/\/atecordoba.org\/index.php?rest_route=%2Fwp%2Fv2%2Fcomments&post=28208"}],"version-history":[{"count":1,"href":"https:\/\/atecordoba.org\/index.php?rest_route=\/wp\/v2\/posts\/28208\/revisions"}],"predecessor-version":[{"id":28210,"href":"https:\/\/atecordoba.org\/index.php?rest_route=\/wp\/v2\/posts\/28208\/revisions\/28210"}],"wp:featuredmedia":[{"embeddable":true,"href":"https:\/\/atecordoba.org\/index.php?rest_route=\/wp\/v2\/media\/28209"}],"wp:attachment":[{"href":"https:\/\/atecordoba.org\/index.php?rest_route=%2Fwp%2Fv2%2Fmedia&parent=28208"}],"wp:term":[{"taxonomy":"category","embeddable":true,"href":"https:\/\/atecordoba.org\/index.php?rest_route=%2Fwp%2Fv2%2Fcategories&post=28208"},{"taxonomy":"post_tag","embeddable":true,"href":"https:\/\/atecordoba.org\/index.php?rest_route=%2Fwp%2Fv2%2Ftags&post=28208"}],"curies":[{"name":"wp","href":"https:\/\/api.w.org\/{rel}","templated":true}]}}