{"id":28200,"date":"2021-09-23T09:31:26","date_gmt":"2021-09-23T12:31:26","guid":{"rendered":"https:\/\/atecordoba.org\/?p=28200"},"modified":"2021-09-23T09:38:02","modified_gmt":"2021-09-23T12:38:02","slug":"rio-cuarto-eleccion-de-delegadas-os-en-la-senaf-y-en-el-ministerio-de-trabajo","status":"publish","type":"post","link":"https:\/\/atecordoba.org\/?p=28200","title":{"rendered":"R\u00edo Cuarto: elecci\u00f3n de delegadas\/os en la SENAF y  en el Ministerio de Trabajo"},"content":{"rendered":"\n<figure class=\"wp-block-gallery aligncenter columns-2 is-cropped wp-block-gallery-1 is-layout-flex wp-block-gallery-is-layout-flex\"><ul class=\"blocks-gallery-grid\"><li class=\"blocks-gallery-item\"><figure><a href=\"https:\/\/atecordoba.org\/wp-content\/uploads\/2021\/09\/trabajo_rio-4_delegada.jpg\"><img loading=\"lazy\" decoding=\"async\" width=\"300\" height=\"225\" src=\"https:\/\/atecordoba.org\/wp-content\/uploads\/2021\/09\/trabajo_rio-4_delegada.jpg\" alt=\"\" data-id=\"28201\" data-full-url=\"https:\/\/atecordoba.org\/wp-content\/uploads\/2021\/09\/trabajo_rio-4_delegada.jpg\" data-link=\"https:\/\/atecordoba.org\/?attachment_id=28201\" class=\"wp-image-28201\" \/><\/a><\/figure><\/li><li class=\"blocks-gallery-item\"><figure><a href=\"https:\/\/atecordoba.org\/wp-content\/uploads\/2021\/09\/senaf_rio-4_delegada.jpg\"><img decoding=\"async\" src=\"https:\/\/atecordoba.org\/wp-content\/uploads\/2021\/09\/senaf_rio-4_delegada.jpg\" alt=\"\" data-id=\"28202\" data-full-url=\"https:\/\/atecordoba.org\/wp-content\/uploads\/2021\/09\/senaf_rio-4_delegada.jpg\" data-link=\"https:\/\/atecordoba.org\/?attachment_id=28202\" class=\"wp-image-28202\" \/><\/a><\/figure><\/li><\/ul><\/figure>\n\n\n\n<p>En el caso de la Agencia Territorial R\u00edo Cuarto del Ministerio de Trabajo de la Naci\u00f3n, Mauricio Maccio, Secretario de Finanzas de ATE, fue quien encabez\u00f3 la organizaci\u00f3n de las elecciones. All\u00ed result\u00f3 elegida por el voto directo y secreto de las y los compa\u00f1eros, Eva Vel\u00e1squez.<\/p>\n\n\n\n<p>Por otra parte, las elecciones sentidas como \u201chist\u00f3ricas\u201d por parte de la electa delegada Yesica Blanc, se desarrollaron en la Secretar\u00eda de Ni\u00f1ez, Adolescencia y Familia (SENAF), y estuvieron a cargo del Secretario Gremial de ATE R\u00edo Cuarto, Pablo Irusta. La compa\u00f1era Blanc ser\u00e1 acompa\u00f1ada por Rosario Irusta durante los dos a\u00f1os de mandato.<\/p>\n\n\n\n<p>Adem\u00e1s, la Secretaria General de la Asociaci\u00f3n Trabajadores del Estado (ATE-CTA) Seccional R\u00edo Cuarto, Rafaela Alcoba, recorri\u00f3 y acompa\u00f1\u00f3 el proceso de votaci\u00f3n.<\/p>\n\n\n\n<p>Las delegadas representar\u00e1n a las y los trabajadores de tres maneras: Ante el empleador llevar\u00e1n la voluntad de sus compa\u00f1eros y compa\u00f1eras y de la instituci\u00f3n sindical. Ante el sindicato, representar\u00e1n las voces de las y los afiliados. Y ante las y los trabajadores, al sindicato.<\/p>\n","protected":false},"excerpt":{"rendered":"<p>En el caso de la Agencia Territorial R\u00edo Cuarto del Ministerio de Trabajo de la Naci\u00f3n, Mauricio Maccio, Secretario de Finanzas de ATE, fue quien encabez\u00f3 la organizaci\u00f3n de las elecciones. All\u00ed result\u00f3 elegida por el voto directo y secreto de las y los compa\u00f1eros, Eva Vel\u00e1squez. Por otra parte, las elecciones sentidas como \u201chist\u00f3ricas\u201d [&hellip;]<\/p>\n","protected":false},"author":7,"featured_media":28201,"comment_status":"open","ping_status":"open","sticky":false,"template":"","format":"standard","meta":{"_exactmetrics_skip_tracking":false,"_exactmetrics_sitenote_active":false,"_exactmetrics_sitenote_note":"","_exactmetrics_sitenote_category":0,"jnews-multi-image_gallery":[],"jnews_single_post":{"subtitle":"Ayer se llevaron adelante dos operativos de elecciones de los cuerpos de delegados y delegadas de ATE Seccional R\u00edo Cuarto.","format":"standard","video":"","gallery":"","source_name":"","source_url":"","via_name":"","via_url":"","override":[{"template":"1","single_blog_custom":"","parallax":"1","fullscreen":"1","layout":"right-sidebar","sidebar":"default-sidebar","second_sidebar":"default-sidebar","sticky_sidebar":"1","share_position":"top","share_float_style":"share-monocrhome","show_share_counter":"1","show_view_counter":"1","show_featured":"1","show_post_meta":"1","show_post_author":"1","show_post_author_image":"1","show_post_date":"1","post_date_format":"default","post_date_format_custom":"Y\/m\/d","show_post_category":"1","post_reading_time_wpm":"300","zoom_button_out_step":"2","zoom_button_in_step":"3","show_post_tag":"1","show_prev_next_post":"1","show_popup_post":"1","number_popup_post":"1"}],"image_override":[{"single_post_thumbnail_size":"crop-500","single_post_gallery_size":"crop-500"}],"trending_post_position":"meta","trending_post_label":"Trending","sponsored_post_label":"Sponsored by","sponsored_post_name":"","sponsored_post_url":"","sponsored_post_logo":"","sponsored_post_desc":""},"jnews_primary_category":{"id":""},"jnews_social_meta":{"fb_title":"","fb_description":"","fb_image":"","twitter_title":"","twitter_description":"","twitter_image":""},"jnews_review":[],"enable_review":"","type":"percentage","name":"","summary":"","brand":"","sku":"","good":[{"good_text":""}],"bad":[{"bad_text":""}],"score_override":"","override_value":"","rating":[{"rating_text":"","rating_number":"10"}],"price":[{"shop":"","price":"","link":"","icon":""}],"jnews_override_counter":{"view_counter_number":"0","share_counter_number":"0","like_counter_number":"0","dislike_counter_number":"0"},"jnews_post_split":{"post_split":[{"template":"1","tag":"h2","numbering":"asc","mode":"normal","toc_type":"normal"}]},"footnotes":""},"categories":[18,12],"tags":[338,457],"class_list":["post-28200","post","type-post","status-publish","format-standard","has-post-thumbnail","hentry","category-nacionales","category-rio-cuarto","tag-ministerio-de-trabajo-de-la-nacion","tag-senaf"],"jetpack_featured_media_url":"https:\/\/atecordoba.org\/wp-content\/uploads\/2021\/09\/trabajo_rio-4_delegada.jpg","_links":{"self":[{"href":"https:\/\/atecordoba.org\/index.php?rest_route=\/wp\/v2\/posts\/28200","targetHints":{"allow":["GET"]}}],"collection":[{"href":"https:\/\/atecordoba.org\/index.php?rest_route=\/wp\/v2\/posts"}],"about":[{"href":"https:\/\/atecordoba.org\/index.php?rest_route=\/wp\/v2\/types\/post"}],"author":[{"embeddable":true,"href":"https:\/\/atecordoba.org\/index.php?rest_route=\/wp\/v2\/users\/7"}],"replies":[{"embeddable":true,"href":"https:\/\/atecordoba.org\/index.php?rest_route=%2Fwp%2Fv2%2Fcomments&post=28200"}],"version-history":[{"count":1,"href":"https:\/\/atecordoba.org\/index.php?rest_route=\/wp\/v2\/posts\/28200\/revisions"}],"predecessor-version":[{"id":28203,"href":"https:\/\/atecordoba.org\/index.php?rest_route=\/wp\/v2\/posts\/28200\/revisions\/28203"}],"wp:featuredmedia":[{"embeddable":true,"href":"https:\/\/atecordoba.org\/index.php?rest_route=\/wp\/v2\/media\/28201"}],"wp:attachment":[{"href":"https:\/\/atecordoba.org\/index.php?rest_route=%2Fwp%2Fv2%2Fmedia&parent=28200"}],"wp:term":[{"taxonomy":"category","embeddable":true,"href":"https:\/\/atecordoba.org\/index.php?rest_route=%2Fwp%2Fv2%2Fcategories&post=28200"},{"taxonomy":"post_tag","embeddable":true,"href":"https:\/\/atecordoba.org\/index.php?rest_route=%2Fwp%2Fv2%2Ftags&post=28200"}],"curies":[{"name":"wp","href":"https:\/\/api.w.org\/{rel}","templated":true}]}}