{"id":28194,"date":"2021-09-22T14:18:27","date_gmt":"2021-09-22T17:18:27","guid":{"rendered":"https:\/\/atecordoba.org\/?p=28194"},"modified":"2021-09-22T14:52:56","modified_gmt":"2021-09-22T17:52:56","slug":"julia-giuliani-se-reunio-con-la-diputada-nacional-claudia-marquez-para-que-interceda-ante-diversas-situaciones-en-el-ministerio-de-la-mujer-y-de-salud-de-la-provincia-de-cordoba","status":"publish","type":"post","link":"https:\/\/atecordoba.org\/?p=28194","title":{"rendered":"Julia Giuliani se reuni\u00f3 con la diputada nacional Claudia M\u00e1rquez para que interceda ante diversas situaciones en el Ministerio de la Mujer y de Salud de la Provincia de C\u00f3rdoba"},"content":{"rendered":"\n<div class=\"wp-block-image\"><figure class=\"alignleft size-large is-resized\"><img loading=\"lazy\" decoding=\"async\" src=\"https:\/\/atecordoba.org\/wp-content\/uploads\/2021\/09\/22_09_Julia_Giuliani_Marquez-1024x630.jpg\" alt=\"\" class=\"wp-image-28195\" width=\"420\" height=\"258\" srcset=\"https:\/\/atecordoba.org\/wp-content\/uploads\/2021\/09\/22_09_Julia_Giuliani_Marquez-1024x630.jpg 1024w, https:\/\/atecordoba.org\/wp-content\/uploads\/2021\/09\/22_09_Julia_Giuliani_Marquez-300x184.jpg 300w, https:\/\/atecordoba.org\/wp-content\/uploads\/2021\/09\/22_09_Julia_Giuliani_Marquez-768x472.jpg 768w, https:\/\/atecordoba.org\/wp-content\/uploads\/2021\/09\/22_09_Julia_Giuliani_Marquez-1536x945.jpg 1536w, https:\/\/atecordoba.org\/wp-content\/uploads\/2021\/09\/22_09_Julia_Giuliani_Marquez-750x461.jpg 750w, https:\/\/atecordoba.org\/wp-content\/uploads\/2021\/09\/22_09_Julia_Giuliani_Marquez-1140x701.jpg 1140w, https:\/\/atecordoba.org\/wp-content\/uploads\/2021\/09\/22_09_Julia_Giuliani_Marquez.jpg 1727w\" sizes=\"auto, (max-width: 420px) 100vw, 420px\" \/><\/figure><\/div>\n\n\n\n<p>Julia Giuliani, Secretaria de Prensa de ATE C\u00f3rdoba, se reuni\u00f3 con la Diputada Claudia M\u00e1rquez para solicitarle que interceda ante Claudia Mart\u00ednez y Diego Cardozo, Ministra de la Mujer y de Salud del Gobierno de la Provincia de C\u00f3rdoba, respectivamente, por diversas situaciones suscitadas en esas \u00e1reas de Gobierno. <\/p>\n\n\n\n<p>Por un lado, <strong>Giuliani present\u00f3 a la legisladora la situaci\u00f3n de 5 trabajadoras\/es que cumpl\u00edan tareas en el Consejo de la Mujer de la Legislatura de C\u00f3rdoba y que, al disolverse el \u00e1rea, fueron traspasadas\/os al Ministerio de la Mujer de la Provincia.<\/strong> En ese traspaso, las\/los damnificados, perdieron el reconocimiento de categor\u00edas y antig\u00fcedad, llegando a cobrar hasta el 50 por ciento menos del sueldo que ten\u00edan en la Legislatura: &#8220;al haber quita salarial y p\u00e9rdida de condiciones laborales, est\u00e1 en danza la opci\u00f3n de la v\u00eda legal para la intimaci\u00f3n a la restituci\u00f3n de derechos, tal como indica la progresividad en materia de derechos de las y los trabajadores en la legislaci\u00f3n laboral vigente. Necesitamos que sea restituido lo que es justo y sean reconocidos nuevamente derechos ya conculcadas a las trabajadoras\/es&#8221;, remarc\u00f3 Julia Giuliani.<\/p>\n\n\n\n<p>Vale recordar que las trabajadoras son profesionales, con tareas administrativas y t\u00e9cnicas dentro del Ministerio en \u00e1reas como Tesorer\u00eda, Rendici\u00f3n de cuentas, etc y que el reclamo ya lleva m\u00e1s de un a\u00f1o y medio.<\/p>\n\n\n\n<p><strong>M\u00e9dicos comunitarios<\/strong><\/p>\n\n\n\n<p>Por otro lado, <strong>la Secretaria de Prensa de ATE C\u00f3rdoba, hizo llegar a la Diputada el reclamo de las profesionales del\u00a0&#8220;programa de Salud Familiar y Comunitaria&#8221; (m\u00e1s conocido como\u00a0&#8220;m\u00e9dicos comunitarios&#8221;) que se desempe\u00f1an en distintos Centros de Atenci\u00f3n Primaria de la Salud (CAPS) de C\u00f3rdoba Capital.<\/strong> El pedido alcanza a un grupo de 11 mujeres que trabajan, algunas, desde hace m\u00e1s de 15 a\u00f1os (el programa comenz\u00f3 en 2004 y en 2017 fue transferido a las provincias) con una beca de $13.400 que finaliza en diciembre de este a\u00f1o. La continuidad del programa, qui\u00e9n y c\u00f3mo ser\u00e1 financiado, es, a\u00fan, un enigma, lo cual hace peligrar la garantizaci\u00f3n del derecho de acceso a la salud de gruesos sectores populares de nuestra poblaci\u00f3n: las integrantes del programa son\u00a0trabajadoras sociales, psic\u00f3logas, nutricionistas, odont\u00f3logas, capacitadas en atenci\u00f3n primaria de la salud.<\/p>\n\n\n\n<p>&#8220;Comenzaron 712 agentes en todo el pa\u00eds y, en la actualidad, quedan menos de 400&#8221;, advirti\u00f3 Giuliani quien solicit\u00f3 a M\u00e1rquez que interceda ante el Ministro de Salud para que esa cartera analice de qu\u00e9 manera pueden absorberse a estas profesionales por parte de la Provincia ya que &#8220;muchos\/as de quienes se desempe\u00f1aban en \u00e1mbitos municipales, ya han sido tomados en las distintas comunas y municipios&#8221;.<\/p>\n\n\n\n<p><strong>Polo de la Mujer y SENAF<\/strong><\/p>\n\n\n\n<p>La presentaci\u00f3n de la Secretaria de Prensa tambi\u00e9n incluy\u00f3 el reclamo de las trabajadoras del Polo de la Mujer -nucleadas en ATE- y el pedido estabilidad laboral realizado por parte de las trabajadoras\/es de la SENAF.<\/p>\n\n\n\n<p>La Diputada Nacional recibi\u00f3 nuestras inquietudes y una nota con el detalle de la situaci\u00f3n y se comprometi\u00f3 a activar los canales formales correspondientes para hacer llegar estas inquietudes y que los reclamos lleguen a buen puerto.<\/p>\n","protected":false},"excerpt":{"rendered":"<p>Julia Giuliani, Secretaria de Prensa de ATE C\u00f3rdoba, se reuni\u00f3 con la Diputada Claudia M\u00e1rquez para solicitarle que interceda ante Claudia Mart\u00ednez y Diego Cardozo, Ministra de la Mujer y de Salud del Gobierno de la Provincia de C\u00f3rdoba, respectivamente, por diversas situaciones suscitadas en esas \u00e1reas de Gobierno. Por un lado, Giuliani present\u00f3 a [&hellip;]<\/p>\n","protected":false},"author":6,"featured_media":28195,"comment_status":"open","ping_status":"open","sticky":false,"template":"","format":"standard","meta":{"_exactmetrics_skip_tracking":false,"_exactmetrics_sitenote_active":false,"_exactmetrics_sitenote_note":"","_exactmetrics_sitenote_category":0,"jnews-multi-image_gallery":[],"jnews_single_post":{"subtitle":"La audiencia fue llevada adelante esta ma\u00f1ana en R\u00edo Cuarto, en el marco de acciones administrativas, pol\u00edtico-institucionales y gremiales que ATE C\u00f3rdoba realiza para la resoluci\u00f3n de diversos conflictos de \u00edndole laboral y de garantizaci\u00f3n de derechos ciudadanos en el \u00e1mbito provincial.","format":"standard","video":"","gallery":"","source_name":"","source_url":"","via_name":"","via_url":"","override":[{"template":"1","single_blog_custom":"","parallax":"1","fullscreen":"1","layout":"right-sidebar","sidebar":"default-sidebar","second_sidebar":"default-sidebar","sticky_sidebar":"1","share_position":"top","share_float_style":"share-monocrhome","show_share_counter":"1","show_view_counter":"1","show_featured":"1","show_post_meta":"1","show_post_author":"1","show_post_author_image":"1","show_post_date":"1","post_date_format":"default","post_date_format_custom":"Y\/m\/d","show_post_category":"1","post_reading_time_wpm":"300","zoom_button_out_step":"2","zoom_button_in_step":"3","show_post_tag":"1","show_prev_next_post":"1","show_popup_post":"1","number_popup_post":"1"}],"image_override":[{"single_post_thumbnail_size":"crop-500","single_post_gallery_size":"crop-500"}],"trending_post_position":"meta","trending_post_label":"Trending","sponsored_post_label":"Sponsored by","sponsored_post_name":"","sponsored_post_url":"","sponsored_post_logo":"","sponsored_post_desc":""},"jnews_primary_category":{"id":""},"jnews_social_meta":{"fb_title":"","fb_description":"","fb_image":"","twitter_title":"","twitter_description":"","twitter_image":""},"jnews_review":[],"enable_review":"","type":"percentage","name":"","summary":"","brand":"","sku":"","good":[{"good_text":""}],"bad":[{"bad_text":""}],"score_override":"","override_value":"","rating":[{"rating_text":"","rating_number":"10"}],"price":[{"shop":"","price":"","link":"","icon":""}],"jnews_override_counter":{"view_counter_number":"0","share_counter_number":"0","like_counter_number":"0","dislike_counter_number":"0"},"jnews_post_split":{"post_split":[{"template":"1","tag":"h2","numbering":"asc","mode":"normal","toc_type":"normal"}]},"footnotes":""},"categories":[341,907],"tags":[],"class_list":["post-28194","post","type-post","status-publish","format-standard","has-post-thumbnail","hentry","category-cdp","category-provinciales-manual-de-delegadxs"],"jetpack_featured_media_url":"https:\/\/atecordoba.org\/wp-content\/uploads\/2021\/09\/22_09_Julia_Giuliani_Marquez.jpg","_links":{"self":[{"href":"https:\/\/atecordoba.org\/index.php?rest_route=\/wp\/v2\/posts\/28194","targetHints":{"allow":["GET"]}}],"collection":[{"href":"https:\/\/atecordoba.org\/index.php?rest_route=\/wp\/v2\/posts"}],"about":[{"href":"https:\/\/atecordoba.org\/index.php?rest_route=\/wp\/v2\/types\/post"}],"author":[{"embeddable":true,"href":"https:\/\/atecordoba.org\/index.php?rest_route=\/wp\/v2\/users\/6"}],"replies":[{"embeddable":true,"href":"https:\/\/atecordoba.org\/index.php?rest_route=%2Fwp%2Fv2%2Fcomments&post=28194"}],"version-history":[{"count":3,"href":"https:\/\/atecordoba.org\/index.php?rest_route=\/wp\/v2\/posts\/28194\/revisions"}],"predecessor-version":[{"id":28199,"href":"https:\/\/atecordoba.org\/index.php?rest_route=\/wp\/v2\/posts\/28194\/revisions\/28199"}],"wp:featuredmedia":[{"embeddable":true,"href":"https:\/\/atecordoba.org\/index.php?rest_route=\/wp\/v2\/media\/28195"}],"wp:attachment":[{"href":"https:\/\/atecordoba.org\/index.php?rest_route=%2Fwp%2Fv2%2Fmedia&parent=28194"}],"wp:term":[{"taxonomy":"category","embeddable":true,"href":"https:\/\/atecordoba.org\/index.php?rest_route=%2Fwp%2Fv2%2Fcategories&post=28194"},{"taxonomy":"post_tag","embeddable":true,"href":"https:\/\/atecordoba.org\/index.php?rest_route=%2Fwp%2Fv2%2Ftags&post=28194"}],"curies":[{"name":"wp","href":"https:\/\/api.w.org\/{rel}","templated":true}]}}