{"id":28190,"date":"2021-09-22T13:39:37","date_gmt":"2021-09-22T16:39:37","guid":{"rendered":"https:\/\/atecordoba.org\/?p=28190"},"modified":"2021-10-06T10:22:34","modified_gmt":"2021-10-06T13:22:34","slug":"senaf-rio-4-lucha-ganada-lucha-que-continua","status":"publish","type":"post","link":"https:\/\/atecordoba.org\/?p=28190","title":{"rendered":"SENAF R\u00edo 4\u00b0: lucha ganada, lucha que contin\u00faa"},"content":{"rendered":"\n<div class=\"wp-block-image is-style-default\"><figure class=\"aligncenter size-large is-resized\"><img loading=\"lazy\" decoding=\"async\" src=\"https:\/\/atecordoba.org\/wp-content\/uploads\/2021\/09\/21_09_Yesica_Blanc-1024x575.jpeg\" alt=\"\" class=\"wp-image-28192\" width=\"768\" height=\"431\" srcset=\"https:\/\/atecordoba.org\/wp-content\/uploads\/2021\/09\/21_09_Yesica_Blanc-1024x575.jpeg 1024w, https:\/\/atecordoba.org\/wp-content\/uploads\/2021\/09\/21_09_Yesica_Blanc-300x169.jpeg 300w, https:\/\/atecordoba.org\/wp-content\/uploads\/2021\/09\/21_09_Yesica_Blanc-768x431.jpeg 768w, https:\/\/atecordoba.org\/wp-content\/uploads\/2021\/09\/21_09_Yesica_Blanc-750x421.jpeg 750w, https:\/\/atecordoba.org\/wp-content\/uploads\/2021\/09\/21_09_Yesica_Blanc-1140x640.jpeg 1140w, https:\/\/atecordoba.org\/wp-content\/uploads\/2021\/09\/21_09_Yesica_Blanc.jpeg 1280w\" sizes=\"auto, (max-width: 768px) 100vw, 768px\" \/><\/figure><\/div>\n\n\n\n<p>Tras el rotundo triunfo logrado por las y los trabajadores de la SENAF delegaci\u00f3n R\u00edo Cuarto y de la seccional ATE R\u00edo Cuarto, obteniendo un significativo aumento los salarios en el organismo, la compa\u00f1era Yesica Blanc cont\u00f3 la experiencia colectiva que organizarse gremialmente en el sector. <\/p>\n\n\n\n<p>Blanc habl\u00f3 en la emisi\u00f3n radial Entre todos y todas, que la Secretaria de Prensa de ATE C\u00f3rdoba realiza cada martes en GENFM 107.5.<\/p>\n\n\n\n<p>&#8220;El aumento logrado es un paso hacia adelante, despu\u00e9s de una lucha de mucho tiempo. Sobre todo fue un trabajo todo puertas adentro, para despu\u00e9s sacarlo afuera, con el gremio. As\u00ed, llegamos a un acuerdo que significa un incremento salarial bastante importante, m\u00e1s all\u00e1 que siguen en pie las precarias condiciones de trabajo&#8221;, dijo Blanc.<\/p>\n\n\n\n<p>&#8220;Pasamos de ser becarios a una locaci\u00f3n de servicios que es otra figura precarizadora pero en mejores condiciones que lo que sufrimos hasta hoy, porque vamos a tener aportes. El pago del aumento se har\u00eda con el salario de noviembre&#8221;, agreg\u00f3.<\/p>\n\n\n\n<p>En la dependencia son 14 becarios, equipos t\u00e9cnicos conformados entre psic\u00f3logos y trabajadores sociales. &#8220;Llevamos adelante la tarea de restituir derechos vulnerados a ni\u00f1os, ni\u00f1as y adolescentes. Nos toca la triste tarea de sacar a un ni\u00f1o de su hogar y trabajar con los padres para poder restituir a ese ni\u00f1o a su centro de vida. Si no es as\u00ed, se procede a evaluar la familia extensa, y si no se puede concretar esa alternativa, de darlo en adopci\u00f3n&#8221;, explic\u00f3.<\/p>\n\n\n\n<p>&#8220;Obviamente que frente al panorama que debemos enfrentarnos diariamente, trabajamos por vocaci\u00f3n y no por los salarios que se pagan. Por eso terminamos sinti\u00e9ndonos vulnerados como trabajadores, una paradoja siendo que integramos el Ministerio de Justicia&#8221;, relat\u00f3 Blanc. <\/p>\n\n\n\n<p>La trabajadora aclar\u00f3 que el equipo de trabajo siempre separ\u00f3 el reclamo gremial sobre las condiciones laborales del trabajo concreto y cotidiano que realiza &#8220;porque sabemos que de nuestra intervenci\u00f3n depende la vida de un ni\u00f1o, su estabilidad&#8221;. &#8220;Pero por las condiciones laborales, los bajos salarios, hubo el a\u00f1o pasado una importante fuga de profesionales y no llegamos a cubrir la demanda&#8221;, analiz\u00f3.<\/p>\n\n\n\n<p><strong>Organizarse en ATE<\/strong><\/p>\n\n\n\n<p>La profesional dijo que &#8220;hasta que pudimos entrar en ATE ning\u00fan sindicato nos abri\u00f3 las puertas, ya que no nos consideran trabajadores p\u00fablicos por nuestra situaci\u00f3n contractual. Solo ATE nos recibi\u00f3 y por primera vez nos sentimos escuchados. Ten\u00edamos mucho miedo al despido y fue una tarea dif\u00edcil como equipo, aunque termin\u00f3 siendo un lindo aprendizaje conjunto. Terminamos logrando un fuerte aumento salarial&#8221;.<\/p>\n\n\n\n<p>Ahora, Blanc espera que las mejoras obtenidas sirvan de impulso para avanzar en la agenda de mejoras que hay que llevar adelante. &#8220;Nos tienen que reconocer como estatales, con sueldos y condiciones dignas de trabajo&#8221;, se esperanz\u00f3.<\/p>\n\n\n\n<p>Y termin\u00f3 agradeciendo al equipo de compa\u00f1eros y compa\u00f1eras de ATE R\u00edo Cuarto, encabezado por Rafaela Alcoba. &#8220;Hoy festejamos un triunfo nuestro, pero tambi\u00e9n del equipo de ATE que nos acompa\u00f1\u00f3, nos guio y nos contuvo en esta lucha&#8221;, concluy\u00f3.<\/p>\n","protected":false},"excerpt":{"rendered":"<p>Tras el rotundo triunfo logrado por las y los trabajadores de la SENAF delegaci\u00f3n R\u00edo Cuarto y de la seccional ATE R\u00edo Cuarto, obteniendo un significativo aumento los salarios en el organismo, la compa\u00f1era Yesica Blanc cont\u00f3 la experiencia colectiva que organizarse gremialmente en el sector. Blanc habl\u00f3 en la emisi\u00f3n radial Entre todos y [&hellip;]<\/p>\n","protected":false},"author":7,"featured_media":27917,"comment_status":"open","ping_status":"open","sticky":false,"template":"","format":"standard","meta":{"_exactmetrics_skip_tracking":false,"_exactmetrics_sitenote_active":false,"_exactmetrics_sitenote_note":"","_exactmetrics_sitenote_category":0,"jnews-multi-image_gallery":[],"jnews_single_post":{"subtitle":"Las y los trabajadores del organismo destacan la importancia de ATE como instancia de organizaci\u00f3n gremial. ","format":"standard","video":"","gallery":"","source_name":"","source_url":"","via_name":"","via_url":"","override":[{"template":"1","single_blog_custom":"","parallax":"1","fullscreen":"1","layout":"right-sidebar","sidebar":"default-sidebar","second_sidebar":"default-sidebar","sticky_sidebar":"1","share_position":"top","share_float_style":"share-monocrhome","show_share_counter":"1","show_view_counter":"1","show_featured":"1","show_post_meta":"1","show_post_author":"1","show_post_author_image":"1","show_post_date":"1","post_date_format":"default","post_date_format_custom":"Y\/m\/d","show_post_category":"1","post_reading_time_wpm":"300","zoom_button_out_step":"2","zoom_button_in_step":"3","show_post_tag":"1","show_prev_next_post":"1","show_popup_post":"1","number_popup_post":"1"}],"image_override":[{"single_post_thumbnail_size":"crop-500","single_post_gallery_size":"crop-500"}],"trending_post_position":"meta","trending_post_label":"Trending","sponsored_post_label":"Sponsored by","sponsored_post_name":"","sponsored_post_url":"","sponsored_post_logo":"","sponsored_post_desc":""},"jnews_primary_category":{"id":""},"jnews_social_meta":{"fb_title":"","fb_description":"","fb_image":"","twitter_title":"","twitter_description":"","twitter_image":""},"jnews_review":[],"enable_review":"","type":"percentage","name":"","summary":"","brand":"","sku":"","good":[{"good_text":""}],"bad":[{"bad_text":""}],"score_override":"","override_value":"","rating":[{"rating_text":"","rating_number":"10"}],"price":[{"shop":"","price":"","link":"","icon":""}],"jnews_override_counter":{"view_counter_number":"0","share_counter_number":"0","like_counter_number":"0","dislike_counter_number":"0"},"jnews_post_split":{"post_split":[{"template":"1","tag":"h2","numbering":"asc","mode":"normal","toc_type":"normal"}]},"footnotes":""},"categories":[8,12],"tags":[457],"class_list":["post-28190","post","type-post","status-publish","format-standard","has-post-thumbnail","hentry","category-provinciales","category-rio-cuarto","tag-senaf"],"jetpack_featured_media_url":"https:\/\/atecordoba.org\/wp-content\/uploads\/2021\/09\/02_09_SENAF_RioCuarto8-1-e1631032665672.jpeg","_links":{"self":[{"href":"https:\/\/atecordoba.org\/index.php?rest_route=\/wp\/v2\/posts\/28190","targetHints":{"allow":["GET"]}}],"collection":[{"href":"https:\/\/atecordoba.org\/index.php?rest_route=\/wp\/v2\/posts"}],"about":[{"href":"https:\/\/atecordoba.org\/index.php?rest_route=\/wp\/v2\/types\/post"}],"author":[{"embeddable":true,"href":"https:\/\/atecordoba.org\/index.php?rest_route=\/wp\/v2\/users\/7"}],"replies":[{"embeddable":true,"href":"https:\/\/atecordoba.org\/index.php?rest_route=%2Fwp%2Fv2%2Fcomments&post=28190"}],"version-history":[{"count":3,"href":"https:\/\/atecordoba.org\/index.php?rest_route=\/wp\/v2\/posts\/28190\/revisions"}],"predecessor-version":[{"id":28409,"href":"https:\/\/atecordoba.org\/index.php?rest_route=\/wp\/v2\/posts\/28190\/revisions\/28409"}],"wp:featuredmedia":[{"embeddable":true,"href":"https:\/\/atecordoba.org\/index.php?rest_route=\/wp\/v2\/media\/27917"}],"wp:attachment":[{"href":"https:\/\/atecordoba.org\/index.php?rest_route=%2Fwp%2Fv2%2Fmedia&parent=28190"}],"wp:term":[{"taxonomy":"category","embeddable":true,"href":"https:\/\/atecordoba.org\/index.php?rest_route=%2Fwp%2Fv2%2Fcategories&post=28190"},{"taxonomy":"post_tag","embeddable":true,"href":"https:\/\/atecordoba.org\/index.php?rest_route=%2Fwp%2Fv2%2Ftags&post=28190"}],"curies":[{"name":"wp","href":"https:\/\/api.w.org\/{rel}","templated":true}]}}