{"id":28186,"date":"2021-09-22T12:14:27","date_gmt":"2021-09-22T15:14:27","guid":{"rendered":"https:\/\/atecordoba.org\/?p=28186"},"modified":"2021-09-22T13:26:30","modified_gmt":"2021-09-22T16:26:30","slug":"ate-apoya-el-proyecto-de-regulacion-de-la-actividad-profesional-de-la-enfermeria-que-se-trata-en-la-legislatura","status":"publish","type":"post","link":"https:\/\/atecordoba.org\/?p=28186","title":{"rendered":"ATE apoya el proyecto de regulaci\u00f3n de la actividad profesional de la enfermer\u00eda que se trata en la Legislatura"},"content":{"rendered":"\n<div class=\"wp-block-image is-style-default\"><figure class=\"aligncenter size-large is-resized\"><img loading=\"lazy\" decoding=\"async\" src=\"https:\/\/atecordoba.org\/wp-content\/uploads\/2021\/09\/IMG-20210922-WA0080-768x1024.jpg\" alt=\"\" class=\"wp-image-28188\" width=\"576\" height=\"768\"\/><figcaption>Hugo Duran (secretario Adjunto ATE C\u00f3rdoba), la presidenta de la Asociaci\u00f3n de Enfermer\u00eda de C\u00f3rdoba (AEC) Liliana Beatriz Lucero y Federico Giulaini (secretario General ATE C\u00f3rdoba).<\/figcaption><\/figure><\/div>\n\n\n\n<p>El Consejo Directivo Provincial envi\u00f3 hoy una nota a la Legislatura provincial, pronunci\u00e1ndose en favor del proyecto de &#8220;regulaci\u00f3n de la actividad profesional de la enfermer\u00eda en la Provincia de C\u00f3rdoba&#8221;, que se tratar\u00e1 hoy.<\/p>\n\n\n\n<p>Con la firma del secretario General de ATE C\u00f3rdoba, Federico Giuliani, la misiva considera &#8220;que todos los espacios de participaci\u00f3n y organizaci\u00f3n de nuestro pueblo son los cimientos fundamentales para el fortalecimiento de la vida democr\u00e1tica y para la garantizaci\u00f3n de comunidades en continuo progreso y mejoramiento en el camino de la Justicia Social. En ese sentido, que el colectivo de enfermeras y enfermeros cuente con un reconocimiento y una regulaci\u00f3n oficial de su actividad es motivo de orgullo y alegr\u00eda para quienes hacemos ATE C\u00f3rdoba y para el pueblo cordob\u00e9s en su conjunto&#8221;.<\/p>\n\n\n\n<p>En consecuencia ATE reiter\u00f3 &#8220;nuestro apoyo y auguramos a todas las y los profesionales de la enfermer\u00eda que esta herramienta legislativa les permita continuar mejorando sus condiciones de trabajo -tantas veces vapuleadas-, as\u00ed como tambi\u00e9n el permanente perfeccionamiento de su ejercicio profesional&#8221;.<\/p>\n\n\n<a href=\"https:\/\/atecordoba.org\/wp-content\/uploads\/2021\/09\/22-09-Apoyo-proyecto-Ejercicio-Profesional-de-Enfermeria.pdf\" class=\"pdfemb-viewer\" style=\"\" data-width=\"max\" data-height=\"max\" data-toolbar=\"bottom\" data-toolbar-fixed=\"off\">22-09-Apoyo-proyecto-Ejercicio-Profesional-de-Enfermeria<\/a>\n<p class=\"wp-block-pdfemb-pdf-embedder-viewer\"><\/p>\n","protected":false},"excerpt":{"rendered":"<p>El Consejo Directivo Provincial envi\u00f3 hoy una nota a la Legislatura provincial, pronunci\u00e1ndose en favor del proyecto de &#8220;regulaci\u00f3n de la actividad profesional de la enfermer\u00eda en la Provincia de C\u00f3rdoba&#8221;, que se tratar\u00e1 hoy. Con la firma del secretario General de ATE C\u00f3rdoba, Federico Giuliani, la misiva considera &#8220;que todos los espacios de participaci\u00f3n [&hellip;]<\/p>\n","protected":false},"author":7,"featured_media":28188,"comment_status":"open","ping_status":"open","sticky":false,"template":"","format":"standard","meta":{"_exactmetrics_skip_tracking":false,"_exactmetrics_sitenote_active":false,"_exactmetrics_sitenote_note":"","_exactmetrics_sitenote_category":0,"jnews-multi-image_gallery":[],"jnews_single_post":{"subtitle":"Para el CDP, que el colectivo de enfermeras y enfermeros cuente con un reconocimiento y una regulaci\u00f3n oficial de su actividad es motivo de alegr\u00eda y orgullo. ","format":"standard","video":"","gallery":"","source_name":"","source_url":"","via_name":"","via_url":"","override":[{"template":"1","single_blog_custom":"","parallax":"1","fullscreen":"1","layout":"right-sidebar","sidebar":"default-sidebar","second_sidebar":"default-sidebar","sticky_sidebar":"1","share_position":"top","share_float_style":"share-monocrhome","show_share_counter":"1","show_view_counter":"1","show_featured":"1","show_post_meta":"1","show_post_author":"1","show_post_author_image":"1","show_post_date":"1","post_date_format":"default","post_date_format_custom":"Y\/m\/d","show_post_category":"1","post_reading_time_wpm":"300","zoom_button_out_step":"2","zoom_button_in_step":"3","show_post_tag":"1","show_prev_next_post":"1","show_popup_post":"1","number_popup_post":"1"}],"image_override":[{"single_post_thumbnail_size":"crop-500","single_post_gallery_size":"crop-500"}],"trending_post_position":"meta","trending_post_label":"Trending","sponsored_post_label":"Sponsored by","sponsored_post_name":"","sponsored_post_url":"","sponsored_post_logo":"","sponsored_post_desc":""},"jnews_primary_category":{"id":""},"jnews_social_meta":{"fb_title":"","fb_description":"","fb_image":"","twitter_title":"","twitter_description":"","twitter_image":""},"jnews_review":[],"enable_review":"","type":"percentage","name":"","summary":"","brand":"","sku":"","good":[{"good_text":""}],"bad":[{"bad_text":""}],"score_override":"","override_value":"","rating":[{"rating_text":"","rating_number":"10"}],"price":[{"shop":"","price":"","link":"","icon":""}],"jnews_override_counter":{"view_counter_number":"0","share_counter_number":"0","like_counter_number":"0","dislike_counter_number":"0"},"jnews_post_split":{"post_split":[{"template":"1","tag":"h2","numbering":"asc","mode":"normal","toc_type":"normal"}]},"footnotes":""},"categories":[8],"tags":[802,606,927],"class_list":["post-28186","post","type-post","status-publish","format-standard","has-post-thumbnail","hentry","category-provinciales","tag-enfermeria","tag-legislatura","tag-profesional"],"jetpack_featured_media_url":"https:\/\/atecordoba.org\/wp-content\/uploads\/2021\/09\/IMG-20210922-WA0080-e1632323864950.jpg","_links":{"self":[{"href":"https:\/\/atecordoba.org\/index.php?rest_route=\/wp\/v2\/posts\/28186","targetHints":{"allow":["GET"]}}],"collection":[{"href":"https:\/\/atecordoba.org\/index.php?rest_route=\/wp\/v2\/posts"}],"about":[{"href":"https:\/\/atecordoba.org\/index.php?rest_route=\/wp\/v2\/types\/post"}],"author":[{"embeddable":true,"href":"https:\/\/atecordoba.org\/index.php?rest_route=\/wp\/v2\/users\/7"}],"replies":[{"embeddable":true,"href":"https:\/\/atecordoba.org\/index.php?rest_route=%2Fwp%2Fv2%2Fcomments&post=28186"}],"version-history":[{"count":2,"href":"https:\/\/atecordoba.org\/index.php?rest_route=\/wp\/v2\/posts\/28186\/revisions"}],"predecessor-version":[{"id":28191,"href":"https:\/\/atecordoba.org\/index.php?rest_route=\/wp\/v2\/posts\/28186\/revisions\/28191"}],"wp:featuredmedia":[{"embeddable":true,"href":"https:\/\/atecordoba.org\/index.php?rest_route=\/wp\/v2\/media\/28188"}],"wp:attachment":[{"href":"https:\/\/atecordoba.org\/index.php?rest_route=%2Fwp%2Fv2%2Fmedia&parent=28186"}],"wp:term":[{"taxonomy":"category","embeddable":true,"href":"https:\/\/atecordoba.org\/index.php?rest_route=%2Fwp%2Fv2%2Fcategories&post=28186"},{"taxonomy":"post_tag","embeddable":true,"href":"https:\/\/atecordoba.org\/index.php?rest_route=%2Fwp%2Fv2%2Ftags&post=28186"}],"curies":[{"name":"wp","href":"https:\/\/api.w.org\/{rel}","templated":true}]}}