{"id":28180,"date":"2021-09-22T11:52:44","date_gmt":"2021-09-22T14:52:44","guid":{"rendered":"https:\/\/atecordoba.org\/?p=28180"},"modified":"2021-09-22T11:54:00","modified_gmt":"2021-09-22T14:54:00","slug":"resistencia-popular-a-la-autovia-punilla","status":"publish","type":"post","link":"https:\/\/atecordoba.org\/?p=28180","title":{"rendered":"Resistencia popular a la Autov\u00eda Punilla"},"content":{"rendered":"\n<div class=\"wp-block-image is-style-default\"><figure class=\"aligncenter size-large is-resized\"><img loading=\"lazy\" decoding=\"async\" src=\"https:\/\/atecordoba.org\/wp-content\/uploads\/2021\/09\/21_09_Yacobs-1024x550.jpeg\" alt=\"\" class=\"wp-image-28181\" width=\"768\" height=\"413\" srcset=\"https:\/\/atecordoba.org\/wp-content\/uploads\/2021\/09\/21_09_Yacobs-1024x550.jpeg 1024w, https:\/\/atecordoba.org\/wp-content\/uploads\/2021\/09\/21_09_Yacobs-300x161.jpeg 300w, https:\/\/atecordoba.org\/wp-content\/uploads\/2021\/09\/21_09_Yacobs-768x413.jpeg 768w, https:\/\/atecordoba.org\/wp-content\/uploads\/2021\/09\/21_09_Yacobs-750x403.jpeg 750w, https:\/\/atecordoba.org\/wp-content\/uploads\/2021\/09\/21_09_Yacobs-1140x613.jpeg 1140w, https:\/\/atecordoba.org\/wp-content\/uploads\/2021\/09\/21_09_Yacobs.jpeg 1280w\" sizes=\"auto, (max-width: 768px) 100vw, 768px\" \/><figcaption>Juan Yacobs (izquierda) durante el zoom donde se realiz\u00f3 la entrevista.<\/figcaption><\/figure><\/div>\n\n\n\n<p>En una <a href=\"https:\/\/ar.radiocut.fm\/audiocut\/valeria-carreras-ara-san-juan-estaba-haciendo-tareas-inteligencia-para-estados-unidos\/\">entrevista concedida al programa radial Entre todos y toda<\/a>s, que realiza la Secretaria de Prensa de ATE C\u00f3rdoba en GENFM 107.5, el referente de la CTA Aut\u00f3noma en el Valle de Punilla, Juan Yacobs, cont\u00f3 la actualidad del conflicto ambiental que se produjo a partir de la irrupci\u00f3n del proyecto de Autov\u00eda provincial en la zona y relat\u00f3 la mirada de las asambleas y comunidades del departamento.<\/p>\n\n\n\n<p>En ese contexto, el dirigente comenz\u00f3 afirmando que &#8220;en C\u00f3rdoba hay un problema vial por la congesti\u00f3n de las Rrtas y la \u00fanica soluci\u00f3n que se plante\u00f3 es el proyecto provincial de alternativa a la Ruta Nacional 38, que el gobierno de Schiaretti va a hacer con una traza por donde quiera&#8221;.<\/p>\n\n\n\n<p>Yacobs dijo que el conflicto se desata, n primer t\u00e9rmino, nunca se consult\u00f3 a la comunidad sobre soluciones al problema del transporte. &#8220;Eso gener\u00f3 la primera resistencia&#8221;, apunt\u00f3.<\/p>\n\n\n\n<p>&#8220;En segundo lugar, agreg\u00f3, el gobierno cordob\u00e9s propone una soluci\u00f3n m\u00e1gica, a trav\u00e9s de una empresa fantasma como es Caminos de las Sierras. Hay que tener en cuenta que el Estado creo una empresa privada para manejar la gran obra p\u00fablica provincial con cifras millonarias, a las que nadie puede acceder, y aplicando toda la discrecionalidad para llevar adelante las obras sin consultar a nadie. As\u00ed lo intentaron en el 2018, con un proyecto para hacer la autov\u00eda por monta\u00f1a y el pueblo de Punilla les dijo que no y el gobierno lo termin\u00f3 descartando. Hace menos de un a\u00f1o salen de nuevo con esta iniciativa de la Autov\u00eda de Punilla, que esconde detr\u00e1s de una mentira el proyecto del Corredor Bioce\u00e1nico, el desarrollo de IRSA, la nueva Ruta de la Seda de Sudam\u00e9rica. Nos dicen que eso va a traer turismo, pero avanzan sin respetar la ley y es lo que estamos denunciando en toda la provincia y el pa\u00eds.<\/p>\n\n\n\n<p><strong>\u00bfA qu\u00e9 llamas la \u2018Nueva Ruta de la Seda\u2019, qu\u00e9 es IRSA y c\u00f3mo afecta a nuestras comunidades<\/strong><\/p>\n\n\n\n<p>Naturalmente estamos viviendo una etapa de nuestra humanidad en este antropoceno del siglo XXI donde el avance del sistema capitalista y el sistema industrial global crece alrededor de la concentraci\u00f3n de la riqueza y de los recursos naturales, el saqueo de los bienes comunes y la especulaci\u00f3n financiera, hay todo un nuevo orden a trav\u00e9s de la extracci\u00f3n de los recursos naturales, de la econom\u00eda petrolera que hay en el mundo, lo vemos con la miner\u00eda con el inter\u00e9s en los bienes comunes, que necesita del transporte y de los accesos. De eso se trata el corredor bioce\u00e1nico. Hace m\u00e1s de 20 a\u00f1os que Argentina adhiri\u00f3 al Proyecto IRSA, al igual que otros pa\u00edses de Sudam\u00e9rica como Chile y Per\u00fa, donde se ponen de acuerdo en un programa de desarrollo para la regi\u00f3n con la construcci\u00f3n de carreteras conc\u00e9ntricas que permitan la explotaci\u00f3n de materias primas para la exportaci\u00f3n de nuestros recursos naturales.<\/p>\n\n\n\n<p>Eso proyectado ene l tiempo se traduce un saqueo de nuestros bienes comunes que tenemos en esta regi\u00f3n del mundo.<\/p>\n\n\n\n<p><strong>Como efecto de este problema quedan los pasivos ambientales y tambi\u00e9n la deuda. La autov\u00eda endeudar\u00e1 a la Provincia en 100 millones de d\u00f3lares.<\/strong><\/p>\n\n\n\n<p>Si, y eso en una combinaci\u00f3n del Estado nacional. Hay un decreto con la firma del Presidente, del ministro de Econom\u00eda y el entonces jefe de Gabinete, donde le autorizan a C\u00f3rdoba a endeudarse por esa cifra para esta obra. &nbsp;<\/p>\n\n\n\n<p>En una provincia que defaulte\u00f3 varias veces su deuda este a\u00f1o nos van a endeudar en d\u00f3lares para nuestra propia destrucci\u00f3n. Es decir, no solo nos van a dejar un Valle de Punilla destruido sino encima con deuda.<\/p>\n\n\n\n<p><strong>Eso fue puesto de manifiesto en las audiencias p\u00fablicas. De los 508 expositores, 452 que son el 85%, se expresaron por la negativa.<\/strong><\/p>\n\n\n\n<p>No nos olvidemos en la provincia de C\u00f3rdoba el gobernador tiene pr\u00e1cticamente la suma del poder p\u00fablico. Tiene la Legislatura comiendo de su mano, el partido radical, que ser\u00eda la oposici\u00f3n, vot\u00e1ndole las leyes. La ley de expropiaci\u00f3n para la Autov\u00eda la votaron en diciembre todos salvo la izquierda, y los legisladores Garc\u00eda Elorrio y Dante Rossi.<\/p>\n\n\n\n<p>Al poder Ejecutivo nadie lo controla y el poder judicial que hasta ahora no responde a la innumerable cantidad de acciones que se vienen presentando desde 2017, en una causa que solo se discute la competencia y no aborda las cuestiones de fondo.<\/p>\n\n\n\n<p>De esa forma, el gobernador maneja el poder ejecutivo, el legislativo y el judicial. Esa es la democracia que tenemos en C\u00f3rdoba: una gesti\u00f3n de gobierno con 20 a\u00f1os continuados, que reform\u00f3 la Constituci\u00f3n y unific\u00f3 las C\u00e1maras para que esto sea pr\u00e1cticamente un feudo que lo manejan dos partidos pol\u00edticos y tres familias.<\/p>\n\n\n\n<p><strong>\u00bfDesde las comunidades ven posible una autov\u00eda con otra traza alternativa?<\/strong><\/p>\n\n\n\n<p>Hay innumerables miradas sobre el tema, pero actualmente estamos discutiendo este proyecto que le dieron licencia ambiental el 23 de agosto. Luego de las audiencias p\u00fablicas donde el 90% de los expositores rechazaron el proyecto, le firmaron la licencia y despu\u00e9s lo publicaron en el Bolet\u00edn Oficial. Adem\u00e1s, ignoraron los argumentos de esos 450 expositores y tampoco fundamentan por qu\u00e9 se aprueba esa licencia, ni respondieron las impugnaciones de los participantes en la audiencia p\u00fablica.<\/p>\n\n\n\n<p>La empresa Caminos de las Sierras est\u00e1 meti\u00e9ndose en este momento en los barrios, sacando fotos, midiendo y negociando con los vecinos, todo con plata de la gente, del Estado, de los trabajadores estatales, que no cobra en salarios. Solo el proyecto Punilla son 100 millones de d\u00f3lares.<\/p>\n\n\n\n<p>Pero adem\u00e1s est\u00e1n la ruta de Paravachasca, est\u00e1 el Camino de las Altas Cumbres -que lo hacen y lo vuelven a hacer-, el Camino al Cuadrado que lo renuevan todos los a\u00f1os. Ese es el saqueo que estamos viendo.<\/p>\n\n\n\n<p>Actualmente, el proyecto de Autov\u00eda Punilla es ilegal, no tiene legalidad. Y nuestro deber es defender la patria y la naturaleza por las generaciones presentes y futuras. As\u00ed que vamos a ejercer el derecho a un ambiente sano, frente a la prepotencia de un Estado cada d\u00eda m\u00e1s antidemocr\u00e1tico. &nbsp;Cada uno tiene que encontrar su lugar para hacer fuerza en esta lucha, para que seamos muchos y podamos detener este proyecto.<\/p>\n\n\n\n<p><strong>Debate<\/strong> <strong>en la CTAA<\/strong><\/p>\n\n\n\n<p>Con la participaci\u00f3n del secretario General de ATE C\u00f3rdoba, Federico Giuliani, que a su vez es secretario General de la CTA Aut\u00f3noma de C\u00f3rdoba, el pasado 15 de septiembre se llev\u00f3 a cabo un debate via zoom sobre la situaci\u00f3n que atraviesa el conflicto en Punilla. <\/p>\n\n\n\n<p>A continuaci\u00f3n facilitamos el video resultante de dicha actividad. <\/p>\n\n\n\n<figure class=\"wp-block-embed is-type-video is-provider-youtube wp-block-embed-youtube wp-embed-aspect-16-9 wp-has-aspect-ratio\"><div class=\"wp-block-embed__wrapper\">\n<div class=\"epyt-video-wrapper\"><iframe loading=\"lazy\"  style=\"display: block; margin: 0px auto;\"  id=\"_ytid_49184\"  width=\"480\" height=\"270\"  data-origwidth=\"480\" data-origheight=\"270\" src=\"https:\/\/www.youtube.com\/embed\/6c2KeC3g1js?enablejsapi=1&#038;autoplay=0&#038;cc_load_policy=0&#038;cc_lang_pref=&#038;iv_load_policy=3&#038;loop=0&#038;rel=0&#038;fs=1&#038;playsinline=0&#038;autohide=2&#038;theme=dark&#038;color=red&#038;controls=1&#038;disablekb=0&#038;\" class=\"__youtube_prefs__  epyt-is-override  no-lazyload\" title=\"YouTube player\"  allow=\"fullscreen; accelerometer; autoplay; clipboard-write; encrypted-media; gyroscope; picture-in-picture; web-share\" referrerpolicy=\"strict-origin-when-cross-origin\" allowfullscreen data-no-lazy=\"1\" data-skipgform_ajax_framebjll=\"\"><\/iframe><\/div>\n<\/div><\/figure>\n","protected":false},"excerpt":{"rendered":"<p>En una entrevista concedida al programa radial Entre todos y todas, que realiza la Secretaria de Prensa de ATE C\u00f3rdoba en GENFM 107.5, el referente de la CTA Aut\u00f3noma en el Valle de Punilla, Juan Yacobs, cont\u00f3 la actualidad del conflicto ambiental que se produjo a partir de la irrupci\u00f3n del proyecto de Autov\u00eda provincial [&hellip;]<\/p>\n","protected":false},"author":7,"featured_media":28183,"comment_status":"open","ping_status":"open","sticky":false,"template":"","format":"standard","meta":{"_exactmetrics_skip_tracking":false,"_exactmetrics_sitenote_active":false,"_exactmetrics_sitenote_note":"","_exactmetrics_sitenote_category":0,"jnews-multi-image_gallery":[],"jnews_single_post":{"subtitle":"Sin licencia social para realizar la obra, el gobierno provincial avanza a costa de un endeudamiento de 100 millones de d\u00f3lares. ","format":"standard","video":"","gallery":"","source_name":"","source_url":"","via_name":"","via_url":"","override":[{"template":"1","single_blog_custom":"","parallax":"1","fullscreen":"1","layout":"right-sidebar","sidebar":"default-sidebar","second_sidebar":"default-sidebar","sticky_sidebar":"1","share_position":"top","share_float_style":"share-monocrhome","show_share_counter":"1","show_view_counter":"1","show_featured":"1","show_post_meta":"1","show_post_author":"1","show_post_author_image":"1","show_post_date":"1","post_date_format":"default","post_date_format_custom":"Y\/m\/d","show_post_category":"1","post_reading_time_wpm":"300","zoom_button_out_step":"2","zoom_button_in_step":"3","show_post_tag":"1","show_prev_next_post":"1","show_popup_post":"1","number_popup_post":"1"}],"image_override":[{"single_post_thumbnail_size":"crop-500","single_post_gallery_size":"crop-500"}],"trending_post_position":"meta","trending_post_label":"Trending","sponsored_post_label":"Sponsored by","sponsored_post_name":"","sponsored_post_url":"","sponsored_post_logo":"","sponsored_post_desc":""},"jnews_primary_category":{"id":""},"jnews_social_meta":{"fb_title":"","fb_description":"","fb_image":"","twitter_title":"","twitter_description":"","twitter_image":""},"jnews_review":[],"enable_review":"","type":"percentage","name":"","summary":"","brand":"","sku":"","good":[{"good_text":""}],"bad":[{"bad_text":""}],"score_override":"","override_value":"","rating":[{"rating_text":"","rating_number":"10"}],"price":[{"shop":"","price":"","link":"","icon":""}],"jnews_override_counter":{"view_counter_number":"0","share_counter_number":"0","like_counter_number":"0","dislike_counter_number":"0"},"jnews_post_split":{"post_split":[{"template":"1","tag":"h2","numbering":"asc","mode":"normal","toc_type":"normal"}]},"footnotes":""},"categories":[92],"tags":[926],"class_list":["post-28180","post","type-post","status-publish","format-standard","has-post-thumbnail","hentry","category-cta","tag-autovia-punilla"],"jetpack_featured_media_url":"https:\/\/atecordoba.org\/wp-content\/uploads\/2021\/09\/autovia-punilla-e1632322335856.jpg","_links":{"self":[{"href":"https:\/\/atecordoba.org\/index.php?rest_route=\/wp\/v2\/posts\/28180","targetHints":{"allow":["GET"]}}],"collection":[{"href":"https:\/\/atecordoba.org\/index.php?rest_route=\/wp\/v2\/posts"}],"about":[{"href":"https:\/\/atecordoba.org\/index.php?rest_route=\/wp\/v2\/types\/post"}],"author":[{"embeddable":true,"href":"https:\/\/atecordoba.org\/index.php?rest_route=\/wp\/v2\/users\/7"}],"replies":[{"embeddable":true,"href":"https:\/\/atecordoba.org\/index.php?rest_route=%2Fwp%2Fv2%2Fcomments&post=28180"}],"version-history":[{"count":2,"href":"https:\/\/atecordoba.org\/index.php?rest_route=\/wp\/v2\/posts\/28180\/revisions"}],"predecessor-version":[{"id":28185,"href":"https:\/\/atecordoba.org\/index.php?rest_route=\/wp\/v2\/posts\/28180\/revisions\/28185"}],"wp:featuredmedia":[{"embeddable":true,"href":"https:\/\/atecordoba.org\/index.php?rest_route=\/wp\/v2\/media\/28183"}],"wp:attachment":[{"href":"https:\/\/atecordoba.org\/index.php?rest_route=%2Fwp%2Fv2%2Fmedia&parent=28180"}],"wp:term":[{"taxonomy":"category","embeddable":true,"href":"https:\/\/atecordoba.org\/index.php?rest_route=%2Fwp%2Fv2%2Fcategories&post=28180"},{"taxonomy":"post_tag","embeddable":true,"href":"https:\/\/atecordoba.org\/index.php?rest_route=%2Fwp%2Fv2%2Ftags&post=28180"}],"curies":[{"name":"wp","href":"https:\/\/api.w.org\/{rel}","templated":true}]}}