{"id":28169,"date":"2021-09-21T14:53:15","date_gmt":"2021-09-21T17:53:15","guid":{"rendered":"https:\/\/atecordoba.org\/?p=28169"},"modified":"2021-09-21T15:09:49","modified_gmt":"2021-09-21T18:09:49","slug":"dia-de-la-sanidad-asamblea-en-el-hospital-cordoba-ratifico-la-dignidad-de-la-lucha-de-los-equipos-de-salud","status":"publish","type":"post","link":"https:\/\/atecordoba.org\/?p=28169","title":{"rendered":"D\u00eda de la Sanidad: asamblea en el Hospital C\u00f3rdoba ratific\u00f3 la dignidad de la lucha de los equipos de salud"},"content":{"rendered":"\n<div class=\"wp-block-image is-style-default\"><figure class=\"aligncenter size-large is-resized\"><img loading=\"lazy\" decoding=\"async\" src=\"https:\/\/atecordoba.org\/wp-content\/uploads\/2021\/09\/WhatsApp-Image-2021-09-21-at-13.13.27-1024x768.jpeg\" alt=\"\" class=\"wp-image-28170\" width=\"768\" height=\"576\" \/><\/figure><\/div>\n\n\n\n<p>Con motivo de celebrarse hoy el D\u00eda de la Sanidad, las y los trabajadores del Hospital C\u00f3rdoba realizaron hoy por la ma\u00f1ana una importante asamblea en el ingreso del centro de salud, matizada con la adaptaci\u00f3n de la canci\u00f3n <em>Bella Ciao<\/em>, pero adaptada al plan de lucha que el sector viene llevando adelante desde el a\u00f1o pasado.  <\/p>\n\n\n\n<p>&#8220;Las y los trabajadores expresaron los reclamos del sector, como el rechazo a la pauta salarial fijada por el gobierno de la provincia fijada para el 2021, que terminar\u00e1 de cobrarse en enero del a\u00f1o que viene, establecida en una seguidilla de cuota con un aumento insignificante, que no se siente en el bolsillo de los trabajadores, sumado a la deuda salarial del Ministerio con los trabajadores de un 20% que se arrastra desde 2019 y 2020&#8221;, explic\u00f3 el secretario Adjunto de la ATE C\u00f3rdoba, Hugo Dur\u00e1n.<\/p>\n\n\n\n<div class=\"wp-block-image is-style-default\"><figure class=\"aligncenter size-large is-resized\"><img loading=\"lazy\" decoding=\"async\" src=\"https:\/\/atecordoba.org\/wp-content\/uploads\/2021\/09\/WhatsApp-Image-2021-09-21-at-13.10.22-702x1024.jpeg\" alt=\"\" class=\"wp-image-28171\" width=\"462\" height=\"673\" srcset=\"https:\/\/atecordoba.org\/wp-content\/uploads\/2021\/09\/WhatsApp-Image-2021-09-21-at-13.10.22-702x1024.jpeg 702w, https:\/\/atecordoba.org\/wp-content\/uploads\/2021\/09\/WhatsApp-Image-2021-09-21-at-13.10.22-206x300.jpeg 206w, https:\/\/atecordoba.org\/wp-content\/uploads\/2021\/09\/WhatsApp-Image-2021-09-21-at-13.10.22-768x1121.jpeg 768w, https:\/\/atecordoba.org\/wp-content\/uploads\/2021\/09\/WhatsApp-Image-2021-09-21-at-13.10.22.jpeg 877w\" sizes=\"auto, (max-width: 462px) 100vw, 462px\" \/><\/figure><\/div>\n\n\n\n<figure class=\"wp-block-audio\"><audio controls src=\"https:\/\/atecordoba.org\/wp-content\/uploads\/2021\/09\/WhatsApp-Audio-2021-09-21-at-13.11.34.ogg\"><\/audio><figcaption>Bella Ciao, las lucha de los equipos de salud. <\/figcaption><\/figure>\n\n\n\n<p>El dirigente a\u00f1adi\u00f3 que &#8220;qued\u00f3 reflejado en la ocasi\u00f3n la necesidad del pase a planta permanente, ya se para los trabajadores en condici\u00f3n de monotributistas o contratados, y el pago de las categor\u00edas adeudadas a los trabajadores de la ley 7625. Tambi\u00e9n se plante\u00f3 la necesidad de unificar las leyes 7233 y 7625 en una sola ley que contenga los trabajadores de los hospitales p\u00fablicos&#8221;.<\/p>\n\n\n\n<p>Finalmente se realiz\u00f3 una exhortaci\u00f3n al gobierno provincial para que reabra las paritarias de este a\u00f1o apuntando a mejorar el salario de las y los trabajadores de los hospitales, como as\u00ed tambi\u00e9n que sean convocados a la paritaria todos los gremios que son representativos de los hospitales.<\/p>\n\n\n\n<p>&#8220;Entendemos que este 21 de septiembre no es un d\u00eda para festejar para el equipo de salud pero si para conmemorar el D\u00eda de la Sanidad, jornada que homenajea al trabajo abnegado y vocacional de quienes desempe\u00f1an su tarea en el sistema de salud. En esa l\u00ednea, durante el acto se entonaron un par de canciones, donde se le reclamo al gobierno, expresando no solo la bronca sino tambi\u00e9n la esperanza y eso lo transform\u00f3 en un acto importante, distinto y creemos que quiz\u00e1s los trabajadores est\u00e9n buscando nuevas formas de expresi\u00f3n&#8221;, asegur\u00f3 Duran.<\/p>\n\n\n\n<figure class=\"wp-block-gallery columns-3 is-cropped wp-block-gallery-1 is-layout-flex wp-block-gallery-is-layout-flex\"><ul class=\"blocks-gallery-grid\"><li class=\"blocks-gallery-item\"><figure><a href=\"https:\/\/atecordoba.org\/wp-content\/uploads\/2021\/09\/WhatsApp-Image-2021-09-21-at-13.14.41.jpeg\"><img loading=\"lazy\" decoding=\"async\" width=\"1024\" height=\"768\" src=\"https:\/\/atecordoba.org\/wp-content\/uploads\/2021\/09\/WhatsApp-Image-2021-09-21-at-13.14.41-1024x768.jpeg\" alt=\"\" data-id=\"28173\" data-full-url=\"https:\/\/atecordoba.org\/wp-content\/uploads\/2021\/09\/WhatsApp-Image-2021-09-21-at-13.14.41.jpeg\" data-link=\"https:\/\/atecordoba.org\/?attachment_id=28173\" class=\"wp-image-28173\" srcset=\"https:\/\/atecordoba.org\/wp-content\/uploads\/2021\/09\/WhatsApp-Image-2021-09-21-at-13.14.41-1024x768.jpeg 1024w, https:\/\/atecordoba.org\/wp-content\/uploads\/2021\/09\/WhatsApp-Image-2021-09-21-at-13.14.41-300x225.jpeg 300w, https:\/\/atecordoba.org\/wp-content\/uploads\/2021\/09\/WhatsApp-Image-2021-09-21-at-13.14.41-768x576.jpeg 768w, https:\/\/atecordoba.org\/wp-content\/uploads\/2021\/09\/WhatsApp-Image-2021-09-21-at-13.14.41-1536x1152.jpeg 1536w, https:\/\/atecordoba.org\/wp-content\/uploads\/2021\/09\/WhatsApp-Image-2021-09-21-at-13.14.41-750x563.jpeg 750w, https:\/\/atecordoba.org\/wp-content\/uploads\/2021\/09\/WhatsApp-Image-2021-09-21-at-13.14.41-1140x855.jpeg 1140w, https:\/\/atecordoba.org\/wp-content\/uploads\/2021\/09\/WhatsApp-Image-2021-09-21-at-13.14.41.jpeg 1600w\" sizes=\"auto, (max-width: 1024px) 100vw, 1024px\" \/><\/a><\/figure><\/li><li class=\"blocks-gallery-item\"><figure><a href=\"https:\/\/atecordoba.org\/wp-content\/uploads\/2021\/09\/WhatsApp-Image-2021-09-21-at-13.19.00.jpeg\"><img loading=\"lazy\" decoding=\"async\" width=\"1024\" height=\"461\" src=\"https:\/\/atecordoba.org\/wp-content\/uploads\/2021\/09\/WhatsApp-Image-2021-09-21-at-13.19.00-1024x461.jpeg\" alt=\"\" data-id=\"28174\" data-full-url=\"https:\/\/atecordoba.org\/wp-content\/uploads\/2021\/09\/WhatsApp-Image-2021-09-21-at-13.19.00.jpeg\" data-link=\"https:\/\/atecordoba.org\/?attachment_id=28174\" class=\"wp-image-28174\" srcset=\"https:\/\/atecordoba.org\/wp-content\/uploads\/2021\/09\/WhatsApp-Image-2021-09-21-at-13.19.00-1024x461.jpeg 1024w, https:\/\/atecordoba.org\/wp-content\/uploads\/2021\/09\/WhatsApp-Image-2021-09-21-at-13.19.00-300x135.jpeg 300w, https:\/\/atecordoba.org\/wp-content\/uploads\/2021\/09\/WhatsApp-Image-2021-09-21-at-13.19.00-768x346.jpeg 768w, https:\/\/atecordoba.org\/wp-content\/uploads\/2021\/09\/WhatsApp-Image-2021-09-21-at-13.19.00-1536x691.jpeg 1536w, https:\/\/atecordoba.org\/wp-content\/uploads\/2021\/09\/WhatsApp-Image-2021-09-21-at-13.19.00-750x338.jpeg 750w, https:\/\/atecordoba.org\/wp-content\/uploads\/2021\/09\/WhatsApp-Image-2021-09-21-at-13.19.00-1140x513.jpeg 1140w, https:\/\/atecordoba.org\/wp-content\/uploads\/2021\/09\/WhatsApp-Image-2021-09-21-at-13.19.00.jpeg 1600w\" sizes=\"auto, (max-width: 1024px) 100vw, 1024px\" \/><\/a><\/figure><\/li><li class=\"blocks-gallery-item\"><figure><a href=\"https:\/\/atecordoba.org\/wp-content\/uploads\/2021\/09\/WhatsApp-Image-2021-09-21-at-13.20.36.jpeg\"><img loading=\"lazy\" decoding=\"async\" width=\"1024\" height=\"768\" src=\"https:\/\/atecordoba.org\/wp-content\/uploads\/2021\/09\/WhatsApp-Image-2021-09-21-at-13.20.36-1024x768.jpeg\" alt=\"\" data-id=\"28175\" data-full-url=\"https:\/\/atecordoba.org\/wp-content\/uploads\/2021\/09\/WhatsApp-Image-2021-09-21-at-13.20.36.jpeg\" data-link=\"https:\/\/atecordoba.org\/?attachment_id=28175\" class=\"wp-image-28175\" srcset=\"https:\/\/atecordoba.org\/wp-content\/uploads\/2021\/09\/WhatsApp-Image-2021-09-21-at-13.20.36-1024x768.jpeg 1024w, https:\/\/atecordoba.org\/wp-content\/uploads\/2021\/09\/WhatsApp-Image-2021-09-21-at-13.20.36-300x225.jpeg 300w, https:\/\/atecordoba.org\/wp-content\/uploads\/2021\/09\/WhatsApp-Image-2021-09-21-at-13.20.36-768x576.jpeg 768w, https:\/\/atecordoba.org\/wp-content\/uploads\/2021\/09\/WhatsApp-Image-2021-09-21-at-13.20.36-1536x1152.jpeg 1536w, https:\/\/atecordoba.org\/wp-content\/uploads\/2021\/09\/WhatsApp-Image-2021-09-21-at-13.20.36-750x563.jpeg 750w, https:\/\/atecordoba.org\/wp-content\/uploads\/2021\/09\/WhatsApp-Image-2021-09-21-at-13.20.36-1140x855.jpeg 1140w, https:\/\/atecordoba.org\/wp-content\/uploads\/2021\/09\/WhatsApp-Image-2021-09-21-at-13.20.36.jpeg 1600w\" sizes=\"auto, (max-width: 1024px) 100vw, 1024px\" \/><\/a><\/figure><\/li><li class=\"blocks-gallery-item\"><figure><a href=\"https:\/\/atecordoba.org\/wp-content\/uploads\/2021\/09\/WhatsApp-Image-2021-09-21-at-13.20.37.jpeg\"><img loading=\"lazy\" decoding=\"async\" width=\"1024\" height=\"768\" src=\"https:\/\/atecordoba.org\/wp-content\/uploads\/2021\/09\/WhatsApp-Image-2021-09-21-at-13.20.37-1024x768.jpeg\" alt=\"\" data-id=\"28176\" data-full-url=\"https:\/\/atecordoba.org\/wp-content\/uploads\/2021\/09\/WhatsApp-Image-2021-09-21-at-13.20.37.jpeg\" data-link=\"https:\/\/atecordoba.org\/?attachment_id=28176\" class=\"wp-image-28176\" srcset=\"https:\/\/atecordoba.org\/wp-content\/uploads\/2021\/09\/WhatsApp-Image-2021-09-21-at-13.20.37-1024x768.jpeg 1024w, https:\/\/atecordoba.org\/wp-content\/uploads\/2021\/09\/WhatsApp-Image-2021-09-21-at-13.20.37-300x225.jpeg 300w, https:\/\/atecordoba.org\/wp-content\/uploads\/2021\/09\/WhatsApp-Image-2021-09-21-at-13.20.37-768x576.jpeg 768w, https:\/\/atecordoba.org\/wp-content\/uploads\/2021\/09\/WhatsApp-Image-2021-09-21-at-13.20.37-1536x1152.jpeg 1536w, https:\/\/atecordoba.org\/wp-content\/uploads\/2021\/09\/WhatsApp-Image-2021-09-21-at-13.20.37-750x563.jpeg 750w, https:\/\/atecordoba.org\/wp-content\/uploads\/2021\/09\/WhatsApp-Image-2021-09-21-at-13.20.37-1140x855.jpeg 1140w, https:\/\/atecordoba.org\/wp-content\/uploads\/2021\/09\/WhatsApp-Image-2021-09-21-at-13.20.37.jpeg 1600w\" sizes=\"auto, (max-width: 1024px) 100vw, 1024px\" \/><\/a><\/figure><\/li><\/ul><\/figure>\n\n\n\n<p>Y finaliz\u00f3 enviando un c\u00e1lido saludo &#8220;a las y los trabajadores de capital e interior. Sabemos que desempe\u00f1an sus tareas profesionalmente, a pesar de los magros salarios y las condiciones de trabajo, en el cuidado y la recuperaci\u00f3n de los pacientes. Y los felicitamos que defender su dignidad, por hacer valer sus derechos, sin abandonar los pacientes ni los reclamos&#8221;.<\/p>\n\n\n\n<p>Por su parte, la seccionales ATE San Francisco llev\u00f3 adelante en el Hospital Iturraspe sus actividad alusiva y la seccional ATE R\u00edo Cuarto anunci\u00f3 para una actividad en el Nuevo Hospital Regional para hoy a las 18.30 horas.<\/p>\n\n\n\n<div class=\"wp-block-image is-style-default\"><figure class=\"aligncenter size-large is-resized\"><img loading=\"lazy\" decoding=\"async\" src=\"https:\/\/atecordoba.org\/wp-content\/uploads\/2021\/09\/flyer-rio-4-1024x1024.png\" alt=\"\" class=\"wp-image-28177\" width=\"512\" height=\"512\" srcset=\"https:\/\/atecordoba.org\/wp-content\/uploads\/2021\/09\/flyer-rio-4-1024x1024.png 1024w, https:\/\/atecordoba.org\/wp-content\/uploads\/2021\/09\/flyer-rio-4-300x300.png 300w, https:\/\/atecordoba.org\/wp-content\/uploads\/2021\/09\/flyer-rio-4-150x150.png 150w, https:\/\/atecordoba.org\/wp-content\/uploads\/2021\/09\/flyer-rio-4-768x768.png 768w, https:\/\/atecordoba.org\/wp-content\/uploads\/2021\/09\/flyer-rio-4-560x560.png 560w, https:\/\/atecordoba.org\/wp-content\/uploads\/2021\/09\/flyer-rio-4-75x75.png 75w, https:\/\/atecordoba.org\/wp-content\/uploads\/2021\/09\/flyer-rio-4-350x350.png 350w, https:\/\/atecordoba.org\/wp-content\/uploads\/2021\/09\/flyer-rio-4-750x750.png 750w, https:\/\/atecordoba.org\/wp-content\/uploads\/2021\/09\/flyer-rio-4.png 1080w\" sizes=\"auto, (max-width: 512px) 100vw, 512px\" \/><\/figure><\/div>\n","protected":false},"excerpt":{"rendered":"<p>Con motivo de celebrarse hoy el D\u00eda de la Sanidad, las y los trabajadores del Hospital C\u00f3rdoba realizaron hoy por la ma\u00f1ana una importante asamblea en el ingreso del centro de salud, matizada con la adaptaci\u00f3n de la canci\u00f3n Bella Ciao, pero adaptada al plan de lucha que el sector viene llevando adelante desde el [&hellip;]<\/p>\n","protected":false},"author":7,"featured_media":28170,"comment_status":"open","ping_status":"open","sticky":false,"template":"","format":"standard","meta":{"_exactmetrics_skip_tracking":false,"_exactmetrics_sitenote_active":false,"_exactmetrics_sitenote_note":"","_exactmetrics_sitenote_category":0,"jnews-multi-image_gallery":[],"jnews_single_post":{"subtitle":"El secretario Adjunto de ATE C\u00f3rdoba Hugo Dur\u00e1n confirm\u00f3 la continuidad del plan de lucha de la Multisectorial de la Salud.","format":"standard","video":"","gallery":"","source_name":"","source_url":"","via_name":"","via_url":"","override":[{"template":"1","single_blog_custom":"","parallax":"1","fullscreen":"1","layout":"right-sidebar","sidebar":"default-sidebar","second_sidebar":"default-sidebar","sticky_sidebar":"1","share_position":"top","share_float_style":"share-monocrhome","show_share_counter":"1","show_view_counter":"1","show_featured":"1","show_post_meta":"1","show_post_author":"1","show_post_author_image":"1","show_post_date":"1","post_date_format":"default","post_date_format_custom":"Y\/m\/d","show_post_category":"1","post_reading_time_wpm":"300","zoom_button_out_step":"2","zoom_button_in_step":"3","show_post_tag":"1","show_prev_next_post":"1","show_popup_post":"1","number_popup_post":"1"}],"image_override":[{"single_post_thumbnail_size":"crop-500","single_post_gallery_size":"crop-500"}],"trending_post_position":"meta","trending_post_label":"Trending","sponsored_post_label":"Sponsored by","sponsored_post_name":"","sponsored_post_url":"","sponsored_post_logo":"","sponsored_post_desc":""},"jnews_primary_category":{"id":""},"jnews_social_meta":{"fb_title":"","fb_description":"","fb_image":"","twitter_title":"","twitter_description":"","twitter_image":""},"jnews_review":[],"enable_review":"","type":"percentage","name":"","summary":"","brand":"","sku":"","good":[{"good_text":""}],"bad":[{"bad_text":""}],"score_override":"","override_value":"","rating":[{"rating_text":"","rating_number":"10"}],"price":[{"shop":"","price":"","link":"","icon":""}],"jnews_override_counter":{"view_counter_number":"0","share_counter_number":"0","like_counter_number":"0","dislike_counter_number":"0"},"jnews_post_split":{"post_split":[{"template":"1","tag":"h2","numbering":"asc","mode":"normal","toc_type":"normal"}]},"footnotes":""},"categories":[8],"tags":[734],"class_list":["post-28169","post","type-post","status-publish","format-standard","has-post-thumbnail","hentry","category-provinciales","tag-hospital-cordoba"],"jetpack_featured_media_url":"https:\/\/atecordoba.org\/wp-content\/uploads\/2021\/09\/WhatsApp-Image-2021-09-21-at-13.13.27-e1632246781282.jpeg","_links":{"self":[{"href":"https:\/\/atecordoba.org\/index.php?rest_route=\/wp\/v2\/posts\/28169","targetHints":{"allow":["GET"]}}],"collection":[{"href":"https:\/\/atecordoba.org\/index.php?rest_route=\/wp\/v2\/posts"}],"about":[{"href":"https:\/\/atecordoba.org\/index.php?rest_route=\/wp\/v2\/types\/post"}],"author":[{"embeddable":true,"href":"https:\/\/atecordoba.org\/index.php?rest_route=\/wp\/v2\/users\/7"}],"replies":[{"embeddable":true,"href":"https:\/\/atecordoba.org\/index.php?rest_route=%2Fwp%2Fv2%2Fcomments&post=28169"}],"version-history":[{"count":2,"href":"https:\/\/atecordoba.org\/index.php?rest_route=\/wp\/v2\/posts\/28169\/revisions"}],"predecessor-version":[{"id":28179,"href":"https:\/\/atecordoba.org\/index.php?rest_route=\/wp\/v2\/posts\/28169\/revisions\/28179"}],"wp:featuredmedia":[{"embeddable":true,"href":"https:\/\/atecordoba.org\/index.php?rest_route=\/wp\/v2\/media\/28170"}],"wp:attachment":[{"href":"https:\/\/atecordoba.org\/index.php?rest_route=%2Fwp%2Fv2%2Fmedia&parent=28169"}],"wp:term":[{"taxonomy":"category","embeddable":true,"href":"https:\/\/atecordoba.org\/index.php?rest_route=%2Fwp%2Fv2%2Fcategories&post=28169"},{"taxonomy":"post_tag","embeddable":true,"href":"https:\/\/atecordoba.org\/index.php?rest_route=%2Fwp%2Fv2%2Ftags&post=28169"}],"curies":[{"name":"wp","href":"https:\/\/api.w.org\/{rel}","templated":true}]}}