{"id":28165,"date":"2021-09-21T10:06:23","date_gmt":"2021-09-21T13:06:23","guid":{"rendered":"https:\/\/atecordoba.org\/?p=28165"},"modified":"2021-09-23T10:53:46","modified_gmt":"2021-09-23T13:53:46","slug":"saldan-ratifican-delegados-normalizadores","status":"publish","type":"post","link":"https:\/\/atecordoba.org\/?p=28165","title":{"rendered":"Sald\u00e1n: ratifican delegados normalizadores"},"content":{"rendered":"\n<div class=\"wp-block-image\"><figure class=\"aligncenter size-large\"><img loading=\"lazy\" decoding=\"async\" width=\"840\" height=\"422\" src=\"https:\/\/atecordoba.org\/wp-content\/uploads\/2021\/07\/muni_saldan.jpg\" alt=\"\" class=\"wp-image-26803\" srcset=\"https:\/\/atecordoba.org\/wp-content\/uploads\/2021\/07\/muni_saldan.jpg 840w, https:\/\/atecordoba.org\/wp-content\/uploads\/2021\/07\/muni_saldan-300x151.jpg 300w, https:\/\/atecordoba.org\/wp-content\/uploads\/2021\/07\/muni_saldan-768x386.jpg 768w, https:\/\/atecordoba.org\/wp-content\/uploads\/2021\/07\/muni_saldan-360x180.jpg 360w, https:\/\/atecordoba.org\/wp-content\/uploads\/2021\/07\/muni_saldan-750x377.jpg 750w\" sizes=\"auto, (max-width: 840px) 100vw, 840px\" \/><\/figure><\/div>\n\n\n\n<p>Este lunes, el Consejo Directivo Provincial realiz\u00f3 la presentaci\u00f3n por nota al Intendente de Sald\u00e1n, Cayetano del Valle Canto, donde se da de baja a los Delegados Normalizadores Jorge Alvarez y Vanina Arrieta, quienes fueron mal designados ya que no se encuadra dentro del Estatuto Gremial.<\/p>\n\n\n\n<p>En la misma nota, con la firma por Hugo Dur\u00e1n y Omar Alerzia, Secretario Adjunto y Secretario de Organizaci\u00f3n, se ratific\u00f3 a los Delegados Diego Barrionuevo, Patricia Logarez y Ana Fiorio, quienes ostentaban dichos cargos al ser electos en los comicios del mes de febrero pasado en ese Municipio, en virtud de la Ley de Asociaciones Sindicales.<\/p>\n\n\n\n<div class=\"wp-block-image is-style-default\"><figure class=\"aligncenter size-large\"><img loading=\"lazy\" decoding=\"async\" width=\"540\" height=\"761\" src=\"https:\/\/atecordoba.org\/wp-content\/uploads\/2021\/09\/nota_saldan.jpg\" alt=\"\" class=\"wp-image-28167\" srcset=\"https:\/\/atecordoba.org\/wp-content\/uploads\/2021\/09\/nota_saldan.jpg 540w, https:\/\/atecordoba.org\/wp-content\/uploads\/2021\/09\/nota_saldan-213x300.jpg 213w\" sizes=\"auto, (max-width: 540px) 100vw, 540px\" \/><\/figure><\/div>\n","protected":false},"excerpt":{"rendered":"<p>Este lunes, el Consejo Directivo Provincial realiz\u00f3 la presentaci\u00f3n por nota al Intendente de Sald\u00e1n, Cayetano del Valle Canto, donde se da de baja a los Delegados Normalizadores Jorge Alvarez y Vanina Arrieta, quienes fueron mal designados ya que no se encuadra dentro del Estatuto Gremial. En la misma nota, con la firma por Hugo [&hellip;]<\/p>\n","protected":false},"author":7,"featured_media":22005,"comment_status":"open","ping_status":"open","sticky":false,"template":"","format":"standard","meta":{"_exactmetrics_skip_tracking":false,"_exactmetrics_sitenote_active":false,"_exactmetrics_sitenote_note":"","_exactmetrics_sitenote_category":0,"jnews-multi-image_gallery":[],"jnews_single_post":{"subtitle":"Los delegados normalizadores son un factor clave para el crecimiento organizativo de ATE.","format":"standard","video":"","gallery":"","source_name":"","source_url":"","via_name":"","via_url":"","override":[{"template":"1","single_blog_custom":"","parallax":"1","fullscreen":"1","layout":"right-sidebar","sidebar":"default-sidebar","second_sidebar":"default-sidebar","sticky_sidebar":"1","share_position":"top","share_float_style":"share-monocrhome","show_share_counter":"1","show_view_counter":"1","show_featured":"1","show_post_meta":"1","show_post_author":"1","show_post_author_image":"1","show_post_date":"1","post_date_format":"default","post_date_format_custom":"Y\/m\/d","show_post_category":"1","post_reading_time_wpm":"300","zoom_button_out_step":"2","zoom_button_in_step":"3","show_post_tag":"1","show_prev_next_post":"1","show_popup_post":"1","number_popup_post":"1"}],"image_override":[{"single_post_thumbnail_size":"crop-500","single_post_gallery_size":"crop-500"}],"trending_post_position":"meta","trending_post_label":"Trending","sponsored_post_label":"Sponsored by","sponsored_post_name":"","sponsored_post_url":"","sponsored_post_logo":"","sponsored_post_desc":""},"jnews_primary_category":{"id":""},"jnews_social_meta":{"fb_title":"","fb_description":"","fb_image":"","twitter_title":"","twitter_description":"","twitter_image":""},"jnews_review":[],"enable_review":"","type":"percentage","name":"","summary":"","brand":"","sku":"","good":[{"good_text":""}],"bad":[{"bad_text":""}],"score_override":"","override_value":"","rating":[{"rating_text":"","rating_number":"10"}],"price":[{"shop":"","price":"","link":"","icon":""}],"jnews_override_counter":{"view_counter_number":"0","share_counter_number":"0","like_counter_number":"0","dislike_counter_number":"0"},"jnews_post_split":{"post_split":[{"template":"1","tag":"h2","numbering":"asc","mode":"normal","toc_type":"normal"}]},"footnotes":""},"categories":[20],"tags":[],"class_list":["post-28165","post","type-post","status-publish","format-standard","has-post-thumbnail","hentry","category-municipales"],"jetpack_featured_media_url":"https:\/\/atecordoba.org\/wp-content\/uploads\/2020\/09\/muni-saldan.jpg","_links":{"self":[{"href":"https:\/\/atecordoba.org\/index.php?rest_route=\/wp\/v2\/posts\/28165","targetHints":{"allow":["GET"]}}],"collection":[{"href":"https:\/\/atecordoba.org\/index.php?rest_route=\/wp\/v2\/posts"}],"about":[{"href":"https:\/\/atecordoba.org\/index.php?rest_route=\/wp\/v2\/types\/post"}],"author":[{"embeddable":true,"href":"https:\/\/atecordoba.org\/index.php?rest_route=\/wp\/v2\/users\/7"}],"replies":[{"embeddable":true,"href":"https:\/\/atecordoba.org\/index.php?rest_route=%2Fwp%2Fv2%2Fcomments&post=28165"}],"version-history":[{"count":2,"href":"https:\/\/atecordoba.org\/index.php?rest_route=\/wp\/v2\/posts\/28165\/revisions"}],"predecessor-version":[{"id":28207,"href":"https:\/\/atecordoba.org\/index.php?rest_route=\/wp\/v2\/posts\/28165\/revisions\/28207"}],"wp:featuredmedia":[{"embeddable":true,"href":"https:\/\/atecordoba.org\/index.php?rest_route=\/wp\/v2\/media\/22005"}],"wp:attachment":[{"href":"https:\/\/atecordoba.org\/index.php?rest_route=%2Fwp%2Fv2%2Fmedia&parent=28165"}],"wp:term":[{"taxonomy":"category","embeddable":true,"href":"https:\/\/atecordoba.org\/index.php?rest_route=%2Fwp%2Fv2%2Fcategories&post=28165"},{"taxonomy":"post_tag","embeddable":true,"href":"https:\/\/atecordoba.org\/index.php?rest_route=%2Fwp%2Fv2%2Ftags&post=28165"}],"curies":[{"name":"wp","href":"https:\/\/api.w.org\/{rel}","templated":true}]}}