{"id":28147,"date":"2021-09-20T12:47:57","date_gmt":"2021-09-20T15:47:57","guid":{"rendered":"https:\/\/atecordoba.org\/?p=28147"},"modified":"2021-09-20T12:48:26","modified_gmt":"2021-09-20T15:48:26","slug":"ministerio-de-la-mujer-ate-solicita-audiencia-a-claudia-martinez-para-abordar-graves-situaciones-en-diversas-areas-y-pide-definiciones-sobre-los-monotributos-en-el-organismo","status":"publish","type":"post","link":"https:\/\/atecordoba.org\/?p=28147","title":{"rendered":"Ministerio de la Mujer:  ATE solicita audiencia a Claudia Mart\u00ednez  para abordar graves situaciones en diversas \u00e1reas y pide definiciones sobre los monotributos en el organismo"},"content":{"rendered":"\n<div class=\"wp-block-image is-style-default\"><figure class=\"alignright size-large\"><img loading=\"lazy\" decoding=\"async\" width=\"685\" height=\"1024\" src=\"https:\/\/atecordoba.org\/wp-content\/uploads\/2021\/09\/NOTA-A-685x1024.jpg\" alt=\"\" class=\"wp-image-28151\" srcset=\"https:\/\/atecordoba.org\/wp-content\/uploads\/2021\/09\/NOTA-A-685x1024.jpg 685w, https:\/\/atecordoba.org\/wp-content\/uploads\/2021\/09\/NOTA-A-201x300.jpg 201w, https:\/\/atecordoba.org\/wp-content\/uploads\/2021\/09\/NOTA-A-768x1148.jpg 768w, https:\/\/atecordoba.org\/wp-content\/uploads\/2021\/09\/NOTA-A-750x1121.jpg 750w, https:\/\/atecordoba.org\/wp-content\/uploads\/2021\/09\/NOTA-A.jpg 856w\" sizes=\"auto, (max-width: 685px) 100vw, 685px\" \/><\/figure><\/div>\n\n\n\n<p>En dos notas dirigidas a la ministra de la Mujer, Claudia Mart\u00ednez, el Consejo Directivo Provincial solicit\u00f3 informaci\u00f3n precisa sobre cu\u00e1ndo se realizar\u00e1n los pases a contratos de las y los trabajadores monotributistas del Ministerio a su cargo, que est\u00e1n comprometidos en un acta realizada en el Ministerio de Trabajo, sobre todo atento que ante la inmensa cantidad de monotributos y personal precarizado, la puesta en marcha de los contratos solo afect\u00f3 a 10 trabajadores y trabajadores por el momento. <\/p>\n\n\n\n<p>No menos importante es la solicitud realizada en la primera de las notas citadas, donde ATE pide  que se realicen tambi\u00e9n &#8220;las gestiones necesarias para brindarles a las\/os compa\u00f1eras\/os que trabajan bajo la condici\u00f3n de monotributo un aumento salarial de emergencia, dado que sus salarios se encuentran muy por debajo de la canasta b\u00e1sica familiar&#8221;. <\/p>\n\n\n\n<p>En esa, l\u00ednea nuestro gremio aprovecha &#8220;para pedirle realice las gestiones necesarias para que las compa\u00f1eras contratadas que realizan tareas profesionales psic\u00f3logas y trabajadoras sociales y que a\u00fan tienen contratos B o C, sean recategorizadas a la brevedad, ya que su actual condici\u00f3n avasalla sus derechos y va en claro detrimento de sus salarios&#8221;. <\/p>\n\n\n\n<p><strong>Precarias condiciones de trabajo<\/strong><\/p>\n\n\n\n<p>A su vez, en una segunda nota, ATE C\u00f3rdoba dio a la ministra Mart\u00ednez un extenso y detallado panorama de las dificultades que atraviesan las y los trabajadores de las distintas \u00e1reas de la cartera a bajo su responsabilidad. <\/p>\n\n\n\n<p>En tal sentido, solicit\u00f3 una audiencia con representaci\u00f3n de profesionales de cada \u00e1rea y representaci\u00f3n gremial, as\u00ed como &#8220;reabrir las mesas de trabajo que se sostuvieron durante el a\u00f1o pasado, a fin de poder solucionar las problem\u00e1ticas en las que nos explayamos abajo, con el objeto de trabajar en condiciones dignas y garantizar que les usuaries accedan a su derecho de una vida libre de violencia&#8221;. <\/p>\n\n\n\n<p>Seguidamente, enumer\u00f3 por cada \u00e1rea de trabajo las carencias que el personal sufre diariamente y los alt\u00edsimos porcentajes de precarizaci\u00f3n existentes por sector. <\/p>\n\n\n\n<p><strong>Asistencia en Violencia Familiar<\/strong><\/p>\n\n\n\n<p>&#8220;En el <strong>Equipo T\u00e9cnico del \u00c1rea de Asistencia en Violencia Familiar<\/strong> actualmente somos 30 las\/os profesionales psic\u00f3logas, trabajadoras sociales y abogadas\/o en condici\u00f3n de monotributistas, conveniadas, contratadas y planta permanente. 17 profesionales del total son monotributistas y conveniadas, es decir es un \u00e1rea que se sostiene en su mayor\u00eda por trabajadoras\/es con una marcada y visible condici\u00f3n de precariedad en cuanto a derechos laborales. No somos parte de la discusi\u00f3n paritaria, no contamos con obra social, jubilaci\u00f3n, licencias, entre otros muchos derechos laborales b\u00e1sicos. Cabe resaltar de igual modo que, el aumento reciente para las\/os trabajadoras\/es de planta permanente y contratadas\/os fue del 5%, lo cual tambi\u00e9n es indigno.<\/p>\n\n\n\n<p>Es un \u00e1rea que ha sufrido traslados (algunos compulsivos, otros consensuados) de compa\u00f1eras desde hace meses, es il\u00f3gico que a mayor demanda haya menos personal. La sobrecarga de trabajo recae cada vez m\u00e1s en un n\u00famero reducido de personas, exigiendo responder a demandas que significan, entendiendo la tem\u00e1tica, un alto grado de desgaste f\u00edsico y emocional.<\/p>\n\n\n\n<p>Realizamos primeras entrevistas, seguimientos de situaciones, informes socio-econ\u00f3micos, informes para el Juzgado de Violencia, planificamos y coordinamos espacios de talleres y grupos terap\u00e9uticos, asesoramos y tomamos denuncias. 19 trabajadoras realizamos 3 d\u00edas de guardia entre turno ma\u00f1ana y tarde, situaci\u00f3n que se hace dif\u00edcil e insostenible en el tiempo considerando la totalidad de las tareas exigidas. Sumado a ello, realizamos carga diaria de todas las intervenciones, tarea administrativa que tambi\u00e9n debe hacer la\/el profesional.&#8221;<\/p>\n\n\n\n<p><strong>Brigada de Protecci\u00f3n de la Mujer<\/strong><\/p>\n\n\n\n<p>&#8220;En el \u00e1rea de la <strong>Brigada de Protecci\u00f3n de la Mujer<\/strong> (BPM) somos 24 profesionales psic\u00f3logas\/os y trabajadoras sociales. De ese total solo un compa\u00f1ero se encuentra en planta permanente, 7 compa\u00f1eres somos contratades y 16 somos monotributistas (de las cuales 8 tenemos convenios con los colegios profesionales).<\/p>\n\n\n\n<p>Esta realidad implica que la mayor\u00eda de nuestros salarios se encuentran por debajo de la canasta familiar b\u00e1sica e incluso debajo de la l\u00ednea de la pobreza.<\/p>\n\n\n\n<p>Al ser insuficiente la cantidad de profesionales, esto dificulta y hasta imposibilita realizar trabajo interdisciplinario, fundamental para abordar la complejidad de las urgencias que recibimos. Por otra parte, los recursos materiales con los que contamos para nuestro trabajo son insuficientes o se encuentran deteriorados: computadoras, impresoras, celulares. La oficina es peque\u00f1a, la ventana vidriada en uno de los ingresos de la instituci\u00f3n hace que nos encontremos expuestas mientras nos damos tiempo a pensar intervenciones o tomamos decisiones que son cruciales para quienes consultan, exponi\u00e9ndonos a situaciones de inseguridad y riesgo para nuestra integridad psicof\u00edsica.<\/p>\n\n\n\n<p>Por otra parte, sostener por largos per\u00edodos de tiempo horarios rotativos que incluyen el horario nocturno, genera en les profesionales un desgaste y cansancio adicional, no contamos en la oficina con ninguna de las condiciones que nos permitan, aun manteniendo alerta que nuestra tarea implica, mejorar esta situaci\u00f3n que va en detrimento de nuestra salud y tambi\u00e9n en la calidad de cada intervenci\u00f3n&#8221;.<\/p>\n\n\n\n<p><strong>0800<\/strong><\/p>\n\n\n\n<p>&#8220;En el <strong>\u00c1rea del 0800<\/strong>, que al igual que la BPM cubre las 24 hs. de los 365 d\u00edas del a\u00f1o, hay 30 profesionales. La mayor\u00eda tienen condiciones contractuales precarias, tanto con monotributos o incluso becas con salarios de indignidad, sin poder acceder a derechos b\u00e1sicos, no solo a la estabilidad laboral &#8211; madre de todos los derechos &#8211; sino tampoco a licencias, vacaciones, obra social. Hay una sola responsable real del \u00e1rea y luego en lo organizativo est\u00e1n designados coordinadores por turnos a quienes no se les reconoce de ning\u00fan modo la diferencia en su funci\u00f3n respecto del resto del equipo&#8221;.<\/p>\n\n\n\n<p><strong>Trata de personas<\/strong><\/p>\n\n\n\n<p>&#8220;El <strong>\u00c1rea de Trata de Personas<\/strong>, al momento de su creaci\u00f3n, en el a\u00f1o 2012, era una Secretar\u00eda de Estado, luego pas\u00f3 a ser una Secretar\u00eda dependiente de un Ministerio; con la primera gesti\u00f3n de Schiaretti pas\u00f3 a ser Subsecretar\u00eda y actualmente es una Direcci\u00f3n. Esto refleja una clara voluntad pol\u00edtica de desjerarquizar el \u00e1rea, rest\u00e1ndole importancia a la tem\u00e1tica y a las intervenciones que se requieren.&nbsp;&nbsp;<\/p>\n\n\n\n<p>El \u00e1rea debe dar cobertura en toda la provincia de C\u00f3rdoba y actualmente se encuentra integrada por s\u00f3lo 7 profesionales abocadas\/os a la asistencia a v\u00edctimas de trata. Debemos asistir a procedimientos judiciales y dem\u00e1s intervenciones que se precisen, implicando realizar regularmente viajes a lo largo la provincia y, con cierta frecuencia, a distintos puntos del pa\u00eds. Esto demuestra el gran vaciamiento que han realizado en el \u00e1rea, el cual comenz\u00f3 con el despido de 14 compa\u00f1eras\/os en el a\u00f1o 2015.<\/p>\n\n\n\n<p>En el contrato laboral correspondiente a cada agente est\u00e1 previsto una jornada normal y habitual de lunes a viernes, abarcando el rango horario de ocho (8) a veinte (20) horas cubierto en dos turnos. Si bien las\/los profesionales deber\u00edamos acotarnos a la jornada estipulada en cada contrato, lo cierto y real es que para dar efectivo cumplimiento a las tareas que exige la tem\u00e1tica que abordamos, nuestra labor habitualmente implica trabajar m\u00e1s horas de lo previsto formalmente y en horarios fuera de la jornada comprometi\u00e9ndose, adem\u00e1s, las horas y d\u00edas de descanso. Asimismo, la actividad frecuentemente implica trabajar en horarios nocturnos. A ello, debe agregarse que las 24 hs. del d\u00eda, de lunes a lunes, nuestros tel\u00e9fonos privados se encuentran a disposici\u00f3n; siendo permanentes las comunicaciones mantenidas fuera de los horarios de trabajo, y en d\u00edas &#8211; horas de descanso.&nbsp;<\/p>\n\n\n\n<p>Por otro lado, es recurrente que por la modalidad de las tareas a realizar y el reducido n\u00famero de profesionales intervinientes, se deban modificar los horarios estipulados con el fin de garantizar el cumplimiento de las correspondientes funciones del \u00e1rea. Al respecto, cabe destacar que, a ra\u00edz de las cuestiones ya se\u00f1aladas, adhiriendo a la inmediatez y urgencia que la actividad muchas veces requiere provocan la imposibilidad de mantener una organizaci\u00f3n personal, siendo dificultoso adem\u00e1s asumir compromisos laborales &#8211; fuera de la administraci\u00f3n p\u00fablica &#8211; propios de la profesi\u00f3n que cada una\/o ejerce. En definitiva, resulta inviable la posibilidad de generar m\u00e1s ingresos para el sustento personal y familiar, obligando de hecho a las\/los profesionales a una relaci\u00f3n de exclusividad con la funci\u00f3n.<\/p>\n\n\n\n<p>Es preciso indicar que gran parte de las actividades que la tem\u00e1tica demanda se desenvuelven bajo escenarios que podr\u00edan considerarse de riesgo en cuanto a la integridad psicof\u00edsica de las\/los profesionales. En l\u00edneas generales, se acude a procedimientos judiciales y se efect\u00faan otro tipo de intervenciones dentro de establecimientos y\/o viviendas en p\u00e9simas condiciones de seguridad, salubridad e higiene.<\/p>\n\n\n\n<p>Pese a las circunstancias esbozadas, las\/los profesionales de \u00e9ste \u00e1rea conforman un \u00fanico equipo t\u00e9cnico especializado en la tem\u00e1tica de Trata de Personas, cumpliendo el doble rol de rescate y asistencia integral a v\u00edctimas.<\/p>\n\n\n\n<p>En raz\u00f3n de todo lo se\u00f1alado, resulta notorio que las condiciones que implican&nbsp; el desarrollo de esta compleja tarea no tiene correlaci\u00f3n alguna con los contratos de trabajo formalizados, en cuanto a:&nbsp; jornada extendida e irregular, desempe\u00f1o de tareas en horas y d\u00edas de descanso, interferencia en la libre disponibilidad de tiempo y organizaci\u00f3n de la vida personal de cada agente, exclusividad de hecho en la funci\u00f3n, impedimento y\/o dificultad en el desarrollo de otras tareas remunerativas fuera de la administraci\u00f3n p\u00fablica y un salario insuficiente e inequitativo; justamente, la remuneraci\u00f3n percibida no encuentra reflejo alguno en las condiciones recientemente mencionadas; contando con salarios de $50.000&#8243;.<\/p>\n\n\n\n<p><strong>Constataci\u00f3n<\/strong><\/p>\n\n\n\n<p>&#8220;En el <strong>\u00c1rea de Constataci\u00f3n<\/strong> somos solo 10 profesionales, de las cuales solo 3 est\u00e1n planta permanente, una contratada y 6 son monotributistas. Cabe destacar que en el turno tarde hay solo 2 profesionales cubriendo la demanda. De m\u00e1s est\u00e1 redundar en las consecuencias que esto tiene, a esto se agrega que se nos exigen resultados cuantitativos en los que no se valoran los procesos para arribar a los mismos, ni los tiempos necesarios, no existe la posibilidad de la interdisciplina y el criterio que prima es el de la cantidad por sobre la calidad, lo cual consideramos grav\u00edsimo, ya que somos quienes valoramos el riesgo y con nuestros informes definimos si hay o no situaciones de violencia. No contamos con recursos materiales suficientes, sobre todo computadoras. Tampoco se nos habilitan permisos para realizar capacitaciones pertinentes a la tarea en horarios de trabajo, ni con espacios de formaci\u00f3n. Si bien contamos con un espacio de reuni\u00f3n es un espacio que funciona de una manera muy r\u00edgida, donde no podemos explayarnos sobre temas que no est\u00e9n prestablecidos y que surgen en la misma, las devoluciones nos las realizan por WhatsApp.&nbsp; Esto refleja un modo de funcionamiento impersonal del \u00e1rea&#8221;.<\/p>\n\n\n\n<p><strong>Conclusi\u00f3n<\/strong> <\/p>\n\n\n\n<p>&#8220;Frente a la demanda diaria en aumento -v\u00e9ase en las estad\u00edsticas expresadas inclusive por funcionarias\/os del Ministerio-, sostenemos el personal en todas las \u00e1reas es insuficiente. Asistimos a mujeres, identidades diversas y ni\u00f1os\/as en situaci\u00f3n de violencia, y el costo es sobre otras mujeres, nosotras, las trabajadoras.<\/p>\n\n\n\n<p>Cada una\/o de nosotras\/os est\u00e1 comprometida\/o e involucrada\/o en la problem\u00e1tica con la cual trabajamos y elegimos dicho Ministerio para desempe\u00f1arnos profesionalmente porque se enlaza a nosotras a la causa feminista.<\/p>\n\n\n\n<p>Nuestra tarea es esencial, entonces que tambi\u00e9n debe ser reconocida como tal en nuestras condiciones laborales, en nuestros derechos y no solo en nuestras obligaciones.<\/p>\n\n\n\n<p>En este sentido, y de acuerdo a la vivencia diaria, no es posible pasar por alto que tal escenario de sobrecarga y precariedad laboral trae consecuencias en dos sentidos. Por un lado, el cansancio f\u00edsico y emocional que implica estar en la primera l\u00ednea (considerando que tambi\u00e9n estamos expuestas\/o al contexto de pandemia) tiene efectos claros en nuestra salud mental. En este punto queremos recordar que en el caso de las trabajadoras conveniadas y monotributistas si enferman no disponen de obra social, quedando una vez m\u00e1s al descubierto la relaci\u00f3n encubierta con el Estado Provincial.<\/p>\n\n\n\n<p>Por otro lado, y no menos importante, ya que es un aspecto estudiado en el trabajo con violencias, es la necesidad del trabajo interdisciplinario. Al ser el n\u00famero de profesionales insuficientes se dificulta sostenerlo. Enfermarnos o cualquier circunstancia que surja en el plano de lo personal, queda bajo responsabilidad del\/a profesional resolverlo con su co-equiper, cuando lo hay, cuya \u00fanica opci\u00f3n es que dicho co-equiper cubra el trabajo de ambos\/as, ya que no se reduce la exigencia en atenci\u00f3n.<\/p>\n\n\n\n<p>Sumado a ello, el aumento de las situaciones de violencia atravesadas y combinadas con situaciones de salud mental viene siendo significativo al momento de asistir. Consideramos nos encontramos en un contexto de pandemia que conlleva consecuencias en varios y amplios sentidos, incluyendo el colapso del sistema de salud, espec\u00edficamente el \u00e1rea de salud mental. El ministerio recibe mujeres con tales problem\u00e1ticas, pero no contamos con profesionales de psiquiatr\u00eda, los cuales sean parte de la interdisciplina, considerando que los equipos son piscolog\u00edas y trabajadoras sociales y en algunos equipos abogadas, quienes no pueden responder a tal demanda adem\u00e1s de no ser su competencia. &nbsp;<\/p>\n\n\n\n<p>Sostenemos que todos los aspectos mencionados son preocupantes y requieren ser revistos ya que impactan directamente en la calidad de atenci\u00f3n brindada a mujeres, identidades diversas y ni\u00f1os\/as y tambi\u00e9n en la salud de sus trabajadoras, esenciales para el Ministerio.<\/p>\n\n\n\n<p>Somos en general mujeres, una paradoja siendo nuestro \u00e1mbito laboral el Ministerio de la Mujer, que no contemos con derechos laborales b\u00e1sicos. Somos quienes nos encontramos en la primera l\u00ednea combatiendo la violencia machista y patriarcal, con salarios que no llegan a cubrir la canasta b\u00e1sica familiar, lo cual tambi\u00e9n entendemos se constituye en violencia.<\/p>\n\n\n\n<p>En este sentido, solicitamos que nuestros sueldos y condiciones laborales se equiparen al trabajo que realizamos. Que se revea la insuficiencia de personal todas las \u00e1reas del Ministerio. Que se garantice el trabajo interdisciplinario de manera sostenida y en todos turnos, al igual que incorporar profesionales del \u00e1rea de psiquiatr\u00eda. Que se garanticen espacios de supervisi\u00f3n y tambi\u00e9n de cuidados para las\/os profesionales. Y que se reconozca el r\u00e9gimen especial por tarea de riesgo psicosocial&#8221;.<\/p>\n\n\n\n<figure class=\"wp-block-gallery columns-3 is-cropped wp-block-gallery-1 is-layout-flex wp-block-gallery-is-layout-flex\"><ul class=\"blocks-gallery-grid\"><li class=\"blocks-gallery-item\"><figure><a href=\"https:\/\/atecordoba.org\/wp-content\/uploads\/2021\/09\/NOTA-B-1.jpg\"><img loading=\"lazy\" decoding=\"async\" width=\"767\" height=\"1024\" src=\"https:\/\/atecordoba.org\/wp-content\/uploads\/2021\/09\/NOTA-B-1-767x1024.jpg\" alt=\"\" data-id=\"28152\" data-full-url=\"https:\/\/atecordoba.org\/wp-content\/uploads\/2021\/09\/NOTA-B-1.jpg\" data-link=\"https:\/\/atecordoba.org\/?attachment_id=28152\" class=\"wp-image-28152\" srcset=\"https:\/\/atecordoba.org\/wp-content\/uploads\/2021\/09\/NOTA-B-1-767x1024.jpg 767w, https:\/\/atecordoba.org\/wp-content\/uploads\/2021\/09\/NOTA-B-1-225x300.jpg 225w, https:\/\/atecordoba.org\/wp-content\/uploads\/2021\/09\/NOTA-B-1-768x1026.jpg 768w, https:\/\/atecordoba.org\/wp-content\/uploads\/2021\/09\/NOTA-B-1-1150x1536.jpg 1150w, https:\/\/atecordoba.org\/wp-content\/uploads\/2021\/09\/NOTA-B-1-750x1002.jpg 750w, https:\/\/atecordoba.org\/wp-content\/uploads\/2021\/09\/NOTA-B-1-1140x1523.jpg 1140w, https:\/\/atecordoba.org\/wp-content\/uploads\/2021\/09\/NOTA-B-1.jpg 1198w\" sizes=\"auto, (max-width: 767px) 100vw, 767px\" \/><\/a><\/figure><\/li><li class=\"blocks-gallery-item\"><figure><a href=\"https:\/\/atecordoba.org\/wp-content\/uploads\/2021\/09\/NOTA-B-2.jpg\"><img loading=\"lazy\" decoding=\"async\" width=\"716\" height=\"1024\" src=\"https:\/\/atecordoba.org\/wp-content\/uploads\/2021\/09\/NOTA-B-2-716x1024.jpg\" alt=\"\" data-id=\"28153\" data-full-url=\"https:\/\/atecordoba.org\/wp-content\/uploads\/2021\/09\/NOTA-B-2.jpg\" data-link=\"https:\/\/atecordoba.org\/?attachment_id=28153\" class=\"wp-image-28153\" srcset=\"https:\/\/atecordoba.org\/wp-content\/uploads\/2021\/09\/NOTA-B-2-716x1024.jpg 716w, https:\/\/atecordoba.org\/wp-content\/uploads\/2021\/09\/NOTA-B-2-210x300.jpg 210w, https:\/\/atecordoba.org\/wp-content\/uploads\/2021\/09\/NOTA-B-2-768x1098.jpg 768w, https:\/\/atecordoba.org\/wp-content\/uploads\/2021\/09\/NOTA-B-2-750x1073.jpg 750w, https:\/\/atecordoba.org\/wp-content\/uploads\/2021\/09\/NOTA-B-2.jpg 895w\" sizes=\"auto, (max-width: 716px) 100vw, 716px\" \/><\/a><\/figure><\/li><li class=\"blocks-gallery-item\"><figure><a href=\"https:\/\/atecordoba.org\/wp-content\/uploads\/2021\/09\/NOTA-B-3.jpg\"><img loading=\"lazy\" decoding=\"async\" width=\"747\" height=\"1024\" src=\"https:\/\/atecordoba.org\/wp-content\/uploads\/2021\/09\/NOTA-B-3-747x1024.jpg\" alt=\"\" data-id=\"28154\" data-full-url=\"https:\/\/atecordoba.org\/wp-content\/uploads\/2021\/09\/NOTA-B-3.jpg\" data-link=\"https:\/\/atecordoba.org\/?attachment_id=28154\" class=\"wp-image-28154\" srcset=\"https:\/\/atecordoba.org\/wp-content\/uploads\/2021\/09\/NOTA-B-3-747x1024.jpg 747w, https:\/\/atecordoba.org\/wp-content\/uploads\/2021\/09\/NOTA-B-3-219x300.jpg 219w, https:\/\/atecordoba.org\/wp-content\/uploads\/2021\/09\/NOTA-B-3-768x1053.jpg 768w, https:\/\/atecordoba.org\/wp-content\/uploads\/2021\/09\/NOTA-B-3-750x1028.jpg 750w, https:\/\/atecordoba.org\/wp-content\/uploads\/2021\/09\/NOTA-B-3.jpg 934w\" sizes=\"auto, (max-width: 747px) 100vw, 747px\" \/><\/a><\/figure><\/li><li class=\"blocks-gallery-item\"><figure><a href=\"https:\/\/atecordoba.org\/wp-content\/uploads\/2021\/09\/NOTA-B-4.jpg\"><img loading=\"lazy\" decoding=\"async\" width=\"722\" height=\"1024\" src=\"https:\/\/atecordoba.org\/wp-content\/uploads\/2021\/09\/NOTA-B-4-722x1024.jpg\" alt=\"\" data-id=\"28155\" data-full-url=\"https:\/\/atecordoba.org\/wp-content\/uploads\/2021\/09\/NOTA-B-4.jpg\" data-link=\"https:\/\/atecordoba.org\/?attachment_id=28155\" class=\"wp-image-28155\" srcset=\"https:\/\/atecordoba.org\/wp-content\/uploads\/2021\/09\/NOTA-B-4-722x1024.jpg 722w, https:\/\/atecordoba.org\/wp-content\/uploads\/2021\/09\/NOTA-B-4-211x300.jpg 211w, https:\/\/atecordoba.org\/wp-content\/uploads\/2021\/09\/NOTA-B-4-768x1090.jpg 768w, https:\/\/atecordoba.org\/wp-content\/uploads\/2021\/09\/NOTA-B-4-750x1064.jpg 750w, https:\/\/atecordoba.org\/wp-content\/uploads\/2021\/09\/NOTA-B-4.jpg 902w\" sizes=\"auto, (max-width: 722px) 100vw, 722px\" \/><\/a><\/figure><\/li><li class=\"blocks-gallery-item\"><figure><a href=\"https:\/\/atecordoba.org\/wp-content\/uploads\/2021\/09\/NOTA-B-5.jpg\"><img loading=\"lazy\" decoding=\"async\" width=\"749\" height=\"1024\" src=\"https:\/\/atecordoba.org\/wp-content\/uploads\/2021\/09\/NOTA-B-5-749x1024.jpg\" alt=\"\" data-id=\"28156\" data-full-url=\"https:\/\/atecordoba.org\/wp-content\/uploads\/2021\/09\/NOTA-B-5.jpg\" data-link=\"https:\/\/atecordoba.org\/?attachment_id=28156\" class=\"wp-image-28156\" srcset=\"https:\/\/atecordoba.org\/wp-content\/uploads\/2021\/09\/NOTA-B-5-749x1024.jpg 749w, https:\/\/atecordoba.org\/wp-content\/uploads\/2021\/09\/NOTA-B-5-219x300.jpg 219w, https:\/\/atecordoba.org\/wp-content\/uploads\/2021\/09\/NOTA-B-5-768x1050.jpg 768w, https:\/\/atecordoba.org\/wp-content\/uploads\/2021\/09\/NOTA-B-5-750x1026.jpg 750w, https:\/\/atecordoba.org\/wp-content\/uploads\/2021\/09\/NOTA-B-5.jpg 936w\" sizes=\"auto, (max-width: 749px) 100vw, 749px\" \/><\/a><\/figure><\/li><li class=\"blocks-gallery-item\"><figure><a href=\"https:\/\/atecordoba.org\/wp-content\/uploads\/2021\/09\/NOTA-B-6.jpg\"><img loading=\"lazy\" decoding=\"async\" width=\"696\" height=\"1024\" src=\"https:\/\/atecordoba.org\/wp-content\/uploads\/2021\/09\/NOTA-B-6-696x1024.jpg\" alt=\"\" data-id=\"28157\" data-full-url=\"https:\/\/atecordoba.org\/wp-content\/uploads\/2021\/09\/NOTA-B-6.jpg\" data-link=\"https:\/\/atecordoba.org\/?attachment_id=28157\" class=\"wp-image-28157\" srcset=\"https:\/\/atecordoba.org\/wp-content\/uploads\/2021\/09\/NOTA-B-6-696x1024.jpg 696w, https:\/\/atecordoba.org\/wp-content\/uploads\/2021\/09\/NOTA-B-6-204x300.jpg 204w, https:\/\/atecordoba.org\/wp-content\/uploads\/2021\/09\/NOTA-B-6-768x1130.jpg 768w, https:\/\/atecordoba.org\/wp-content\/uploads\/2021\/09\/NOTA-B-6-750x1103.jpg 750w, https:\/\/atecordoba.org\/wp-content\/uploads\/2021\/09\/NOTA-B-6.jpg 870w\" sizes=\"auto, (max-width: 696px) 100vw, 696px\" \/><\/a><\/figure><\/li><\/ul><\/figure>\n\n\n\n<p><\/p>\n","protected":false},"excerpt":{"rendered":"<p>En dos notas dirigidas a la ministra de la Mujer, Claudia Mart\u00ednez, el Consejo Directivo Provincial solicit\u00f3 informaci\u00f3n precisa sobre cu\u00e1ndo se realizar\u00e1n los pases a contratos de las y los trabajadores monotributistas del Ministerio a su cargo, que est\u00e1n comprometidos en un acta realizada en el Ministerio de Trabajo, sobre todo atento que ante [&hellip;]<\/p>\n","protected":false},"author":7,"featured_media":27929,"comment_status":"open","ping_status":"open","sticky":false,"template":"","format":"standard","meta":{"_exactmetrics_skip_tracking":false,"_exactmetrics_sitenote_active":false,"_exactmetrics_sitenote_note":"","_exactmetrics_sitenote_category":0,"jnews-multi-image_gallery":[],"jnews_single_post":{"subtitle":"Magros salarios, abuso de figuras contractuales que precarizan al personal, falta de trabajadores en distintas \u00e1reas y carencia absoluta de di\u00e1logo son algunas de la situaciones que nuestro gremio plante\u00f3 resolver con la funcionaria. ","format":"standard","video":"","gallery":"","source_name":"","source_url":"","via_name":"","via_url":"","override":[{"template":"1","single_blog_custom":"","parallax":"1","fullscreen":"1","layout":"right-sidebar","sidebar":"default-sidebar","second_sidebar":"default-sidebar","sticky_sidebar":"1","share_position":"top","share_float_style":"share-monocrhome","show_share_counter":"1","show_view_counter":"1","show_featured":"1","show_post_meta":"1","show_post_author":"1","show_post_author_image":"1","show_post_date":"1","post_date_format":"default","post_date_format_custom":"Y\/m\/d","show_post_category":"1","post_reading_time_wpm":"300","zoom_button_out_step":"2","zoom_button_in_step":"3","show_post_tag":"1","show_prev_next_post":"1","show_popup_post":"1","number_popup_post":"1"}],"image_override":[{"single_post_thumbnail_size":"crop-500","single_post_gallery_size":"crop-500"}],"trending_post_position":"meta","trending_post_label":"Trending","sponsored_post_label":"Sponsored by","sponsored_post_name":"","sponsored_post_url":"","sponsored_post_logo":"","sponsored_post_desc":""},"jnews_primary_category":{"id":""},"jnews_social_meta":{"fb_title":"","fb_description":"","fb_image":"","twitter_title":"","twitter_description":"","twitter_image":""},"jnews_review":[],"enable_review":"","type":"percentage","name":"","summary":"","brand":"","sku":"","good":[{"good_text":""}],"bad":[{"bad_text":""}],"score_override":"","override_value":"","rating":[{"rating_text":"","rating_number":"10"}],"price":[{"shop":"","price":"","link":"","icon":""}],"jnews_override_counter":{"view_counter_number":"0","share_counter_number":"0","like_counter_number":"0","dislike_counter_number":"0"},"jnews_post_split":{"post_split":[{"template":"1","tag":"h2","numbering":"asc","mode":"normal","toc_type":"normal"}]},"footnotes":""},"categories":[907],"tags":[763],"class_list":["post-28147","post","type-post","status-publish","format-standard","has-post-thumbnail","hentry","category-provinciales-manual-de-delegadxs","tag-ministerio-de-la-mujer"],"jetpack_featured_media_url":"https:\/\/atecordoba.org\/wp-content\/uploads\/2021\/09\/ministerio-de-la-mujer-e1632152854166.jpg","_links":{"self":[{"href":"https:\/\/atecordoba.org\/index.php?rest_route=\/wp\/v2\/posts\/28147","targetHints":{"allow":["GET"]}}],"collection":[{"href":"https:\/\/atecordoba.org\/index.php?rest_route=\/wp\/v2\/posts"}],"about":[{"href":"https:\/\/atecordoba.org\/index.php?rest_route=\/wp\/v2\/types\/post"}],"author":[{"embeddable":true,"href":"https:\/\/atecordoba.org\/index.php?rest_route=\/wp\/v2\/users\/7"}],"replies":[{"embeddable":true,"href":"https:\/\/atecordoba.org\/index.php?rest_route=%2Fwp%2Fv2%2Fcomments&post=28147"}],"version-history":[{"count":2,"href":"https:\/\/atecordoba.org\/index.php?rest_route=\/wp\/v2\/posts\/28147\/revisions"}],"predecessor-version":[{"id":28159,"href":"https:\/\/atecordoba.org\/index.php?rest_route=\/wp\/v2\/posts\/28147\/revisions\/28159"}],"wp:featuredmedia":[{"embeddable":true,"href":"https:\/\/atecordoba.org\/index.php?rest_route=\/wp\/v2\/media\/27929"}],"wp:attachment":[{"href":"https:\/\/atecordoba.org\/index.php?rest_route=%2Fwp%2Fv2%2Fmedia&parent=28147"}],"wp:term":[{"taxonomy":"category","embeddable":true,"href":"https:\/\/atecordoba.org\/index.php?rest_route=%2Fwp%2Fv2%2Fcategories&post=28147"},{"taxonomy":"post_tag","embeddable":true,"href":"https:\/\/atecordoba.org\/index.php?rest_route=%2Fwp%2Fv2%2Ftags&post=28147"}],"curies":[{"name":"wp","href":"https:\/\/api.w.org\/{rel}","templated":true}]}}