{"id":28142,"date":"2021-09-20T10:14:01","date_gmt":"2021-09-20T13:14:01","guid":{"rendered":"https:\/\/atecordoba.org\/?p=28142"},"modified":"2021-09-20T11:55:44","modified_gmt":"2021-09-20T14:55:44","slug":"ministerio-de-trabajo-trabajadoras-reclamaron-el-apartamiento-de-un-acosador-de-la-agencia-territorial-cordoba","status":"publish","type":"post","link":"https:\/\/atecordoba.org\/?p=28142","title":{"rendered":"Ministerio de Trabajo: trabajadoras reclamaron el apartamiento de un empleado acosador de la Agencia Territorial C\u00f3rdoba"},"content":{"rendered":"\n<div class=\"wp-block-image is-style-default\"><figure class=\"alignleft size-large is-resized\"><img loading=\"lazy\" decoding=\"async\" src=\"https:\/\/atecordoba.org\/wp-content\/uploads\/2021\/09\/trabajo_logo-e1630598428197.jpg\" alt=\"\" class=\"wp-image-27711\" width=\"718\" height=\"353\" \/><\/figure><\/div>\n\n\n\n<p>En una nota dirigida a las autoridades del Ministerio de Trabajo, Empleo y Seguridad Social de la Naci\u00f3n, ATE C\u00f3rdoba reclam\u00f3 el apartamiento de la presencialidad en sus tareas de trabajo de un trabajador de la Agencia Territorial C\u00f3rdoba que tiene un sumario administrativo por acoso y violencia laboral con m\u00e1s de 20 compa\u00f1eras y compa\u00f1eros de la dependencia, y que result\u00f3 designado en planta permanente del organismo pese a dicha situaci\u00f3n. <\/p>\n\n\n\n<p>La nota de ATE C\u00f3rdoba, con la firma del secretario General del Consejo Directivo Provincial Federico Giuliani y de la directora de G\u00e9neros y Diversidades Gabriela Alcoba, obedece a una mandato expreso de la asamblea de las y los trabajadores de las agencias territoriales C\u00f3rdoba y R\u00edo Cuarto del organismo, que <a href=\"https:\/\/atecordoba.org\/?p=27710\">se vienen expresando<\/a> en ese sentido ya hace tiempo frente a lo que entienden como un agravamiento de la situaci\u00f3n. <\/p>\n\n\n\n<p>Nos hemos unido para visibilizar la grave situaci\u00f3n que estamos atravesando en materia de vulneraci\u00f3n de derechos como mujeres trabajadoras producto que no se est\u00e1 garantizando un espacio libre de acoso y violencia laboral.<\/p>\n\n\n\n<p>En la misiva, las trabajadoras relatan que &#8220;desde el 1\u00b0 de agosto ingres\u00f3 como planta permanente una persona con antecedentes de acoso y violencia hacia m\u00e1s de 20 mujeres trabajadoras dentro del organismo.&nbsp;Esta persona estaba desvinculada en 2015 con baja de contrato sin causa y se encontraba bajo el r\u00e9gimen de art 9 del SINEP&#8221;, no obstante lo cual &#8220;el Ministerio permiti\u00f3 el ingreso, ignorando el expediente administrativo sumarial que se hab\u00eda abierto por agredir una compa\u00f1era y en donde se manifiestan los hechos de acoso y violencia hacia gran n\u00famero de trabajadoras y algunos trabajadores. <\/p>\n\n\n\n<p>Por eso denuncian que &#8220;as\u00ed llegamos a la situaci\u00f3n donde el conjunto de trabajadoras hostigadas comparte el mismo espacio de trabajo con su agresor&#8221;.<\/p>\n\n\n\n<p>La nota apunta a que &#8220;hay errores dentro del organismo y un vac\u00edo legal en el Convenio Colectivo de Trabajo del sector (SINEP), que no permite vincular los antecedentes administrativos y penales de la persona que ingresa a la Administraci\u00f3n P\u00fablica Nacional salvo que exista sentencia firme de la justicia&#8221;.<\/p>\n\n\n\n<p>En consecuencia, las trabajadoras &#8220;mandataron en diversas asambleas al cuerpo de delegados\/as de ATE del sector que gestionaran con el aval del Departamento de G\u00e9neros y Diversidades del CDP, que realiz\u00f3 una presentaci\u00f3n administrativa para impugnar la designaci\u00f3n mediante expediente EX_2021_42279092_APN_ATCO#MT. La respuesta del \u00c1rea de Recursos Humanos fue negativa y la \u00fanica medida de contenci\u00f3n, a nivel local, es colocar a la persona mencionada en un subsuelo donde las trabajadoras se ven expuestas a cruzarse con \u00e9l&#8221;. &nbsp;<\/p>\n\n\n\n<p>Esto es as\u00ed habida cuenta que &#8220;se est\u00e1 vulnerando el Convenio 189 de la OIT, ratificado por Ley 27580, sobre la Eliminaci\u00f3n de la Violencia y el Acoso en el Mundo del Trabajo, que obliga a los estados, sindicatos y empleadores a reconocer y tomar acciones para prevenir, atender y reparar el acoso y violencia en el \u00e1mbito laboral, incluyendo la violencia de g\u00e9nero&#8221;.<\/p>\n\n\n\n<p>Ante este c\u00famulo de hechos, , las trabajadoras exigen a la m\u00e1xima autoridad del Ministerio:<\/p>\n\n\n\n<ol class=\"wp-block-list\" type=\"1\"><li>Que la persona deje de asistir presencialmente al organismo, se avance con una reasignaci\u00f3n de su puesto a otro organismo y se determine en el corto plazo que cumpla su trabajo de manera remota para no vulnerar los derechos de las trabajadoras que est\u00e1n asistiendo de manera presencial. Es necesaria la aplicaci\u00f3n del protocolo de \u2018Prevenci\u00f3n, atenci\u00f3n y abordaje de casos de violencia dentro del organismo\u2019.<\/li><li>Se avance en una modificaci\u00f3n del convenio colectivo que brinde mayores protecciones ante el acoso y violencia laboral por razones de g\u00e9nero. En ese sentido, se solicita que toda persona que tenga antecedentes de apertura de una causa administrativa o penal de acoso y violencia se procedas resguardando la integridad y vida de las denunciantes.<\/li><li>Se requiere un proceso de reparaci\u00f3n de derechos hac\u00eda las trabajadoras a trav\u00e9s de la mediaci\u00f3n de la OIT para que se garantice la imparcialidad del proceso y no seguir exponiendo a una situaci\u00f3n de vulnerabilidad al conjunto de trabajadoras ya afectadas.<\/li><\/ol>\n\n\n<!-- PDF Embedder: Please provide an \"URL\" attribute in your shortcode. -->\n\n\n<div class=\"wp-block-file\"><a href=\"https:\/\/atecordoba.org\/wp-content\/uploads\/2021\/09\/Ministerio-de-Trabajo.pdf\">Ministerio-de-Trabajo<\/a><a href=\"https:\/\/atecordoba.org\/wp-content\/uploads\/2021\/09\/Ministerio-de-Trabajo.pdf\" class=\"wp-block-file__button\" download>Descarga<\/a><\/div>\n\n\n\n<p><strong>Abordaje a nivel nacional <\/strong><\/p>\n\n\n\n<p>Cabe se\u00f1alar que en <a href=\"https:\/\/ate.org.ar\/ate-se-reunio-con-la-subsecretaria-de-politicas-de-inclusion-en-el-mundo-del-trabajo\/\">una reuni\u00f3n<\/a> con la la subsecretaria de Pol\u00edticas de Inclusi\u00f3n en el Mundo del Trabajo, Pamela Ares, las dirigentes de ATE Nacional Mercedes Cabezas (Secretaria de Organizaci\u00f3n) y Clarisa Gambera (Directora del Departamento de G\u00e9nero y Diversidad) se abordaron \u201cdistintas iniciativas que tiene el Ministerio en torno a la necesidad de generar igualdad en el mundo del trabajo, y desde ATE propusimos la conformaci\u00f3n de un mapa de riesgo que eval\u00fae las violencias en todo el territorio argentino, de la mano de nuestra organizaci\u00f3n y otras organizaciones hermanas\u201d, indic\u00f3 Cabezas.<\/p>\n\n\n\n<p>Durante el encuentro, las dirigentes adem\u00e1s hicieron un recorrido por el trabajo que ATE viene llevando adelante a nivel nacional y por las tareas con el Convenio 190 que se realizan desde el Departamento de G\u00e9nero y Diversidad. Adem\u00e1s, se hizo referencia a la adecuaci\u00f3n del Convenio 214, a nivel nacional, al Convenio 190 de la Organizaci\u00f3n Internacional del Trabajo (OIT) y a la Recomendaci\u00f3n 206.<\/p>\n\n\n\n<p><\/p>\n","protected":false},"excerpt":{"rendered":"<p>En una nota dirigida a las autoridades del Ministerio de Trabajo, Empleo y Seguridad Social de la Naci\u00f3n, ATE C\u00f3rdoba reclam\u00f3 el apartamiento de la presencialidad en sus tareas de trabajo de un trabajador de la Agencia Territorial C\u00f3rdoba que tiene un sumario administrativo por acoso y violencia laboral con m\u00e1s de 20 compa\u00f1eras y [&hellip;]<\/p>\n","protected":false},"author":7,"featured_media":27711,"comment_status":"open","ping_status":"open","sticky":false,"template":"","format":"standard","meta":{"_exactmetrics_skip_tracking":false,"_exactmetrics_sitenote_active":false,"_exactmetrics_sitenote_note":"","_exactmetrics_sitenote_category":0,"jnews-multi-image_gallery":[],"jnews_single_post":{"subtitle":"El trabajador denunciado fue nombrado recientemente planta permanente del organismo.","format":"standard","video":"","gallery":"","source_name":"","source_url":"","via_name":"","via_url":"","override":[{"template":"1","single_blog_custom":"","parallax":"1","fullscreen":"1","layout":"right-sidebar","sidebar":"default-sidebar","second_sidebar":"default-sidebar","sticky_sidebar":"1","share_position":"top","share_float_style":"share-monocrhome","show_share_counter":"1","show_view_counter":"1","show_featured":"1","show_post_meta":"1","show_post_author":"1","show_post_author_image":"1","show_post_date":"1","post_date_format":"default","post_date_format_custom":"Y\/m\/d","show_post_category":"1","post_reading_time_wpm":"300","zoom_button_out_step":"2","zoom_button_in_step":"3","show_post_tag":"1","show_prev_next_post":"1","show_popup_post":"1","number_popup_post":"1"}],"image_override":[{"single_post_thumbnail_size":"crop-500","single_post_gallery_size":"crop-500"}],"trending_post_position":"meta","trending_post_label":"Trending","sponsored_post_label":"Sponsored by","sponsored_post_name":"","sponsored_post_url":"","sponsored_post_logo":"","sponsored_post_desc":""},"jnews_primary_category":{"id":""},"jnews_social_meta":{"fb_title":"","fb_description":"","fb_image":"","twitter_title":"","twitter_description":"","twitter_image":""},"jnews_review":[],"enable_review":"","type":"percentage","name":"","summary":"","brand":"","sku":"","good":[{"good_text":""}],"bad":[{"bad_text":""}],"score_override":"","override_value":"","rating":[{"rating_text":"","rating_number":"10"}],"price":[{"shop":"","price":"","link":"","icon":""}],"jnews_override_counter":{"view_counter_number":"0","share_counter_number":"0","like_counter_number":"0","dislike_counter_number":"0"},"jnews_post_split":{"post_split":[{"template":"1","tag":"h2","numbering":"asc","mode":"normal","toc_type":"normal"}]},"footnotes":""},"categories":[341,325,906,12],"tags":[338],"class_list":["post-28142","post","type-post","status-publish","format-standard","has-post-thumbnail","hentry","category-cdp","category-generos-y-diversidades","category-nacionales-manual-de-delegadxs","category-rio-cuarto","tag-ministerio-de-trabajo-de-la-nacion"],"jetpack_featured_media_url":"https:\/\/atecordoba.org\/wp-content\/uploads\/2021\/09\/trabajo_logo-e1630598428197.jpg","_links":{"self":[{"href":"https:\/\/atecordoba.org\/index.php?rest_route=\/wp\/v2\/posts\/28142","targetHints":{"allow":["GET"]}}],"collection":[{"href":"https:\/\/atecordoba.org\/index.php?rest_route=\/wp\/v2\/posts"}],"about":[{"href":"https:\/\/atecordoba.org\/index.php?rest_route=\/wp\/v2\/types\/post"}],"author":[{"embeddable":true,"href":"https:\/\/atecordoba.org\/index.php?rest_route=\/wp\/v2\/users\/7"}],"replies":[{"embeddable":true,"href":"https:\/\/atecordoba.org\/index.php?rest_route=%2Fwp%2Fv2%2Fcomments&post=28142"}],"version-history":[{"count":5,"href":"https:\/\/atecordoba.org\/index.php?rest_route=\/wp\/v2\/posts\/28142\/revisions"}],"predecessor-version":[{"id":28150,"href":"https:\/\/atecordoba.org\/index.php?rest_route=\/wp\/v2\/posts\/28142\/revisions\/28150"}],"wp:featuredmedia":[{"embeddable":true,"href":"https:\/\/atecordoba.org\/index.php?rest_route=\/wp\/v2\/media\/27711"}],"wp:attachment":[{"href":"https:\/\/atecordoba.org\/index.php?rest_route=%2Fwp%2Fv2%2Fmedia&parent=28142"}],"wp:term":[{"taxonomy":"category","embeddable":true,"href":"https:\/\/atecordoba.org\/index.php?rest_route=%2Fwp%2Fv2%2Fcategories&post=28142"},{"taxonomy":"post_tag","embeddable":true,"href":"https:\/\/atecordoba.org\/index.php?rest_route=%2Fwp%2Fv2%2Ftags&post=28142"}],"curies":[{"name":"wp","href":"https:\/\/api.w.org\/{rel}","templated":true}]}}