{"id":28130,"date":"2021-09-17T14:21:36","date_gmt":"2021-09-17T17:21:36","guid":{"rendered":"https:\/\/atecordoba.org\/?p=28130"},"modified":"2021-09-17T14:47:40","modified_gmt":"2021-09-17T17:47:40","slug":"rio-cuarto-tras-un-largo-conflicto-ate-logra-cuadriplicar-el-monto-de-las-becas-en-la-senaf","status":"publish","type":"post","link":"https:\/\/atecordoba.org\/?p=28130","title":{"rendered":"R\u00edo Cuarto: tras un largo conflicto ATE logra cuadriplicar el monto de las becas en la SENAF"},"content":{"rendered":"\n<div class=\"wp-block-image is-style-default\"><figure class=\"aligncenter size-large\"><img loading=\"lazy\" decoding=\"async\" width=\"720\" height=\"720\" src=\"https:\/\/atecordoba.org\/wp-content\/uploads\/2021\/09\/IMG-20210917-WA0058.jpg\" alt=\"\" class=\"wp-image-28132\" srcset=\"https:\/\/atecordoba.org\/wp-content\/uploads\/2021\/09\/IMG-20210917-WA0058.jpg 720w, https:\/\/atecordoba.org\/wp-content\/uploads\/2021\/09\/IMG-20210917-WA0058-300x300.jpg 300w, https:\/\/atecordoba.org\/wp-content\/uploads\/2021\/09\/IMG-20210917-WA0058-150x150.jpg 150w, https:\/\/atecordoba.org\/wp-content\/uploads\/2021\/09\/IMG-20210917-WA0058-560x560.jpg 560w, https:\/\/atecordoba.org\/wp-content\/uploads\/2021\/09\/IMG-20210917-WA0058-75x75.jpg 75w, https:\/\/atecordoba.org\/wp-content\/uploads\/2021\/09\/IMG-20210917-WA0058-350x350.jpg 350w\" sizes=\"auto, (max-width: 720px) 100vw, 720px\" \/><\/figure><\/div>\n\n\n\n<p>La seccional ATE R\u00edo Cuarto inform\u00f3 hoy que <a href=\"https:\/\/atecordoba.org\/?p=27915\">tras un largo conflicto por aumento salarial en la Secretaria de Ni\u00f1ez, Adolescencia y Familia (SENAF)<\/a>, las autoridades del organismo accedieron a multiplicar por cuatro el monto de las becas, que pasar\u00e1n de una franja que oscilaba de entre 8 mil a 15 mil pesos por beca a una recomposici\u00f3n que significa cobrar en lo sucesivo entre 30 a 40 mil pesos.  El incremento salarial incluye a todos y todas las becarias <\/p>\n\n\n\n<p>&#8220;Nuestro horizonte de lucha es la estabilidad laboral de las y los compa\u00f1eros que durante tantos a\u00f1os aportan su labor con el firme prop\u00f3sito de dar curso a las demandas que en la Secretar\u00eda se atienden&#8221;, dijo la secretaria General de ATE R\u00edo Cuarto, Rafaela Alcoba. <\/p>\n\n\n\n<p>Y agreg\u00f3: &#8220;bregamos por el bienestar y la dignidad de quienes abrazan y contienen la ni\u00f1ez y la adolescencia. Nuestra mayor apuesta como trabajadores y trabajadoras para una sociedad futura, es con el respeto de los derechos como base y pilar fundamental. Finalmente, queremos agregar que este avance es muy importante en el reconocimiento de la labor de las y los compa\u00f1eros de SENAF y desde ATE vamos a continuar en la defensa y conquista de los derechos que nos faltan&#8221;.<\/p>\n\n\n\n<p>La dirigente afirm\u00f3 que la resoluci\u00f3n del conflicto fue en base a la lucha. &#8220;Hicimos asambleas, cortes de calle, actividades frente al Centro C\u00edvico, y ahora podemos celebrar este avance. Vamos a seguir hacia adelante, organizando estrategias para alcanzarlo, pero esta victoria es resultado de la unidad de las y los trabajadores, de las y los becarios de SENAF, que sostuvieron el conflicto por tanto tiempo. Es una conquista que se logr\u00f3 a partir de la intervenci\u00f3n de ATE&#8221;, concluy\u00f3.<\/p>\n","protected":false},"excerpt":{"rendered":"<p>La seccional ATE R\u00edo Cuarto inform\u00f3 hoy que tras un largo conflicto por aumento salarial en la Secretaria de Ni\u00f1ez, Adolescencia y Familia (SENAF), las autoridades del organismo accedieron a multiplicar por cuatro el monto de las becas, que pasar\u00e1n de una franja que oscilaba de entre 8 mil a 15 mil pesos por beca [&hellip;]<\/p>\n","protected":false},"author":7,"featured_media":27917,"comment_status":"open","ping_status":"open","sticky":false,"template":"","format":"standard","meta":{"_exactmetrics_skip_tracking":false,"_exactmetrics_sitenote_active":false,"_exactmetrics_sitenote_note":"","_exactmetrics_sitenote_category":0,"jnews-multi-image_gallery":[],"jnews_single_post":{"subtitle":"El organismo incrementa las becas de entre 8 y 15 mil pesos a de entre 30 a 40 mil pesos.","format":"standard","video":"","gallery":"","source_name":"","source_url":"","via_name":"","via_url":"","override":[{"template":"1","single_blog_custom":"","parallax":"1","fullscreen":"1","layout":"right-sidebar","sidebar":"default-sidebar","second_sidebar":"default-sidebar","sticky_sidebar":"1","share_position":"top","share_float_style":"share-monocrhome","show_share_counter":"1","show_view_counter":"1","show_featured":"1","show_post_meta":"1","show_post_author":"1","show_post_author_image":"1","show_post_date":"1","post_date_format":"default","post_date_format_custom":"Y\/m\/d","show_post_category":"1","post_reading_time_wpm":"300","zoom_button_out_step":"2","zoom_button_in_step":"3","show_post_tag":"1","show_prev_next_post":"1","show_popup_post":"1","number_popup_post":"1"}],"image_override":[{"single_post_thumbnail_size":"crop-500","single_post_gallery_size":"crop-500"}],"trending_post_position":"meta","trending_post_label":"Trending","sponsored_post_label":"Sponsored by","sponsored_post_name":"","sponsored_post_url":"","sponsored_post_logo":"","sponsored_post_desc":""},"jnews_primary_category":{"id":""},"jnews_social_meta":{"fb_title":"","fb_description":"","fb_image":"","twitter_title":"","twitter_description":"","twitter_image":""},"jnews_review":[],"enable_review":"","type":"percentage","name":"","summary":"","brand":"","sku":"","good":[{"good_text":""}],"bad":[{"bad_text":""}],"score_override":"","override_value":"","rating":[{"rating_text":"","rating_number":"10"}],"price":[{"shop":"","price":"","link":"","icon":""}],"jnews_override_counter":{"view_counter_number":"0","share_counter_number":"0","like_counter_number":"0","dislike_counter_number":"0"},"jnews_post_split":{"post_split":[{"template":"1","tag":"h2","numbering":"asc","mode":"normal","toc_type":"normal"}]},"footnotes":""},"categories":[907,12],"tags":[457],"class_list":["post-28130","post","type-post","status-publish","format-standard","has-post-thumbnail","hentry","category-provinciales-manual-de-delegadxs","category-rio-cuarto","tag-senaf"],"jetpack_featured_media_url":"https:\/\/atecordoba.org\/wp-content\/uploads\/2021\/09\/02_09_SENAF_RioCuarto8-1-e1631032665672.jpeg","_links":{"self":[{"href":"https:\/\/atecordoba.org\/index.php?rest_route=\/wp\/v2\/posts\/28130","targetHints":{"allow":["GET"]}}],"collection":[{"href":"https:\/\/atecordoba.org\/index.php?rest_route=\/wp\/v2\/posts"}],"about":[{"href":"https:\/\/atecordoba.org\/index.php?rest_route=\/wp\/v2\/types\/post"}],"author":[{"embeddable":true,"href":"https:\/\/atecordoba.org\/index.php?rest_route=\/wp\/v2\/users\/7"}],"replies":[{"embeddable":true,"href":"https:\/\/atecordoba.org\/index.php?rest_route=%2Fwp%2Fv2%2Fcomments&post=28130"}],"version-history":[{"count":2,"href":"https:\/\/atecordoba.org\/index.php?rest_route=\/wp\/v2\/posts\/28130\/revisions"}],"predecessor-version":[{"id":28133,"href":"https:\/\/atecordoba.org\/index.php?rest_route=\/wp\/v2\/posts\/28130\/revisions\/28133"}],"wp:featuredmedia":[{"embeddable":true,"href":"https:\/\/atecordoba.org\/index.php?rest_route=\/wp\/v2\/media\/27917"}],"wp:attachment":[{"href":"https:\/\/atecordoba.org\/index.php?rest_route=%2Fwp%2Fv2%2Fmedia&parent=28130"}],"wp:term":[{"taxonomy":"category","embeddable":true,"href":"https:\/\/atecordoba.org\/index.php?rest_route=%2Fwp%2Fv2%2Fcategories&post=28130"},{"taxonomy":"post_tag","embeddable":true,"href":"https:\/\/atecordoba.org\/index.php?rest_route=%2Fwp%2Fv2%2Ftags&post=28130"}],"curies":[{"name":"wp","href":"https:\/\/api.w.org\/{rel}","templated":true}]}}