{"id":28120,"date":"2021-09-17T09:52:58","date_gmt":"2021-09-17T12:52:58","guid":{"rendered":"https:\/\/atecordoba.org\/?p=28120"},"modified":"2021-09-17T09:52:59","modified_gmt":"2021-09-17T12:52:59","slug":"ffmm-plenario-evaluo-la-reunion-con-autoridades-del-organismo","status":"publish","type":"post","link":"https:\/\/atecordoba.org\/?p=28120","title":{"rendered":"FFMM: Plenario evalu\u00f3 la reuni\u00f3n con autoridades del organismo"},"content":{"rendered":"\n<div class=\"wp-block-image is-style-default\"><figure class=\"aligncenter size-large is-resized\"><img loading=\"lazy\" decoding=\"async\" src=\"https:\/\/atecordoba.org\/wp-content\/uploads\/2021\/09\/241962752_1200834566994469_3800559519246571789_n.jpg\" alt=\"\" class=\"wp-image-28121\" width=\"720\" height=\"540\" srcset=\"https:\/\/atecordoba.org\/wp-content\/uploads\/2021\/09\/241962752_1200834566994469_3800559519246571789_n.jpg 960w, https:\/\/atecordoba.org\/wp-content\/uploads\/2021\/09\/241962752_1200834566994469_3800559519246571789_n-300x225.jpg 300w, https:\/\/atecordoba.org\/wp-content\/uploads\/2021\/09\/241962752_1200834566994469_3800559519246571789_n-768x576.jpg 768w, https:\/\/atecordoba.org\/wp-content\/uploads\/2021\/09\/241962752_1200834566994469_3800559519246571789_n-750x563.jpg 750w\" sizes=\"auto, (max-width: 720px) 100vw, 720px\" \/><\/figure><\/div>\n\n\n\n<p>El pasado martes 14 de septiembre se reanud\u00f3, tras un cuarto intermedio, el Plenario de Fabricaciones Militares con el fin de conocer los alcances de la reuni\u00f3n prevista para el mediod\u00eda en la sede del Ministerio de Defensa con la presencia de autoridades del mismo, el presidente del Directorio de FFMM y la representaci\u00f3n de ATE Consejo Directivo Nacional.<\/p>\n\n\n\n<p>Tal como inform\u00f3 la seccional ATE R\u00edo Tercero, la reuni\u00f3n realizada de forma virtual tuvo como fin resolver los siguientes temas:<\/p>\n\n\n\n<p>1. <strong>Reconocimiento de la antig\u00fcedad<\/strong> de los compa\u00f1eros reincorporados. Las autoridades accedieron a la solicitud planteada desde ATE desde el inicio de reincorporaciones. Por lo tanto, los trabajadores reintegrados tendr\u00e1n la antig\u00fcedad que corresponde a la fecha de su primer ingreso a FFMM.<\/p>\n\n\n\n<p>2. <strong>Estabilidad de los trabajadores contratados<\/strong>. Se acord\u00f3 acelerar la apertura del Convenio Colectivo Trabajo Sectorial (dentro del CCTM 214\/06) y establecer mediante acta que ning\u00fan trabajador de FFMM podr\u00e1 ser despedido sin sumario previo (como los trabajadores permanentes).<\/p>\n\n\n\n<p>3. <strong>Mesa productiva<\/strong>: se acord\u00f3 la puesta en funcionamiento de la misma para que los trabajadores podamos hacer conocer nuestras propuestas para la reactivaci\u00f3n de las f\u00e1bricas. Podr\u00edan ser una nueva modalidad o el restablecimiento de las Comisiones Participativas que trabajaron durante el per\u00edodo 2011-2015.<\/p>\n\n\n\n<p>4. <strong>Recategorizaciones.<\/strong> Cada f\u00e1brica deber\u00e1 elevar el listado de trabajadores a los que faltan de recategorizar para que de forma inmediata se efectivicen en una sola tanda.<\/p>\n\n\n\n<p>La pr\u00f3xima semana se firmar\u00e1, con la presencia de los representantes de ATE de cada f\u00e1brica, las autoridades de Fabricaciones Militares y el Ministerio de Defensa, el acta donde constar\u00e1n los puntos acordados en el d\u00eda de la fecha.<\/p>\n\n\n\n<figure class=\"wp-block-gallery columns-3 is-cropped wp-block-gallery-1 is-layout-flex wp-block-gallery-is-layout-flex\"><ul class=\"blocks-gallery-grid\"><li class=\"blocks-gallery-item\"><figure><a href=\"https:\/\/atecordoba.org\/wp-content\/uploads\/2021\/09\/241439723_1200834373661155_6844446632699470825_n-copia.jpg\"><img loading=\"lazy\" decoding=\"async\" width=\"960\" height=\"540\" src=\"https:\/\/atecordoba.org\/wp-content\/uploads\/2021\/09\/241439723_1200834373661155_6844446632699470825_n-copia.jpg\" alt=\"\" data-id=\"28122\" data-full-url=\"https:\/\/atecordoba.org\/wp-content\/uploads\/2021\/09\/241439723_1200834373661155_6844446632699470825_n-copia.jpg\" data-link=\"https:\/\/atecordoba.org\/?attachment_id=28122\" class=\"wp-image-28122\" srcset=\"https:\/\/atecordoba.org\/wp-content\/uploads\/2021\/09\/241439723_1200834373661155_6844446632699470825_n-copia.jpg 960w, https:\/\/atecordoba.org\/wp-content\/uploads\/2021\/09\/241439723_1200834373661155_6844446632699470825_n-copia-300x169.jpg 300w, https:\/\/atecordoba.org\/wp-content\/uploads\/2021\/09\/241439723_1200834373661155_6844446632699470825_n-copia-768x432.jpg 768w, https:\/\/atecordoba.org\/wp-content\/uploads\/2021\/09\/241439723_1200834373661155_6844446632699470825_n-copia-750x422.jpg 750w\" sizes=\"auto, (max-width: 960px) 100vw, 960px\" \/><\/a><\/figure><\/li><li class=\"blocks-gallery-item\"><figure><a href=\"https:\/\/atecordoba.org\/wp-content\/uploads\/2021\/09\/241970590_1200834446994481_8014410348717931597_n-copia.jpg\"><img loading=\"lazy\" decoding=\"async\" width=\"609\" height=\"397\" src=\"https:\/\/atecordoba.org\/wp-content\/uploads\/2021\/09\/241970590_1200834446994481_8014410348717931597_n-copia.jpg\" alt=\"\" data-id=\"28123\" data-full-url=\"https:\/\/atecordoba.org\/wp-content\/uploads\/2021\/09\/241970590_1200834446994481_8014410348717931597_n-copia.jpg\" data-link=\"https:\/\/atecordoba.org\/?attachment_id=28123\" class=\"wp-image-28123\" srcset=\"https:\/\/atecordoba.org\/wp-content\/uploads\/2021\/09\/241970590_1200834446994481_8014410348717931597_n-copia.jpg 609w, https:\/\/atecordoba.org\/wp-content\/uploads\/2021\/09\/241970590_1200834446994481_8014410348717931597_n-copia-300x196.jpg 300w\" sizes=\"auto, (max-width: 609px) 100vw, 609px\" \/><\/a><\/figure><\/li><li class=\"blocks-gallery-item\"><figure><a href=\"https:\/\/atecordoba.org\/wp-content\/uploads\/2021\/09\/241990182_1200834503661142_4323597069273116835_n-copia.jpg\"><img decoding=\"async\" src=\"https:\/\/atecordoba.org\/wp-content\/uploads\/2021\/09\/241990182_1200834503661142_4323597069273116835_n-copia.jpg\" alt=\"\" data-id=\"28124\" data-full-url=\"https:\/\/atecordoba.org\/wp-content\/uploads\/2021\/09\/241990182_1200834503661142_4323597069273116835_n-copia.jpg\" data-link=\"https:\/\/atecordoba.org\/?attachment_id=28124\" class=\"wp-image-28124\" \/><\/a><\/figure><\/li><li class=\"blocks-gallery-item\"><figure><a href=\"https:\/\/atecordoba.org\/wp-content\/uploads\/2021\/09\/242013563_1200834410327818_617037587076501087_n-copia.jpg\"><img loading=\"lazy\" decoding=\"async\" width=\"527\" height=\"320\" src=\"https:\/\/atecordoba.org\/wp-content\/uploads\/2021\/09\/242013563_1200834410327818_617037587076501087_n-copia.jpg\" alt=\"\" data-id=\"28125\" data-full-url=\"https:\/\/atecordoba.org\/wp-content\/uploads\/2021\/09\/242013563_1200834410327818_617037587076501087_n-copia.jpg\" data-link=\"https:\/\/atecordoba.org\/?attachment_id=28125\" class=\"wp-image-28125\" srcset=\"https:\/\/atecordoba.org\/wp-content\/uploads\/2021\/09\/242013563_1200834410327818_617037587076501087_n-copia.jpg 527w, https:\/\/atecordoba.org\/wp-content\/uploads\/2021\/09\/242013563_1200834410327818_617037587076501087_n-copia-300x182.jpg 300w\" sizes=\"auto, (max-width: 527px) 100vw, 527px\" \/><\/a><\/figure><\/li><\/ul><\/figure>\n","protected":false},"excerpt":{"rendered":"<p>El pasado martes 14 de septiembre se reanud\u00f3, tras un cuarto intermedio, el Plenario de Fabricaciones Militares con el fin de conocer los alcances de la reuni\u00f3n prevista para el mediod\u00eda en la sede del Ministerio de Defensa con la presencia de autoridades del mismo, el presidente del Directorio de FFMM y la representaci\u00f3n de [&hellip;]<\/p>\n","protected":false},"author":7,"featured_media":28124,"comment_status":"open","ping_status":"open","sticky":false,"template":"","format":"standard","meta":{"_exactmetrics_skip_tracking":false,"_exactmetrics_sitenote_active":false,"_exactmetrics_sitenote_note":"","_exactmetrics_sitenote_category":0,"jnews-multi-image_gallery":[],"jnews_single_post":{"subtitle":"","format":"standard","video":"","gallery":"","source_name":"","source_url":"","via_name":"","via_url":"","override":[{"template":"1","single_blog_custom":"","parallax":"1","fullscreen":"1","layout":"right-sidebar","sidebar":"default-sidebar","second_sidebar":"default-sidebar","sticky_sidebar":"1","share_position":"top","share_float_style":"share-monocrhome","show_share_counter":"1","show_view_counter":"1","show_featured":"1","show_post_meta":"1","show_post_author":"1","show_post_author_image":"1","show_post_date":"1","post_date_format":"default","post_date_format_custom":"Y\/m\/d","show_post_category":"1","post_reading_time_wpm":"300","zoom_button_out_step":"2","zoom_button_in_step":"3","show_post_tag":"1","show_prev_next_post":"1","show_popup_post":"1","number_popup_post":"1"}],"image_override":[{"single_post_thumbnail_size":"crop-500","single_post_gallery_size":"crop-500"}],"trending_post_position":"meta","trending_post_label":"Trending","sponsored_post_label":"Sponsored by","sponsored_post_name":"","sponsored_post_url":"","sponsored_post_logo":"","sponsored_post_desc":""},"jnews_primary_category":{"id":""},"jnews_social_meta":{"fb_title":"","fb_description":"","fb_image":"","twitter_title":"","twitter_description":"","twitter_image":""},"jnews_review":[],"enable_review":"","type":"percentage","name":"","summary":"","brand":"","sku":"","good":[{"good_text":""}],"bad":[{"bad_text":""}],"score_override":"","override_value":"","rating":[{"rating_text":"","rating_number":"10"}],"price":[{"shop":"","price":"","link":"","icon":""}],"jnews_override_counter":{"view_counter_number":"0","share_counter_number":"0","like_counter_number":"0","dislike_counter_number":"0"},"jnews_post_split":{"post_split":[{"template":"1","tag":"h2","numbering":"asc","mode":"normal","toc_type":"normal"}]},"footnotes":""},"categories":[18],"tags":[923],"class_list":["post-28120","post","type-post","status-publish","format-standard","has-post-thumbnail","hentry","category-nacionales","tag-plenario-ffmm"],"jetpack_featured_media_url":"https:\/\/atecordoba.org\/wp-content\/uploads\/2021\/09\/241990182_1200834503661142_4323597069273116835_n-copia-e1631883165213.jpg","_links":{"self":[{"href":"https:\/\/atecordoba.org\/index.php?rest_route=\/wp\/v2\/posts\/28120","targetHints":{"allow":["GET"]}}],"collection":[{"href":"https:\/\/atecordoba.org\/index.php?rest_route=\/wp\/v2\/posts"}],"about":[{"href":"https:\/\/atecordoba.org\/index.php?rest_route=\/wp\/v2\/types\/post"}],"author":[{"embeddable":true,"href":"https:\/\/atecordoba.org\/index.php?rest_route=\/wp\/v2\/users\/7"}],"replies":[{"embeddable":true,"href":"https:\/\/atecordoba.org\/index.php?rest_route=%2Fwp%2Fv2%2Fcomments&post=28120"}],"version-history":[{"count":1,"href":"https:\/\/atecordoba.org\/index.php?rest_route=\/wp\/v2\/posts\/28120\/revisions"}],"predecessor-version":[{"id":28126,"href":"https:\/\/atecordoba.org\/index.php?rest_route=\/wp\/v2\/posts\/28120\/revisions\/28126"}],"wp:featuredmedia":[{"embeddable":true,"href":"https:\/\/atecordoba.org\/index.php?rest_route=\/wp\/v2\/media\/28124"}],"wp:attachment":[{"href":"https:\/\/atecordoba.org\/index.php?rest_route=%2Fwp%2Fv2%2Fmedia&parent=28120"}],"wp:term":[{"taxonomy":"category","embeddable":true,"href":"https:\/\/atecordoba.org\/index.php?rest_route=%2Fwp%2Fv2%2Fcategories&post=28120"},{"taxonomy":"post_tag","embeddable":true,"href":"https:\/\/atecordoba.org\/index.php?rest_route=%2Fwp%2Fv2%2Ftags&post=28120"}],"curies":[{"name":"wp","href":"https:\/\/api.w.org\/{rel}","templated":true}]}}