{"id":28089,"date":"2021-09-16T11:00:40","date_gmt":"2021-09-16T14:00:40","guid":{"rendered":"https:\/\/atecordoba.org\/?p=28089"},"modified":"2021-09-17T09:28:19","modified_gmt":"2021-09-17T12:28:19","slug":"explotacion-de-personas-trans-en-la-municipalidad-de-cordoba","status":"publish","type":"post","link":"https:\/\/atecordoba.org\/?p=28089","title":{"rendered":"Utilizaci\u00f3n proselitista de becaries y pasantes en la Municipalidad de C\u00f3rdoba"},"content":{"rendered":"\n<div class=\"wp-block-image is-style-default\"><figure class=\"aligncenter size-large is-resized\"><img loading=\"lazy\" decoding=\"async\" src=\"https:\/\/atecordoba.org\/wp-content\/uploads\/2021\/09\/municipalidad-de-cordoba.jpg\" alt=\"\" class=\"wp-image-28090\" width=\"600\" height=\"450\"\/><\/figure><\/div>\n\n\n\n<p>En una entrevista que se realiz\u00f3 en el programa radial Entre todos y todas, que emite la Secretar\u00eda de Prensa de ATE C\u00f3rdoba en GENFM 107.5, el referente del Departamento de Generos y Diversidades del Consejo Directivo Provincial (CDP), Eugenio Talbot, denunci\u00f3 la situaci\u00f3n de explotaci\u00f3n laboral y manipulaci\u00f3n pol\u00edticas que personas trans y travestis sufren dentro del \u00e1mbito de la Municipalidad de C\u00f3rdoba.<\/p>\n\n\n\n<p>Talbot hizo referencia a la utilizaci\u00f3n de figuras precarizadas para manipular personal y obligarlos a fiscalizar en las elecciones pasadas par el oficialismo de la ciudad, que encabeza el intendente Mart\u00edn Llaryora.<\/p>\n\n\n\n<p>&#8220;Hay trabajadoras y trabajadores de la Municipalidad de C\u00f3rdoba que est\u00e1n en la m\u00e1s absoluta precariedad, como son los pasantes y los servidores urbanos&#8221;, explic\u00f3 Talbot. <\/p>\n\n\n\n<p>&#8220;Son figuras utilizadas para poder incluir tambi\u00e9n bajo un sistema de explotaci\u00f3n a personas trans y travestis. Este sistema absolutamente macabro fue utilizado en estas elecciones para que el oficialismo tenga fiscales de mesas&#8221;, denunci\u00f3 el dirigente. &#8220;Eso es avasallar los DDHH posibles, obligando a estas personas a asumir una identidad pol\u00edtica que no tienen, con el detalle que los fiscales militantes cobraron por la jornada electoral, en tanto estas y estos becarios y servidores urbanos no cobraron absolutamente nada, ni siquiera un vi\u00e1tico, para volver a trabajar el d\u00eda siguiente como si nada hubiere pasado&#8221;, afirm\u00f3.<\/p>\n\n\n\n<p>Adem\u00e1s Talbot apunt\u00f3 al \u00e1rea de G\u00e9nero de la Municipalidad, que &#8220;es la que habilit\u00f3 las figuras de servidores y pasantes para las personas trans y travestis&#8221;.<\/p>\n\n\n\n<p>Esta situaci\u00f3n cuenta con la inacci\u00f3n c\u00f3mplice del &#8220;\u00e1rea de DDHH que debiera velar por estos derechos avasallados, pero los funcionarios que responden a las grandes estructuras pol\u00edticas tiene esta mirada de explotaci\u00f3n de los compa\u00f1eros, a diferencia de los trabajadores de esos organismos, que batallan en soledad hace a\u00f1os para hacer efectivos los DDHH&#8221;.<\/p>\n\n\n\n<p>&#8220;Ah\u00ed hay responsabilidades compartidas de muchos sectores, insistiendo en que es un error vincular estas figuras laborales con situaciones de violaci\u00f3n de los DDHH. Hay funcionarios del \u00e1rea de G\u00e9nero responsables de esta situaci\u00f3n, como es M\u00f3nica Ferreyra, que cuentan con la complicidad de un grupo pol\u00edtico identificado con la poblaci\u00f3n LGTByQ+, que asesora a esa \u00e1rea&#8221;, dijo Talbot.<\/p>\n\n\n\n<p>Para finalizar reclamando por un cambio urgente para &#8220;trabajadores y trabajadoras con derecho a un trabajo en blanco, a la estabilidad para poder planificar su destino pr\u00f3ximo y a optar libremente por la ideolog\u00eda que quieren tener&#8221;.<\/p>\n\n\n\n<p><\/p>\n","protected":false},"excerpt":{"rendered":"<p>En una entrevista que se realiz\u00f3 en el programa radial Entre todos y todas, que emite la Secretar\u00eda de Prensa de ATE C\u00f3rdoba en GENFM 107.5, el referente del Departamento de Generos y Diversidades del Consejo Directivo Provincial (CDP), Eugenio Talbot, denunci\u00f3 la situaci\u00f3n de explotaci\u00f3n laboral y manipulaci\u00f3n pol\u00edticas que personas trans y travestis [&hellip;]<\/p>\n","protected":false},"author":7,"featured_media":28090,"comment_status":"open","ping_status":"open","sticky":false,"template":"","format":"standard","meta":{"_exactmetrics_skip_tracking":false,"_exactmetrics_sitenote_active":false,"_exactmetrics_sitenote_note":"","_exactmetrics_sitenote_category":0,"jnews-multi-image_gallery":[],"jnews_single_post":{"subtitle":"A trav\u00e9s de las figuras de becaries y servidores urbanos se avasallan derechos fundamentales de trabajadoras\/es -entre ellos, poblaciones travesti-trans- bajo la gesti\u00f3n de Mart\u00edn Llaryora. El an\u00e1lisis al respecto de Eugenio Talbot.","format":"standard","video":"","gallery":"","source_name":"","source_url":"","via_name":"","via_url":"","override":[{"template":"1","single_blog_custom":"","parallax":"1","fullscreen":"1","layout":"right-sidebar","sidebar":"default-sidebar","second_sidebar":"default-sidebar","sticky_sidebar":"1","share_position":"top","share_float_style":"share-monocrhome","show_share_counter":"1","show_view_counter":"1","show_featured":"1","show_post_meta":"1","show_post_author":"1","show_post_author_image":"1","show_post_date":"1","post_date_format":"default","post_date_format_custom":"Y\/m\/d","show_post_category":"1","post_reading_time_wpm":"300","zoom_button_out_step":"2","zoom_button_in_step":"3","show_post_tag":"1","show_prev_next_post":"1","show_popup_post":"1","number_popup_post":"1"}],"image_override":[{"single_post_thumbnail_size":"crop-500","single_post_gallery_size":"crop-500"}],"trending_post_position":"meta","trending_post_label":"Trending","sponsored_post_label":"Sponsored by","sponsored_post_name":"","sponsored_post_url":"","sponsored_post_logo":"","sponsored_post_desc":""},"jnews_primary_category":{"id":""},"jnews_social_meta":{"fb_title":"","fb_description":"","fb_image":"","twitter_title":"","twitter_description":"","twitter_image":""},"jnews_review":[],"enable_review":"","type":"percentage","name":"","summary":"","brand":"","sku":"","good":[{"good_text":""}],"bad":[{"bad_text":""}],"score_override":"","override_value":"","rating":[{"rating_text":"","rating_number":"10"}],"price":[{"shop":"","price":"","link":"","icon":""}],"jnews_override_counter":{"view_counter_number":"0","share_counter_number":"0","like_counter_number":"0","dislike_counter_number":"0"},"jnews_post_split":{"post_split":[{"template":"1","tag":"h2","numbering":"asc","mode":"normal","toc_type":"normal"}]},"footnotes":""},"categories":[325],"tags":[921],"class_list":["post-28089","post","type-post","status-publish","format-standard","has-post-thumbnail","hentry","category-generos-y-diversidades","tag-explotacion-de-personas-trans"],"jetpack_featured_media_url":"https:\/\/atecordoba.org\/wp-content\/uploads\/2021\/09\/municipalidad-de-cordoba-e1631800826735.jpg","_links":{"self":[{"href":"https:\/\/atecordoba.org\/index.php?rest_route=\/wp\/v2\/posts\/28089","targetHints":{"allow":["GET"]}}],"collection":[{"href":"https:\/\/atecordoba.org\/index.php?rest_route=\/wp\/v2\/posts"}],"about":[{"href":"https:\/\/atecordoba.org\/index.php?rest_route=\/wp\/v2\/types\/post"}],"author":[{"embeddable":true,"href":"https:\/\/atecordoba.org\/index.php?rest_route=\/wp\/v2\/users\/7"}],"replies":[{"embeddable":true,"href":"https:\/\/atecordoba.org\/index.php?rest_route=%2Fwp%2Fv2%2Fcomments&post=28089"}],"version-history":[{"count":3,"href":"https:\/\/atecordoba.org\/index.php?rest_route=\/wp\/v2\/posts\/28089\/revisions"}],"predecessor-version":[{"id":28119,"href":"https:\/\/atecordoba.org\/index.php?rest_route=\/wp\/v2\/posts\/28089\/revisions\/28119"}],"wp:featuredmedia":[{"embeddable":true,"href":"https:\/\/atecordoba.org\/index.php?rest_route=\/wp\/v2\/media\/28090"}],"wp:attachment":[{"href":"https:\/\/atecordoba.org\/index.php?rest_route=%2Fwp%2Fv2%2Fmedia&parent=28089"}],"wp:term":[{"taxonomy":"category","embeddable":true,"href":"https:\/\/atecordoba.org\/index.php?rest_route=%2Fwp%2Fv2%2Fcategories&post=28089"},{"taxonomy":"post_tag","embeddable":true,"href":"https:\/\/atecordoba.org\/index.php?rest_route=%2Fwp%2Fv2%2Ftags&post=28089"}],"curies":[{"name":"wp","href":"https:\/\/api.w.org\/{rel}","templated":true}]}}