{"id":28084,"date":"2021-09-15T14:58:48","date_gmt":"2021-09-15T17:58:48","guid":{"rendered":"https:\/\/atecordoba.org\/?p=28084"},"modified":"2021-09-15T14:58:50","modified_gmt":"2021-09-15T17:58:50","slug":"homenaje-en-santa-maria-de-punilla-el-dificil-trabajo-de-reconstruir-los-lazos-arraso-la-dictadura","status":"publish","type":"post","link":"https:\/\/atecordoba.org\/?p=28084","title":{"rendered":"Homenaje en Santa Mar\u00eda de Punilla: el dif\u00edcil trabajo de reconstruir los lazos arras\u00f3 la dictadura"},"content":{"rendered":"\n<div class=\"wp-block-image is-style-default\"><figure class=\"alignright size-large is-resized\"><img loading=\"lazy\" decoding=\"async\" src=\"https:\/\/atecordoba.org\/wp-content\/uploads\/2021\/09\/241519362_4804251852952250_239749239378057108_n-1024x1024.jpg\" alt=\"\" class=\"wp-image-28005\" width=\"768\" height=\"768\" \/><\/figure><\/div>\n\n\n\n<p>La <a href=\"https:\/\/atecordoba.org\/?p=28003\">serie de homenajes <\/a>que ATE C\u00f3rdoba junto a la conducci\u00f3n nacional de ATE realizar\u00e1n ma\u00f1ana en Santa Mar\u00eda de Punilla, motiv\u00f3 ayer la reflexi\u00f3n del director de DDHH del Consejo Directivo Provincial (CDP), C\u00e9sar Theaux. <\/p>\n\n\n\n<p>El dirigente habl\u00f3 ayer en la emisi\u00f3n radial Entre Todos y Todas de la Secretar\u00eda de Prensa del CDP, explicando los motivos y objetivos de las actividades que conmemoran y homenajean a las y los compa\u00f1eros atrozmente perseguidos y secuestrados por la dictadura-c\u00edvico militar que asol\u00f3 nuestra pa\u00eds desde 1976.<\/p>\n\n\n\n<p>&#8220;Se trata de una actividad programa para el 26 de mayo, que fue el d\u00eda del secuestro de la CD de la seccional en el Hospital Colonia Santa Mar\u00eda, pero por cuestiones de salubridad por la pandemia se suspendi\u00f3 y lo pasamos para el 16 de septiembre que es la fecha de la voladura del local de ATE en 1975, en una actividad conjunta entre el CDP y el CDN. Va a estar presente el secretario General de ATE Nacional, Hugo Cachorro Godoy, y Mar\u00eda Jos\u00e9 Cano, directora del Departamento de DDHH y Pueblos Originarios&#8221;, dijo Theaux.<\/p>\n\n\n\n<p>Para el dirigente &#8220;el acto es importante para resignificar que fue la dictadura c\u00edvico militar en nuestro pa\u00eds. Destruir un local sindical, capturar y secuestrar a todos los compa\u00f1eros y compa\u00f1eras de una comisi\u00f3n directiva implic\u00f3 que esa seccional hoy no exista m\u00e1s, hay que rehacerla. Todo porque ten\u00edan una mirada del trabajo con los pacientes de salud mental completamente diferente a la que ten\u00edan esos cuerpos militares. Hab\u00eda un tratamiento diferenciado, huertas, reinserci\u00f3n social, era una comunidad abierta, nada de eso les interes\u00f3 a los genocidas&#8221;.<\/p>\n\n\n\n<p>Por eso Theaux sostuvo que &#8220;el desaf\u00edo es traer a nuestros tiempos esa memoria hist\u00f3rica. Ese golpe nos peg\u00f3 y a\u00fan sigue doliendo 45 a\u00f1os despu\u00e9s, porque la entidad sindical m\u00e1s antigua del pa\u00eds no logra reorganizar aquella seccional. Se destruye con una facilidad muy r\u00e1pida y cuesta much\u00edsimo recuperarse. En una noche secuestraron a todos los compa\u00f1eros de la comisi\u00f3n directiva de la seccional y despu\u00e9s los metieron presos. Eso implica una destrucci\u00f3n de lazos sociales que lleva muchos a\u00f1os construir y que es imposible despu\u00e9s de tanto dolor, heridas que no cierran. Adem\u00e1s, les venden a los pueblos otras historias con la complicidad de los grandes medios de comunicaci\u00f3n&#8221;.<\/p>\n\n\n\n<p>No escapa al director de DDHH de ATE C\u00f3rdoba que &#8220;el 16 de septiembre es tambi\u00e9n una fecha muy cara para el campo popular porque es el d\u00eda del Golpe de Estado a Per\u00f3n en el \u201955, que no causalmente sucedi\u00f3 en C\u00f3rdoba. Esa fecha es la de la Noche de los L\u00e1pices, la desaparici\u00f3n de los pibes que reclamaban por el boleto estudiantil; un 16 de septiembre fue el d\u00eda que la Triple A y el comando Libertadores de Am\u00e9rica lo acribillaron de 174 balazos a nuestro vicegobernador Atilio L\u00f3pez, integrante de la \u00fanica f\u00f3rmula peronista con una mirada nacional y popular en C\u00f3rdoba&#8221;.<\/p>\n\n\n\n<p>Por \u00faltimo, Theaux invit\u00f3 a participar a todas y todos en los actos y a seguirlos por las redes sociales de ATE C\u00f3rdoba: &#8220;van a estar muchos compa\u00f1eros, este homenaje es en conjunto con muchas organizaciones, porque reconstituir los lazos sociales no es propiedad de nadie, no es propiedad de ATE porque nos haya sucedido a nosotros. Por eso el acto se hace con la comisi\u00f3n de DDHH de Cosqu\u00edn, est\u00e1 la UEPC, con quien tenemos disputas pol\u00edticas, ideol\u00f3gicas, metodol\u00f3gicas, pero en esto no las tenemos&#8221;.<\/p>\n","protected":false},"excerpt":{"rendered":"<p>La serie de homenajes que ATE C\u00f3rdoba junto a la conducci\u00f3n nacional de ATE realizar\u00e1n ma\u00f1ana en Santa Mar\u00eda de Punilla, motiv\u00f3 ayer la reflexi\u00f3n del director de DDHH del Consejo Directivo Provincial (CDP), C\u00e9sar Theaux. El dirigente habl\u00f3 ayer en la emisi\u00f3n radial Entre Todos y Todas de la Secretar\u00eda de Prensa del CDP, [&hellip;]<\/p>\n","protected":false},"author":7,"featured_media":28005,"comment_status":"open","ping_status":"open","sticky":false,"template":"","format":"standard","meta":{"_exactmetrics_skip_tracking":false,"_exactmetrics_sitenote_active":false,"_exactmetrics_sitenote_note":"","_exactmetrics_sitenote_category":0,"jnews-multi-image_gallery":[],"jnews_single_post":{"subtitle":"","format":"standard","video":"","gallery":"","source_name":"","source_url":"","via_name":"","via_url":"","override":[{"template":"1","single_blog_custom":"","parallax":"1","fullscreen":"1","layout":"right-sidebar","sidebar":"default-sidebar","second_sidebar":"default-sidebar","sticky_sidebar":"1","share_position":"top","share_float_style":"share-monocrhome","show_share_counter":"1","show_view_counter":"1","show_featured":"1","show_post_meta":"1","show_post_author":"1","show_post_author_image":"1","show_post_date":"1","post_date_format":"default","post_date_format_custom":"Y\/m\/d","show_post_category":"1","post_reading_time_wpm":"300","zoom_button_out_step":"2","zoom_button_in_step":"3","show_post_tag":"1","show_prev_next_post":"1","show_popup_post":"1","number_popup_post":"1"}],"image_override":[{"single_post_thumbnail_size":"crop-500","single_post_gallery_size":"crop-500"}],"trending_post_position":"meta","trending_post_label":"Trending","sponsored_post_label":"Sponsored by","sponsored_post_name":"","sponsored_post_url":"","sponsored_post_logo":"","sponsored_post_desc":""},"jnews_primary_category":{"id":""},"jnews_social_meta":{"fb_title":"","fb_description":"","fb_image":"","twitter_title":"","twitter_description":"","twitter_image":""},"jnews_review":[],"enable_review":"","type":"percentage","name":"","summary":"","brand":"","sku":"","good":[{"good_text":""}],"bad":[{"bad_text":""}],"score_override":"","override_value":"","rating":[{"rating_text":"","rating_number":"10"}],"price":[{"shop":"","price":"","link":"","icon":""}],"jnews_override_counter":{"view_counter_number":"0","share_counter_number":"0","like_counter_number":"0","dislike_counter_number":"0"},"jnews_post_split":{"post_split":[{"template":"1","tag":"h2","numbering":"asc","mode":"normal","toc_type":"normal"}]},"footnotes":""},"categories":[122],"tags":[910],"class_list":["post-28084","post","type-post","status-publish","format-standard","has-post-thumbnail","hentry","category-ddhh","tag-colonia-santa-maria-de-punilla"],"jetpack_featured_media_url":"https:\/\/atecordoba.org\/wp-content\/uploads\/2021\/09\/241519362_4804251852952250_239749239378057108_n-e1631279835515.jpg","_links":{"self":[{"href":"https:\/\/atecordoba.org\/index.php?rest_route=\/wp\/v2\/posts\/28084","targetHints":{"allow":["GET"]}}],"collection":[{"href":"https:\/\/atecordoba.org\/index.php?rest_route=\/wp\/v2\/posts"}],"about":[{"href":"https:\/\/atecordoba.org\/index.php?rest_route=\/wp\/v2\/types\/post"}],"author":[{"embeddable":true,"href":"https:\/\/atecordoba.org\/index.php?rest_route=\/wp\/v2\/users\/7"}],"replies":[{"embeddable":true,"href":"https:\/\/atecordoba.org\/index.php?rest_route=%2Fwp%2Fv2%2Fcomments&post=28084"}],"version-history":[{"count":1,"href":"https:\/\/atecordoba.org\/index.php?rest_route=\/wp\/v2\/posts\/28084\/revisions"}],"predecessor-version":[{"id":28086,"href":"https:\/\/atecordoba.org\/index.php?rest_route=\/wp\/v2\/posts\/28084\/revisions\/28086"}],"wp:featuredmedia":[{"embeddable":true,"href":"https:\/\/atecordoba.org\/index.php?rest_route=\/wp\/v2\/media\/28005"}],"wp:attachment":[{"href":"https:\/\/atecordoba.org\/index.php?rest_route=%2Fwp%2Fv2%2Fmedia&parent=28084"}],"wp:term":[{"taxonomy":"category","embeddable":true,"href":"https:\/\/atecordoba.org\/index.php?rest_route=%2Fwp%2Fv2%2Fcategories&post=28084"},{"taxonomy":"post_tag","embeddable":true,"href":"https:\/\/atecordoba.org\/index.php?rest_route=%2Fwp%2Fv2%2Ftags&post=28084"}],"curies":[{"name":"wp","href":"https:\/\/api.w.org\/{rel}","templated":true}]}}