{"id":28079,"date":"2021-09-15T13:09:39","date_gmt":"2021-09-15T16:09:39","guid":{"rendered":"https:\/\/atecordoba.org\/?p=28079"},"modified":"2021-09-15T13:12:04","modified_gmt":"2021-09-15T16:12:04","slug":"pipon-giuliani-ojo-con-lo-que-pasa-en-noviembre-una-cosa-es-lo-que-dice-el-palacio-y-otra-lo-que-dice-la-calle","status":"publish","type":"post","link":"https:\/\/atecordoba.org\/?p=28079","title":{"rendered":"Pipon Giuliani: &#8220;Ojo con lo que pasa en noviembre, una cosa es lo que dice el Palacio y otra lo que dice la calle&#8221;"},"content":{"rendered":"\n<div class=\"wp-block-image is-style-default\"><figure class=\"aligncenter size-large is-resized\"><img loading=\"lazy\" decoding=\"async\" src=\"https:\/\/atecordoba.org\/wp-content\/uploads\/2021\/09\/WhatsApp-Image-2021-09-14-at-18.19.36-1024x575.jpeg\" alt=\"\" class=\"wp-image-28080\" width=\"768\" height=\"431\" srcset=\"https:\/\/atecordoba.org\/wp-content\/uploads\/2021\/09\/WhatsApp-Image-2021-09-14-at-18.19.36-1024x575.jpeg 1024w, https:\/\/atecordoba.org\/wp-content\/uploads\/2021\/09\/WhatsApp-Image-2021-09-14-at-18.19.36-300x169.jpeg 300w, https:\/\/atecordoba.org\/wp-content\/uploads\/2021\/09\/WhatsApp-Image-2021-09-14-at-18.19.36-768x431.jpeg 768w, https:\/\/atecordoba.org\/wp-content\/uploads\/2021\/09\/WhatsApp-Image-2021-09-14-at-18.19.36-750x421.jpeg 750w, https:\/\/atecordoba.org\/wp-content\/uploads\/2021\/09\/WhatsApp-Image-2021-09-14-at-18.19.36-1140x640.jpeg 1140w, https:\/\/atecordoba.org\/wp-content\/uploads\/2021\/09\/WhatsApp-Image-2021-09-14-at-18.19.36.jpeg 1280w\" sizes=\"auto, (max-width: 768px) 100vw, 768px\" \/><\/figure><\/div>\n\n\n\n<p>En una charla con el programa radial Entre Todos y Todas, que emite la Secretaria de Prensa de ATE C\u00f3rdoba por GENFM 107.5 todos los martes, el dirigente de la CTA Aut\u00f3noma y del gremio de prensa de C\u00f3rdoba Juan Carlos &#8216;Pipon&#8217; Giuliani, analiz\u00f3 la coyuntura poselectoral y alert\u00f3 sobre la situaci\u00f3n que atraviesa el gobierno tras perder categ\u00f3ricamente con la oposici\u00f3n de derecha reaccionaria el pasado domingo las PASO, examen previo a las elecciones legislativas de noviembre pr\u00f3ximo.<\/p>\n\n\n\n<p>Aqu\u00ed los principales tramos de la entrevista que puede escucharse completa ingresando <a href=\"https:\/\/ar.radiocut.fm\/audiocut\/un-mal-paso-analisis-juan-carlos-pipon-giuliani-sobre-elecciones-del-pasado-domingo\/\">aqu\u00ed<\/a>.<\/p>\n\n\n\n<ul class=\"wp-block-list\"><li>&#8220;El domingo hubo una muy mala noticia para nosotros los trabajadores, que adem\u00e1s est\u00e1 en deuda con los trabajadores, sino que el voto bronca, ante las dubitaciones y las pol\u00edticas pusil\u00e1nimes que lleva el gobierno y que no le hacen ni cosquillas al poder real, fue capitalizado por las fuerzas pol\u00edticas de la restauraci\u00f3n olig\u00e1rquica. Y en algunos casos una especie de fascismo criollo como el que lleva adelante Milei en CABA, cuyas primeras frases (post elecciones) se remontan al genocida Videla o yendo m\u00e1s atr\u00e1s con L\u00f3pez Rega, cuando habla de la Argentina potencia. Son malas noticias para nosotros los laburantes&#8221;.<\/li><li>&#8220;Queda claro, como siempre lo expresamos desde la CTA, que debemos mantener la autonom\u00eda de los partidos pol\u00edticos, los gobiernos y fundamentalmente de los patrones. Siempre dijimos que la autonom\u00eda no es neutralidad, ahora debe ser pluralismo y nos debe permitir ser cr\u00edticos aun con aquellas fuerzas pol\u00edticas que nosotros en alg\u00fan momento podemos haber estado adhiriendo. Venimos de perder por goleada durante cuatro a\u00f1os los jubilados, los pensionados, los trabajadores. Los \u00faltimos a\u00f1os de Macri fueron devastadores y los dos primeros de este gobierno \u2013pandemia mediante- perdemos mal con la inflaci\u00f3n. Aclaro que la derrota electoral no opaca la extraordinaria campa\u00f1a de vacunaci\u00f3n contra el coronavirus. Los precios de los alimentos no los controla nadie, las corporaciones hacen y deshacen a su antojo y el gobierno diciendo que va a escuchar y tomar nota para hacer cambios&#8221;.<\/li><li>&#8220;Hac\u00eda falta esta paliza electoral para darse cuenta que hab\u00eda que reimplantar el IFE y volver con los ATP?? Desde que asumi\u00f3 el gobierno que le venimos diciendo sobre la necesidad de fijar un salario universal y un piso m\u00ednimo de dignidad para todos los trabajadores informales, as\u00ed como aumentar las jubilaciones. Lo que hizo el ministro Guzman es un caso at\u00edpico: es el \u00fanico ministro de Econom\u00eda que solo se dedica a negociar con el FMI y a endulzar los o\u00eddos de los mercados&#8221;.<\/li><li>&#8220;Con un 50% de inflaci\u00f3n y un 50% de pobres esto es inaudito, y adem\u00e1s inaceptable. En medio de un gabinete que, salvo honrosas excepciones, se caracteriza por la mediocridad, la falta de reflejos, la inacci\u00f3n.&nbsp; La oligarqu\u00eda, por su parte, tiene una virtud y hay que saber reconocerla: siguen manteniendo el armado pol\u00edtico electoral despu\u00e9s dela derrota de 2019. Fueron a primarias abiertas ac\u00e1 en C\u00f3rdoba, en provincia de buenos Aires y en varios distritos m\u00e1s. Tanto el radicalismo, como el PRO, la Coalici\u00f3n C\u00edvica y el Juecismo en el caso de C\u00f3rdoba mantienen una estructura funcional al modelo del agronegocio&#8221;.<\/li><li>&#8220;\u00bfTodo alg\u00fan elemento de este capitalismo que arrasa la tierra? Me refiero al modelo agroexportador, expoliador, sojero, apoyado con el capital financiero. No, esa matriz es intocable. Vamos a cumplir 40 a\u00f1os de democracia y no se ha tocado la ley de entidades financieras de Mart\u00ednez de Hoz; el impuesto a la riqueza fue una contribuci\u00f3n \u00fanica con una demora de ocho meses desde que la anunciaron hasta aplicarlo&#8221;.<\/li><li>&#8220;El 30 de septiembre est\u00e1 convocado el Consejo del Salario, espero que ah\u00ed el gobierno d\u00e9 una muestra de su autocr\u00edtica, otorgando un aumento que sea digno y compatible con la superaci\u00f3n de la l\u00ednea de la pobreza. Hay un voto bronca porque la gente est\u00e1 decepcionada y nosotros lo conocemos porque sabemos qu\u00e9 pasa en nuestros merenderos, en los comedores comunitarios, en las barriadas populares. Y hay una clase media que no quiere suicidarse, que est\u00e1 perdiendo como en la guerra, como las Pymes. O el gobierno da una vuelta de campana en su pol\u00edtica, que le permita modificar la situaci\u00f3n, o lo de noviembre puede ser peor que lo sucedido el domingo&#8221;.<\/li><li>&#8220;Tenemos que construir poder propio, no delegar, ser aut\u00f3nomo. En la historia de la clase trabajadora nadie nos regal\u00f3 nada. Hay que convocar a la unidad y a la movilizaci\u00f3n que exige, que demanda, que interpela para que se cumpla el contrato social por el cual el Frente de Todos fue bendecido por la mayor\u00eda de los votos en Argentina que quer\u00eda sacarse de encima al se\u00f1or de la reposera&#8221;.<\/li><li>&#8220;El tema es que en un a\u00f1o y medio largo, resulta que la gente cuando fue a votar se dio cuenta que estaba igual o peor que cuando entr\u00f3 el gobierno del FDT. Ahora salen los m\u00e1s alcahuetes a andar buscando culpables, acusar al pueblo de bobo porque vota a la derecha como si sufriera una suerte de s\u00edndrome de Estocolmo o como que se est\u00e1 votando al verdugo. Es un error y una subestimaci\u00f3n hecha desde una oficina o una red social. El otro problema de este gobierno es que gobierna solo para el AMBA, fuera de Capital y Gran Buenos Aires no existe nada. Ac\u00e1 se necesita una fuerza nacional y federal, que se proponga en serio mejorar la situaci\u00f3n de nuestra gente. No se puede decir que es un gobierno nacional y popular o peronista con casi un 50% de pobres&#8221;.<\/li><li>&#8220;Estamos frente a un dilema, tenemos que construir desde nosotros, poder propio desde el seno de la clase trabajadora, forjando un programa en la acci\u00f3n, porque tampoco se trata de andar en laboratorios de ensayo e intelectualizar demasiado la cuesti\u00f3n, no hay tiempo. Podemos releer los programas de La Falda y Huerta Grande, algunos de cuyos puntos aun hoy est\u00e1n vigentes. Pero sobre todo hay que preguntarle a la gente, que quiere terminar con el hambre, con la indignidad de la pobreza, quiere trabajo&#8221;.<\/li><li>&#8220;Cuando las compa\u00f1eras y los compa\u00f1eros de la FENAT plantean \u2018tierra, techo y trabajo\u2019, eso es lo central. Hay que marcar que a diferencia de otras organizaciones, la organizaci\u00f3n territorial de la CTA mantiene una distancia que le permite ser aut\u00f3noma, cuando la cosa est\u00e1 bien saludar una media, pero cuando est\u00e1 mal decir que no va y plantarse. Eso no ocurre con otras organizaciones que fueron cooptadas por el gobierno de turno como lo fueron otras en el gobierno anterior&#8221;.<\/li><li>&#8220;Tambi\u00e9n quiero plantear que las elecciones demostraron la decadencia de esta democracia asintom\u00e1tica a casi 40 a\u00f1os de recuperada. El nivel de abstenci\u00f3n de estas PASO fue el m\u00e1s alto desde 1983 a la fecha. Vot\u00f3 solo el 66.7% del electorado y no es un dato menor. Por un lado, porque hay decepci\u00f3n, desencanto, nadie le cree a la clase pol\u00edtica, una casta que vive dentro de una burbuja y, salvo honrosas excepciones, entran como una persona com\u00fan y salen de la funci\u00f3n p\u00fablica como multimillonarios. Eso se naturaliz\u00f3, la distancia entre la dirigencia y el pueblo es cada vez m\u00e1s extensa&#8221;.<\/li><li>&#8220;Ojo con lo que pasa en noviembre, una cosa es lo que dice el Palacio y otra lo que dice la calle. Y en la calle notas que hay movimientos subterr\u00e1neos, mucho descontento, mucha calentura, puede haber niveles de inestabilidad, seg\u00fan lo que ocurra en noviembre, porque faltan dos a\u00f1os de gobierno de FDT. &nbsp;De la pandemia salimos por derecha o por izquierda, es as\u00ed de simple y las corporaciones est\u00e1n apretando fuerte para salir por derecha&#8221;.<\/li><\/ul>\n","protected":false},"excerpt":{"rendered":"<p>En una charla con el programa radial Entre Todos y Todas, que emite la Secretaria de Prensa de ATE C\u00f3rdoba por GENFM 107.5 todos los martes, el dirigente de la CTA Aut\u00f3noma y del gremio de prensa de C\u00f3rdoba Juan Carlos &#8216;Pipon&#8217; Giuliani, analiz\u00f3 la coyuntura poselectoral y alert\u00f3 sobre la situaci\u00f3n que atraviesa el [&hellip;]<\/p>\n","protected":false},"author":7,"featured_media":28080,"comment_status":"open","ping_status":"open","sticky":false,"template":"","format":"standard","meta":{"_exactmetrics_skip_tracking":false,"_exactmetrics_sitenote_active":false,"_exactmetrics_sitenote_note":"","_exactmetrics_sitenote_category":0,"jnews-multi-image_gallery":[],"jnews_single_post":{"subtitle":"El malestar social y la bronca de las bases, la democracia edulcorada que convive con un 50% de pobreza y la necesidad de un programa aut\u00f3noma de la clase trabajadora, entre los temas tocados en una charla distendida con el vocal de la Comisi\u00f3n Regional de la CTAA de R\u00edo Cuarto.","format":"standard","video":"","gallery":"","source_name":"","source_url":"","via_name":"","via_url":"","override":[{"template":"1","single_blog_custom":"","parallax":"1","fullscreen":"1","layout":"right-sidebar","sidebar":"default-sidebar","second_sidebar":"default-sidebar","sticky_sidebar":"1","share_position":"top","share_float_style":"share-monocrhome","show_share_counter":"1","show_view_counter":"1","show_featured":"1","show_post_meta":"1","show_post_author":"1","show_post_author_image":"1","show_post_date":"1","post_date_format":"default","post_date_format_custom":"Y\/m\/d","show_post_category":"1","post_reading_time_wpm":"300","zoom_button_out_step":"2","zoom_button_in_step":"3","show_post_tag":"1","show_prev_next_post":"1","show_popup_post":"1","number_popup_post":"1"}],"image_override":[{"single_post_thumbnail_size":"crop-500","single_post_gallery_size":"crop-500"}],"trending_post_position":"meta","trending_post_label":"Trending","sponsored_post_label":"Sponsored by","sponsored_post_name":"","sponsored_post_url":"","sponsored_post_logo":"","sponsored_post_desc":""},"jnews_primary_category":{"id":""},"jnews_social_meta":{"fb_title":"","fb_description":"","fb_image":"","twitter_title":"","twitter_description":"","twitter_image":""},"jnews_review":[],"enable_review":"","type":"percentage","name":"","summary":"","brand":"","sku":"","good":[{"good_text":""}],"bad":[{"bad_text":""}],"score_override":"","override_value":"","rating":[{"rating_text":"","rating_number":"10"}],"price":[{"shop":"","price":"","link":"","icon":""}],"jnews_override_counter":{"view_counter_number":"0","share_counter_number":"0","like_counter_number":"0","dislike_counter_number":"0"},"jnews_post_split":{"post_split":[{"template":"1","tag":"h2","numbering":"asc","mode":"normal","toc_type":"normal"}]},"footnotes":""},"categories":[10],"tags":[920],"class_list":["post-28079","post","type-post","status-publish","format-standard","has-post-thumbnail","hentry","category-accion-politica","tag-pipon-giuliani"],"jetpack_featured_media_url":"https:\/\/atecordoba.org\/wp-content\/uploads\/2021\/09\/WhatsApp-Image-2021-09-14-at-18.19.36.jpeg","_links":{"self":[{"href":"https:\/\/atecordoba.org\/index.php?rest_route=\/wp\/v2\/posts\/28079","targetHints":{"allow":["GET"]}}],"collection":[{"href":"https:\/\/atecordoba.org\/index.php?rest_route=\/wp\/v2\/posts"}],"about":[{"href":"https:\/\/atecordoba.org\/index.php?rest_route=\/wp\/v2\/types\/post"}],"author":[{"embeddable":true,"href":"https:\/\/atecordoba.org\/index.php?rest_route=\/wp\/v2\/users\/7"}],"replies":[{"embeddable":true,"href":"https:\/\/atecordoba.org\/index.php?rest_route=%2Fwp%2Fv2%2Fcomments&post=28079"}],"version-history":[{"count":2,"href":"https:\/\/atecordoba.org\/index.php?rest_route=\/wp\/v2\/posts\/28079\/revisions"}],"predecessor-version":[{"id":28082,"href":"https:\/\/atecordoba.org\/index.php?rest_route=\/wp\/v2\/posts\/28079\/revisions\/28082"}],"wp:featuredmedia":[{"embeddable":true,"href":"https:\/\/atecordoba.org\/index.php?rest_route=\/wp\/v2\/media\/28080"}],"wp:attachment":[{"href":"https:\/\/atecordoba.org\/index.php?rest_route=%2Fwp%2Fv2%2Fmedia&parent=28079"}],"wp:term":[{"taxonomy":"category","embeddable":true,"href":"https:\/\/atecordoba.org\/index.php?rest_route=%2Fwp%2Fv2%2Fcategories&post=28079"},{"taxonomy":"post_tag","embeddable":true,"href":"https:\/\/atecordoba.org\/index.php?rest_route=%2Fwp%2Fv2%2Ftags&post=28079"}],"curies":[{"name":"wp","href":"https:\/\/api.w.org\/{rel}","templated":true}]}}