{"id":28071,"date":"2021-09-14T14:40:24","date_gmt":"2021-09-14T17:40:24","guid":{"rendered":"https:\/\/atecordoba.org\/?p=28071"},"modified":"2021-09-14T14:41:30","modified_gmt":"2021-09-14T17:41:30","slug":"ate-cordoba-en-la-comision-de-salud-y-de-legislacion-laboral-de-la-legislatura-por-proyecto-de-regulacion-del-ejercicio-profesional-de-enfermeria","status":"publish","type":"post","link":"https:\/\/atecordoba.org\/?p=28071","title":{"rendered":"ATE C\u00f3rdoba en la Comisi\u00f3n de Salud y de Legislaci\u00f3n Laboral de la Unicameral por proyecto de regulaci\u00f3n del ejercicio profesional de Enfermer\u00eda"},"content":{"rendered":"\n<figure class=\"wp-block-gallery columns-2 is-cropped wp-block-gallery-1 is-layout-flex wp-block-gallery-is-layout-flex\"><ul class=\"blocks-gallery-grid\"><li class=\"blocks-gallery-item\"><figure><img loading=\"lazy\" decoding=\"async\" width=\"1024\" height=\"576\" src=\"https:\/\/atecordoba.org\/wp-content\/uploads\/2021\/09\/14_09_Enfermeria_Legislatura_Duran_Sierra-1024x576.jpg\" alt=\"\" data-id=\"28072\" data-full-url=\"https:\/\/atecordoba.org\/wp-content\/uploads\/2021\/09\/14_09_Enfermeria_Legislatura_Duran_Sierra.jpg\" data-link=\"https:\/\/atecordoba.org\/?attachment_id=28072\" class=\"wp-image-28072\" srcset=\"https:\/\/atecordoba.org\/wp-content\/uploads\/2021\/09\/14_09_Enfermeria_Legislatura_Duran_Sierra-1024x576.jpg 1024w, https:\/\/atecordoba.org\/wp-content\/uploads\/2021\/09\/14_09_Enfermeria_Legislatura_Duran_Sierra-300x169.jpg 300w, https:\/\/atecordoba.org\/wp-content\/uploads\/2021\/09\/14_09_Enfermeria_Legislatura_Duran_Sierra-768x432.jpg 768w, https:\/\/atecordoba.org\/wp-content\/uploads\/2021\/09\/14_09_Enfermeria_Legislatura_Duran_Sierra-1536x864.jpg 1536w, https:\/\/atecordoba.org\/wp-content\/uploads\/2021\/09\/14_09_Enfermeria_Legislatura_Duran_Sierra-750x422.jpg 750w, https:\/\/atecordoba.org\/wp-content\/uploads\/2021\/09\/14_09_Enfermeria_Legislatura_Duran_Sierra-1140x641.jpg 1140w, https:\/\/atecordoba.org\/wp-content\/uploads\/2021\/09\/14_09_Enfermeria_Legislatura_Duran_Sierra.jpg 2048w\" sizes=\"auto, (max-width: 1024px) 100vw, 1024px\" \/><\/figure><\/li><li class=\"blocks-gallery-item\"><figure><img loading=\"lazy\" decoding=\"async\" width=\"1024\" height=\"576\" src=\"https:\/\/atecordoba.org\/wp-content\/uploads\/2021\/09\/14_09_Enfermeria_Legislatura_Duran-1024x576.jpg\" alt=\"\" data-id=\"28073\" data-full-url=\"https:\/\/atecordoba.org\/wp-content\/uploads\/2021\/09\/14_09_Enfermeria_Legislatura_Duran.jpg\" data-link=\"https:\/\/atecordoba.org\/?attachment_id=28073\" class=\"wp-image-28073\" srcset=\"https:\/\/atecordoba.org\/wp-content\/uploads\/2021\/09\/14_09_Enfermeria_Legislatura_Duran-1024x576.jpg 1024w, https:\/\/atecordoba.org\/wp-content\/uploads\/2021\/09\/14_09_Enfermeria_Legislatura_Duran-300x169.jpg 300w, https:\/\/atecordoba.org\/wp-content\/uploads\/2021\/09\/14_09_Enfermeria_Legislatura_Duran-768x432.jpg 768w, https:\/\/atecordoba.org\/wp-content\/uploads\/2021\/09\/14_09_Enfermeria_Legislatura_Duran-1536x864.jpg 1536w, https:\/\/atecordoba.org\/wp-content\/uploads\/2021\/09\/14_09_Enfermeria_Legislatura_Duran-750x422.jpg 750w, https:\/\/atecordoba.org\/wp-content\/uploads\/2021\/09\/14_09_Enfermeria_Legislatura_Duran-1140x641.jpg 1140w, https:\/\/atecordoba.org\/wp-content\/uploads\/2021\/09\/14_09_Enfermeria_Legislatura_Duran.jpg 2048w\" sizes=\"auto, (max-width: 1024px) 100vw, 1024px\" \/><\/figure><\/li><\/ul><figcaption class=\"blocks-gallery-caption\">Hugo Dur\u00e1n y Yamila Sierra, en la puerta de la Legislatura y en la reuni\u00f3n de Comisi\u00f3n, con presencia de legisladores\/as de manera presencial y virtual.<\/figcaption><\/figure>\n\n\n\n<p><\/p>\n\n\n\n<p><strong>El Secretario Adjunto de ATE C\u00f3rdoba, Hugo Dur\u00e1n, y la Lic. en Enfermer\u00eda y delegada de ATE del Hospital de Ni\u00f1os, Yamila Sierra, participaron de la Comisi\u00f3n de Salud y de Legislaci\u00f3n Laboral de la Legislatura de la Provincia de C\u00f3rdoba para sentar la posici\u00f3n de ATE respecto al proyecto de regulaci\u00f3n del ejercicio profesional de Enfermer\u00eda.<\/strong> En ese sentido, Dur\u00e1n remarc\u00f3 que es importante la creaci\u00f3n de una regulaci\u00f3n oficial del ejercicio de la profesi\u00f3n por parte de quienes la ejercen, que la misma invista un car\u00e1cter aut\u00f3nomo y la <strong>importancia de que la norma a aprobar &#8220;deje la puerta abierta para una futura colegiaci\u00f3n de las y los profesionales&#8221;<\/strong>. El Secretario Adjunto de ATE C\u00f3rdoba advirti\u00f3, tambi\u00e9n, acerca de que el reconocimiento legal del ejercicio de la profesi\u00f3n es importante pero que <strong>ese reconocimiento deber\u00eda ser acompa\u00f1ado &#8220;de un mayor reconocimiento econ\u00f3mico y de condiciones de trabajo para quienes trabajan en el \u00e1mbito p\u00fablico provincial<\/strong>, quienes muchas veces se encuentran con condiciones contractuales y salariales totalmente desfavorables y contrarias al reconocimiento que se pretende brindar desde esta c\u00e1mara&#8221;.<\/p>\n\n\n<p><iframe loading=\"lazy\" src=\"https:\/\/www.facebook.com\/plugins\/video.php?height=314&#038;href=https%3A%2F%2Fwww.facebook.com%2Fatecba%2Fvideos%2F584704345885205%2F&#038;show_text=true&#038;width=560&#038;t=0\" width=\"560\" height=\"429\" style=\"border:none;overflow:hidden\" scrolling=\"no\" frameborder=\"0\" allowfullscreen=\"true\" allow=\"autoplay; clipboard-write; encrypted-media; picture-in-picture; web-share\" allowFullScreen=\"true\"><\/iframe><\/p>\n\n\n\n<p>&#8220;Desde ATE C\u00f3rdoba brindamos nuestro apoyo al proyecto de Ley que avanza en la regulaci\u00f3n del ejercicio profesional de Enfermer\u00eda, generando una norma que reconozca a una disciplina fundamental dentro del sistema de salud&#8221;, manifest\u00f3 Dur\u00e1n quien remarc\u00f3 que &#8220;a pesar de que es un anhelo de a\u00f1os que desde siempre acompa\u00f1amos, no siempre estuvieron las condiciones en los espacios oficiales. Celebramos que hoy se est\u00e9 avanzando en este debate que es el primer paso hacia la colegiaci\u00f3n de la profesi\u00f3n&#8221;, expres\u00f3.<\/p>\n\n\n\n<p>&#8220;La pandemia puso de relieve la profesi\u00f3n y la forma en que esta se ejerce. Sobre el reconocimiento profesional avanza esta c\u00e1mara y del reconocimiento econ\u00f3mico en el \u00e1mbito p\u00fablico se encarga el Poder Ejecutivo. En este punto hemos sido muy cr\u00edticos con el Gobierno y vamos a hacer todo lo posible para que quienes ejerzan esta profesi\u00f3n perciban un salario digno en todos sus t\u00e9rminos&#8221;, remarc\u00f3 Dur\u00e1n. En el mismo sentido, el Secretario Adjunto de ATE C\u00f3rdoba se manifest\u00f3 con respecto &#8220;al r\u00e9gimen de contrataci\u00f3n y las condiciones de salud y medio ambiente de trabajo que no hablan muy bien de c\u00f3mo se trata a estos profesionales en el \u00e1mbito p\u00fablico provincial y que la reglamentaci\u00f3n de la actividad permitir\u00e1 sumar elementos para que se mejoren las condiciones&#8221;, expres\u00f3. <\/p>\n\n\n<p><iframe loading=\"lazy\" src=\"https:\/\/www.facebook.com\/plugins\/video.php?height=258&#038;href=https%3A%2F%2Fwww.facebook.com%2Fatecba%2Fvideos%2F1822271011293795%2F&#038;show_text=true&#038;width=560&#038;t=0\" width=\"560\" height=\"373\" style=\"border:none;overflow:hidden\" scrolling=\"no\" frameborder=\"0\" allowfullscreen=\"true\" allow=\"autoplay; clipboard-write; encrypted-media; picture-in-picture; web-share\" allowFullScreen=\"true\"><\/iframe><\/p>\n","protected":false},"excerpt":{"rendered":"<p>El Secretario Adjunto de ATE C\u00f3rdoba, Hugo Dur\u00e1n, y la Lic. en Enfermer\u00eda y delegada de ATE del Hospital de Ni\u00f1os, Yamila Sierra, participaron de la Comisi\u00f3n de Salud y de Legislaci\u00f3n Laboral de la Legislatura de la Provincia de C\u00f3rdoba para sentar la posici\u00f3n de ATE respecto al proyecto de regulaci\u00f3n del ejercicio profesional [&hellip;]<\/p>\n","protected":false},"author":6,"featured_media":28072,"comment_status":"open","ping_status":"open","sticky":false,"template":"","format":"standard","meta":{"_exactmetrics_skip_tracking":false,"_exactmetrics_sitenote_active":false,"_exactmetrics_sitenote_note":"","_exactmetrics_sitenote_category":0,"jnews-multi-image_gallery":[],"jnews_single_post":{"subtitle":"El sindicato impulsa, junto a la Asociaci\u00f3n de Enfermer\u00eda de C\u00f3rdoba (AEC), un proyecto que regule el ejercicio de la profesi\u00f3n en el territorio provincial. Remarcan la importancia de la autonom\u00eda y de que quede la puerta abierta para una futura colegiaci\u00f3n de las y los profesionales.","format":"standard","video":"","gallery":"","source_name":"","source_url":"","via_name":"","via_url":"","override":[{"template":"1","single_blog_custom":"","parallax":"1","fullscreen":"1","layout":"right-sidebar","sidebar":"default-sidebar","second_sidebar":"default-sidebar","sticky_sidebar":"1","share_position":"top","share_float_style":"share-monocrhome","show_share_counter":"1","show_view_counter":"1","show_featured":"1","show_post_meta":"1","show_post_author":"1","show_post_author_image":"1","show_post_date":"1","post_date_format":"default","post_date_format_custom":"Y\/m\/d","show_post_category":"1","post_reading_time_wpm":"300","zoom_button_out_step":"2","zoom_button_in_step":"3","show_post_tag":"1","show_prev_next_post":"1","show_popup_post":"1","number_popup_post":"1"}],"image_override":[{"single_post_thumbnail_size":"crop-500","single_post_gallery_size":"crop-500"}],"trending_post_position":"meta","trending_post_label":"Trending","sponsored_post_label":"Sponsored by","sponsored_post_name":"","sponsored_post_url":"","sponsored_post_logo":"","sponsored_post_desc":""},"jnews_primary_category":{"id":""},"jnews_social_meta":{"fb_title":"","fb_description":"","fb_image":"","twitter_title":"","twitter_description":"","twitter_image":""},"jnews_review":[],"enable_review":"","type":"percentage","name":"","summary":"","brand":"","sku":"","good":[{"good_text":""}],"bad":[{"bad_text":""}],"score_override":"","override_value":"","rating":[{"rating_text":"","rating_number":"10"}],"price":[{"shop":"","price":"","link":"","icon":""}],"jnews_override_counter":{"view_counter_number":"0","share_counter_number":"0","like_counter_number":"0","dislike_counter_number":"0"},"jnews_post_split":{"post_split":[{"template":"1","tag":"h2","numbering":"asc","mode":"normal","toc_type":"normal"}]},"footnotes":""},"categories":[907],"tags":[],"class_list":["post-28071","post","type-post","status-publish","format-standard","has-post-thumbnail","hentry","category-provinciales-manual-de-delegadxs"],"jetpack_featured_media_url":"https:\/\/atecordoba.org\/wp-content\/uploads\/2021\/09\/14_09_Enfermeria_Legislatura_Duran_Sierra.jpg","_links":{"self":[{"href":"https:\/\/atecordoba.org\/index.php?rest_route=\/wp\/v2\/posts\/28071","targetHints":{"allow":["GET"]}}],"collection":[{"href":"https:\/\/atecordoba.org\/index.php?rest_route=\/wp\/v2\/posts"}],"about":[{"href":"https:\/\/atecordoba.org\/index.php?rest_route=\/wp\/v2\/types\/post"}],"author":[{"embeddable":true,"href":"https:\/\/atecordoba.org\/index.php?rest_route=\/wp\/v2\/users\/6"}],"replies":[{"embeddable":true,"href":"https:\/\/atecordoba.org\/index.php?rest_route=%2Fwp%2Fv2%2Fcomments&post=28071"}],"version-history":[{"count":3,"href":"https:\/\/atecordoba.org\/index.php?rest_route=\/wp\/v2\/posts\/28071\/revisions"}],"predecessor-version":[{"id":28076,"href":"https:\/\/atecordoba.org\/index.php?rest_route=\/wp\/v2\/posts\/28071\/revisions\/28076"}],"wp:featuredmedia":[{"embeddable":true,"href":"https:\/\/atecordoba.org\/index.php?rest_route=\/wp\/v2\/media\/28072"}],"wp:attachment":[{"href":"https:\/\/atecordoba.org\/index.php?rest_route=%2Fwp%2Fv2%2Fmedia&parent=28071"}],"wp:term":[{"taxonomy":"category","embeddable":true,"href":"https:\/\/atecordoba.org\/index.php?rest_route=%2Fwp%2Fv2%2Fcategories&post=28071"},{"taxonomy":"post_tag","embeddable":true,"href":"https:\/\/atecordoba.org\/index.php?rest_route=%2Fwp%2Fv2%2Ftags&post=28071"}],"curies":[{"name":"wp","href":"https:\/\/api.w.org\/{rel}","templated":true}]}}