{"id":28046,"date":"2021-09-14T11:37:56","date_gmt":"2021-09-14T14:37:56","guid":{"rendered":"https:\/\/atecordoba.org\/?p=28046"},"modified":"2021-09-14T11:40:26","modified_gmt":"2021-09-14T14:40:26","slug":"bulnes-15-de-recomposicion-para-terminar-el-ano","status":"publish","type":"post","link":"https:\/\/atecordoba.org\/?p=28046","title":{"rendered":"Bulnes: 15% de recomposici\u00f3n para terminar el a\u00f1o"},"content":{"rendered":"\n<div class=\"wp-block-image is-style-default\"><figure class=\"alignright size-large is-resized\"><img loading=\"lazy\" decoding=\"async\" src=\"https:\/\/atecordoba.org\/wp-content\/uploads\/2021\/09\/bulnes.jpg\" alt=\"\" class=\"wp-image-28047\" width=\"488\" height=\"273\" \/><\/figure><\/div>\n\n\n\n<p>En un acuerdo suscripto esta ma\u00f1ana entre ATE y la Municipalidad de Bulnes, la seccional Adelia Mar\u00eda inform\u00f3 que las y los trabajadores municipales de la localidad ver\u00e1n incrementados sus salarios en un 15%, a pagar en tres cuotas a partir de octubre dle corriente. <\/p>\n\n\n\n<p>Adem\u00e1s, seis trabajadores que cuentan con los salarios m\u00e1s bajos de la administraci\u00f3n municipal de Bulnes, recibir\u00e1n junto con el aumento un bono de 2000 pesos en car\u00e1cter compensatorio. <\/p>\n\n\n\n<p>Los aumentos se abonar\u00e1n con los salarios de octubre, noviembre y enero de 2022.<\/p>\n\n\n\n<p>En la oportunidad, tambi\u00e9n se acord\u00f3 que el personal de dispensario recibir\u00e1 su correspondiente muda de ropa para cumplir sus tareas en el lugar. <\/p>\n\n\n\n<p>Del acto participaron el secretario Adjunto de ATE Adelia Mar\u00eda, Roberto S\u00e1nchez, y la delegada municipal Liliana Morales, por la parte gremial, mientras que el Ejecutivo municipal estuvo representado por el intendente Mart\u00edn Toselli. <\/p>\n\n\n\n<p>Las partes se comprometieron a continuar tratando la creaci\u00f3n del nuevo Estatuto Municipal antes de fin de a\u00f1o.<\/p>\n\n\n\n<div class=\"wp-block-image is-style-default\"><figure class=\"aligncenter size-large is-resized\"><img loading=\"lazy\" decoding=\"async\" src=\"https:\/\/atecordoba.org\/wp-content\/uploads\/2021\/09\/IMG-20210914-WA0023-1-576x1024.jpg\" alt=\"\" class=\"wp-image-28051\" width=\"432\" height=\"768\" srcset=\"https:\/\/atecordoba.org\/wp-content\/uploads\/2021\/09\/IMG-20210914-WA0023-1-576x1024.jpg 576w, https:\/\/atecordoba.org\/wp-content\/uploads\/2021\/09\/IMG-20210914-WA0023-1-169x300.jpg 169w, https:\/\/atecordoba.org\/wp-content\/uploads\/2021\/09\/IMG-20210914-WA0023-1-768x1366.jpg 768w, https:\/\/atecordoba.org\/wp-content\/uploads\/2021\/09\/IMG-20210914-WA0023-1-864x1536.jpg 864w, https:\/\/atecordoba.org\/wp-content\/uploads\/2021\/09\/IMG-20210914-WA0023-1-750x1334.jpg 750w, https:\/\/atecordoba.org\/wp-content\/uploads\/2021\/09\/IMG-20210914-WA0023-1.jpg 899w\" sizes=\"auto, (max-width: 432px) 100vw, 432px\" \/><\/figure><\/div>\n","protected":false},"excerpt":{"rendered":"<p>En un acuerdo suscripto esta ma\u00f1ana entre ATE y la Municipalidad de Bulnes, la seccional Adelia Mar\u00eda inform\u00f3 que las y los trabajadores municipales de la localidad ver\u00e1n incrementados sus salarios en un 15%, a pagar en tres cuotas a partir de octubre dle corriente. Adem\u00e1s, seis trabajadores que cuentan con los salarios m\u00e1s bajos [&hellip;]<\/p>\n","protected":false},"author":7,"featured_media":28049,"comment_status":"open","ping_status":"open","sticky":false,"template":"","format":"standard","meta":{"_exactmetrics_skip_tracking":false,"_exactmetrics_sitenote_active":false,"_exactmetrics_sitenote_note":"","_exactmetrics_sitenote_category":0,"jnews-multi-image_gallery":[],"jnews_single_post":{"subtitle":"ATE sigue recomponiendo el salario de las y los municipales en toda la provincia.","format":"standard","video":"","gallery":"","source_name":"","source_url":"","via_name":"","via_url":"","override":[{"template":"1","single_blog_custom":"","parallax":"1","fullscreen":"1","layout":"right-sidebar","sidebar":"default-sidebar","second_sidebar":"default-sidebar","sticky_sidebar":"1","share_position":"top","share_float_style":"share-monocrhome","show_share_counter":"1","show_view_counter":"1","show_featured":"1","show_post_meta":"1","show_post_author":"1","show_post_author_image":"1","show_post_date":"1","post_date_format":"default","post_date_format_custom":"Y\/m\/d","show_post_category":"1","post_reading_time_wpm":"300","zoom_button_out_step":"2","zoom_button_in_step":"3","show_post_tag":"1","show_prev_next_post":"1","show_popup_post":"1","number_popup_post":"1"}],"image_override":[{"single_post_thumbnail_size":"crop-500","single_post_gallery_size":"crop-500"}],"trending_post_position":"meta","trending_post_label":"Trending","sponsored_post_label":"Sponsored by","sponsored_post_name":"","sponsored_post_url":"","sponsored_post_logo":"","sponsored_post_desc":""},"jnews_primary_category":{"id":""},"jnews_social_meta":{"fb_title":"","fb_description":"","fb_image":"","twitter_title":"","twitter_description":"","twitter_image":""},"jnews_review":[],"enable_review":"","type":"percentage","name":"","summary":"","brand":"","sku":"","good":[{"good_text":""}],"bad":[{"bad_text":""}],"score_override":"","override_value":"","rating":[{"rating_text":"","rating_number":"10"}],"price":[{"shop":"","price":"","link":"","icon":""}],"jnews_override_counter":{"view_counter_number":"0","share_counter_number":"0","like_counter_number":"0","dislike_counter_number":"0"},"jnews_post_split":{"post_split":[{"template":"1","tag":"h2","numbering":"asc","mode":"normal","toc_type":"normal"}]},"footnotes":""},"categories":[20],"tags":[664],"class_list":["post-28046","post","type-post","status-publish","format-standard","has-post-thumbnail","hentry","category-municipales","tag-bulnes"],"jetpack_featured_media_url":"https:\/\/atecordoba.org\/wp-content\/uploads\/2021\/09\/bulnes-2.jpg","_links":{"self":[{"href":"https:\/\/atecordoba.org\/index.php?rest_route=\/wp\/v2\/posts\/28046","targetHints":{"allow":["GET"]}}],"collection":[{"href":"https:\/\/atecordoba.org\/index.php?rest_route=\/wp\/v2\/posts"}],"about":[{"href":"https:\/\/atecordoba.org\/index.php?rest_route=\/wp\/v2\/types\/post"}],"author":[{"embeddable":true,"href":"https:\/\/atecordoba.org\/index.php?rest_route=\/wp\/v2\/users\/7"}],"replies":[{"embeddable":true,"href":"https:\/\/atecordoba.org\/index.php?rest_route=%2Fwp%2Fv2%2Fcomments&post=28046"}],"version-history":[{"count":2,"href":"https:\/\/atecordoba.org\/index.php?rest_route=\/wp\/v2\/posts\/28046\/revisions"}],"predecessor-version":[{"id":28052,"href":"https:\/\/atecordoba.org\/index.php?rest_route=\/wp\/v2\/posts\/28046\/revisions\/28052"}],"wp:featuredmedia":[{"embeddable":true,"href":"https:\/\/atecordoba.org\/index.php?rest_route=\/wp\/v2\/media\/28049"}],"wp:attachment":[{"href":"https:\/\/atecordoba.org\/index.php?rest_route=%2Fwp%2Fv2%2Fmedia&parent=28046"}],"wp:term":[{"taxonomy":"category","embeddable":true,"href":"https:\/\/atecordoba.org\/index.php?rest_route=%2Fwp%2Fv2%2Fcategories&post=28046"},{"taxonomy":"post_tag","embeddable":true,"href":"https:\/\/atecordoba.org\/index.php?rest_route=%2Fwp%2Fv2%2Ftags&post=28046"}],"curies":[{"name":"wp","href":"https:\/\/api.w.org\/{rel}","templated":true}]}}