{"id":28036,"date":"2021-09-14T10:27:54","date_gmt":"2021-09-14T13:27:54","guid":{"rendered":"https:\/\/atecordoba.org\/?p=28036"},"modified":"2021-09-14T16:06:24","modified_gmt":"2021-09-14T19:06:24","slug":"asamblea-de-la-famaf-rechaza-el-acuerdo-salarial-en-11-mini-cuotas-que-impacta-para-los-no-docentes-de-la-unc","status":"publish","type":"post","link":"https:\/\/atecordoba.org\/?p=28036","title":{"rendered":"Asamblea de la FAMAF rechaza el acuerdo en &#8220;11 mini cuotas&#8221; que impacta negativamente en el salario nodocente de la UNC"},"content":{"rendered":"\n<div class=\"wp-block-image is-style-default\"><figure class=\"aligncenter size-large is-resized\"><img loading=\"lazy\" decoding=\"async\" src=\"https:\/\/atecordoba.org\/wp-content\/uploads\/2021\/09\/Edificio_FAMAF_UNC.jpg\" alt=\"\" class=\"wp-image-28039\" width=\"768\" height=\"511\" srcset=\"https:\/\/atecordoba.org\/wp-content\/uploads\/2021\/09\/Edificio_FAMAF_UNC.jpg 1024w, https:\/\/atecordoba.org\/wp-content\/uploads\/2021\/09\/Edificio_FAMAF_UNC-300x200.jpg 300w, https:\/\/atecordoba.org\/wp-content\/uploads\/2021\/09\/Edificio_FAMAF_UNC-768x511.jpg 768w, https:\/\/atecordoba.org\/wp-content\/uploads\/2021\/09\/Edificio_FAMAF_UNC-750x499.jpg 750w\" sizes=\"auto, (max-width: 768px) 100vw, 768px\" \/><\/figure><\/div>\n\n\n\n<p>La Asamblea de Trabajadores de la de Matem\u00e1tica, Astronom\u00eda, F\u00edsica y Computaci\u00f3n (FAMAF) rechaz\u00f3 a trav\u00e9s de un comunicado el acuerdo alcanzado entre la Federaci\u00f3n Argentina del Trabajador de las Universidades Nacionales (FATUN), el gobierno nacional y el CIN en relaci\u00f3n a la revisi\u00f3n del acuerdo salarial para los no docentes firmado en el mes de mayo.<\/p>\n\n\n\n<p>La revisi\u00f3n consiste en un amento al b\u00e1sico de 12% dividido en 3 cuotas, que se agrega al 35% en 6 cuotas firmado en mayo, alcanz\u00e1ndose el r\u00e9cord de 8 mini-cuotas en 11 meses. A esto luego se sum\u00f3 un bono extraordinario de $6.000 en 2 veces.<\/p>\n\n\n\n<p>&#8220;Nos pronunciamos en RECHAZO a este acuerdo&#8221;, denunci\u00f3 la asamblea. &#8220;En primer lugar -prosigui\u00f3 un comunicado difundido ayer-, porque los trabajadores no docentes de la UNC no fuimos consultados en ning\u00fan momento en relaci\u00f3n a la negociaci\u00f3n de nuestro salario, que es nuestro sustento y el de nuestras familias. Ni antes, ni durante la negociaci\u00f3n, la FATUN hizo congreso o plenario de delegados alguno. Tampoco hubo asambleas en las asociaciones de base, por lo menos hasta donde sabemos, y estamos seguros que no existi\u00f3 ninguna en el \u00e1mbito de la UNC. Tampoco el sindicato AGTUNC impuls\u00f3 asambleas por facultad o dependencia del \u00e1rea central&#8221;.<\/p>\n\n\n\n<div class=\"wp-block-image is-style-default\"><figure class=\"alignright size-large\"><img loading=\"lazy\" decoding=\"async\" width=\"636\" height=\"454\" src=\"https:\/\/atecordoba.org\/wp-content\/uploads\/2021\/09\/Resumen-acuerdo.png\" alt=\"\" class=\"wp-image-28037\" srcset=\"https:\/\/atecordoba.org\/wp-content\/uploads\/2021\/09\/Resumen-acuerdo.png 636w, https:\/\/atecordoba.org\/wp-content\/uploads\/2021\/09\/Resumen-acuerdo-300x214.png 300w, https:\/\/atecordoba.org\/wp-content\/uploads\/2021\/09\/Resumen-acuerdo-120x86.png 120w, https:\/\/atecordoba.org\/wp-content\/uploads\/2021\/09\/Resumen-acuerdo-350x250.png 350w\" sizes=\"auto, (max-width: 636px) 100vw, 636px\" \/><\/figure><\/div>\n\n\n\n<p>&#8220;En segundo lugar, porque se trata de un acuerdo insuficiente. La cuotificaci\u00f3n del aumento lo hace a\u00fan m\u00e1s magro. Las cuotas no son acumulativas (como s\u00ed lo es el c\u00e1lculo mensual de la inflaci\u00f3n que publica el INDEC). Desde el punto de vista del salario real, es decir, no su expresi\u00f3n nominal en pesos sino la cantidad de productos que podemos comprar con el mismo, el aumento tiende a 0, y dependiendo de como evolucione la inflaci\u00f3n podr\u00eda llegar a ser negativo. Para calcular esto, nos basamos en la proporci\u00f3n que el salario b\u00e1sico de cada categor\u00eda cubre en relaci\u00f3n a la canasta de consumos m\u00ednimos (canasta b\u00e1sica) que publica la Junta Interna de ATE INDEC con datos disponibles del mismo organismo oficial de estad\u00edsticas. Para proyectar el monto de esta canasta en los pr\u00f3ximos meses, tomamos las proyecciones oficiales de inflaci\u00f3n del Banco Central (REM &#8211; BCRA), lo que es solo una aproximaci\u00f3n ya que esta estimaci\u00f3n calcula el conjunto de la inflaci\u00f3n minorista, cuando sabemos que los art\u00edculos que m\u00e1s impactan en el bolsillo de la clase obrera, como por ejemplo los alimentos, aumentan a un ritmo a\u00fan superior&#8221;, detallaron.<\/p>\n\n\n\n<p>Y aseguraron que &#8220;no ser\u00eda tan grave que el salario &#8217;empate&#8217; con la inflaci\u00f3n\u2026 \u00a1si ese salario alcanzara para vivir! \u00a1Pero no es el caso! Luego de a\u00f1os de deterioro, acentuados durante el gobierno anterior y durante el a\u00f1o pasado por las condiciones impuestas por la gesti\u00f3n estatal de la pandemia (incluidos meses de congelamiento nominal de los salarios estatales), el salario b\u00e1sico de la categor\u00eda inicial (Cat. 7) apenas alcanza el 40% de la canasta de consumos m\u00ednimos. Para hacer una comparaci\u00f3n hist\u00f3rica, en junio del a\u00f1o pasado el b\u00e1sico de la categor\u00eda 7 cubr\u00eda el 44% de la canasta. Hace unos 5 a\u00f1os, en diciembre de 2015, superaba el 61%&#8221;.<\/p>\n\n\n\n<p>Por eso eval\u00faan que &#8220;en s\u00edntesis, el &#8217;empate&#8217; con la inflaci\u00f3n, cosa que suceder\u00e1 solo en el mejor de los casos, significa una consolidaci\u00f3n de la perdida salarial anterior, que llevan a nuestros sueldos a m\u00ednimos hist\u00f3ricos. En diciembre de 2015, los b\u00e1sicos de las categor\u00edas 7, 6 y 5 estaban por debajo de la canasta de consumos m\u00ednimos, lo que ya era preocupante; hoy hay que incluir tambi\u00e9n a las categor\u00edas 4 y 3. Vergonzoso&#8221;. <\/p>\n\n\n\n<div class=\"wp-block-image is-style-default\"><figure class=\"aligncenter size-large\"><img loading=\"lazy\" decoding=\"async\" width=\"484\" height=\"406\" src=\"https:\/\/atecordoba.org\/wp-content\/uploads\/2021\/09\/Basico-vs-canasta-cat-7.png\" alt=\"\" class=\"wp-image-28038\" srcset=\"https:\/\/atecordoba.org\/wp-content\/uploads\/2021\/09\/Basico-vs-canasta-cat-7.png 484w, https:\/\/atecordoba.org\/wp-content\/uploads\/2021\/09\/Basico-vs-canasta-cat-7-300x252.png 300w\" sizes=\"auto, (max-width: 484px) 100vw, 484px\" \/><figcaption>B\u00e1sico versus canasta familiar<\/figcaption><\/figure><\/div>\n\n\n\n<p>Por eso alentaron a &#8220;asambleas en todas las facultades y dependencias para evaluar el acuerdo. Y que se mocione el llamado a una asamblea general de trabajadores no docentes de la UNC, sin distinciones en cuanto a la condici\u00f3n de contrataci\u00f3n o afiliaci\u00f3n gremial. Para que se haga sentir el rechazo a la consolidaci\u00f3n de salarios de hambre que, junto al congelamiento presupuestario y la precarizaci\u00f3n laboral, entre otras cuestiones, deterioran d\u00eda a d\u00eda nuestras condiciones de vida y trabajo. Este breve an\u00e1lisis pretende ser un aporte para impulsar esa deliberaci\u00f3n y empezar a sentar las bases para pelear por lo perdido y por lo que merecemos conquistar&#8221;.<\/p>\n","protected":false},"excerpt":{"rendered":"<p>La Asamblea de Trabajadores de la de Matem\u00e1tica, Astronom\u00eda, F\u00edsica y Computaci\u00f3n (FAMAF) rechaz\u00f3 a trav\u00e9s de un comunicado el acuerdo alcanzado entre la Federaci\u00f3n Argentina del Trabajador de las Universidades Nacionales (FATUN), el gobierno nacional y el CIN en relaci\u00f3n a la revisi\u00f3n del acuerdo salarial para los no docentes firmado en el mes [&hellip;]<\/p>\n","protected":false},"author":7,"featured_media":28037,"comment_status":"open","ping_status":"open","sticky":false,"template":"","format":"standard","meta":{"_exactmetrics_skip_tracking":false,"_exactmetrics_sitenote_active":false,"_exactmetrics_sitenote_note":"","_exactmetrics_sitenote_category":0,"jnews-multi-image_gallery":[],"jnews_single_post":{"subtitle":"El salario b\u00e1sico de la categor\u00eda inicial apenas cubre el 40,63% de la canasta familiar. De las 7 categor\u00edas del escalaf\u00f3n, solo 2 superan la canasta de consumos m\u00ednimos.","format":"standard","video":"","gallery":"","source_name":"","source_url":"","via_name":"","via_url":"","override":[{"template":"1","single_blog_custom":"","parallax":"1","fullscreen":"1","layout":"right-sidebar","sidebar":"default-sidebar","second_sidebar":"default-sidebar","sticky_sidebar":"1","share_position":"top","share_float_style":"share-monocrhome","show_share_counter":"1","show_view_counter":"1","show_featured":"1","show_post_meta":"1","show_post_author":"1","show_post_author_image":"1","show_post_date":"1","post_date_format":"default","post_date_format_custom":"Y\/m\/d","show_post_category":"1","post_reading_time_wpm":"300","zoom_button_out_step":"2","zoom_button_in_step":"3","show_post_tag":"1","show_prev_next_post":"1","show_popup_post":"1","number_popup_post":"1"}],"image_override":[{"single_post_thumbnail_size":"crop-500","single_post_gallery_size":"crop-500"}],"trending_post_position":"meta","trending_post_label":"Trending","sponsored_post_label":"Sponsored by","sponsored_post_name":"","sponsored_post_url":"","sponsored_post_logo":"","sponsored_post_desc":""},"jnews_primary_category":{"id":""},"jnews_social_meta":{"fb_title":"","fb_description":"","fb_image":"","twitter_title":"","twitter_description":"","twitter_image":""},"jnews_review":[],"enable_review":"","type":"percentage","name":"","summary":"","brand":"","sku":"","good":[{"good_text":""}],"bad":[{"bad_text":""}],"score_override":"","override_value":"","rating":[{"rating_text":"","rating_number":"10"}],"price":[{"shop":"","price":"","link":"","icon":""}],"jnews_override_counter":{"view_counter_number":"0","share_counter_number":"0","like_counter_number":"0","dislike_counter_number":"0"},"jnews_post_split":{"post_split":[{"template":"1","tag":"h2","numbering":"asc","mode":"normal","toc_type":"normal"}]},"footnotes":""},"categories":[18],"tags":[919,63],"class_list":["post-28036","post","type-post","status-publish","format-standard","has-post-thumbnail","hentry","category-nacionales","tag-famaf","tag-unc"],"jetpack_featured_media_url":"https:\/\/atecordoba.org\/wp-content\/uploads\/2021\/09\/Resumen-acuerdo.png","_links":{"self":[{"href":"https:\/\/atecordoba.org\/index.php?rest_route=\/wp\/v2\/posts\/28036","targetHints":{"allow":["GET"]}}],"collection":[{"href":"https:\/\/atecordoba.org\/index.php?rest_route=\/wp\/v2\/posts"}],"about":[{"href":"https:\/\/atecordoba.org\/index.php?rest_route=\/wp\/v2\/types\/post"}],"author":[{"embeddable":true,"href":"https:\/\/atecordoba.org\/index.php?rest_route=\/wp\/v2\/users\/7"}],"replies":[{"embeddable":true,"href":"https:\/\/atecordoba.org\/index.php?rest_route=%2Fwp%2Fv2%2Fcomments&post=28036"}],"version-history":[{"count":2,"href":"https:\/\/atecordoba.org\/index.php?rest_route=\/wp\/v2\/posts\/28036\/revisions"}],"predecessor-version":[{"id":28077,"href":"https:\/\/atecordoba.org\/index.php?rest_route=\/wp\/v2\/posts\/28036\/revisions\/28077"}],"wp:featuredmedia":[{"embeddable":true,"href":"https:\/\/atecordoba.org\/index.php?rest_route=\/wp\/v2\/media\/28037"}],"wp:attachment":[{"href":"https:\/\/atecordoba.org\/index.php?rest_route=%2Fwp%2Fv2%2Fmedia&parent=28036"}],"wp:term":[{"taxonomy":"category","embeddable":true,"href":"https:\/\/atecordoba.org\/index.php?rest_route=%2Fwp%2Fv2%2Fcategories&post=28036"},{"taxonomy":"post_tag","embeddable":true,"href":"https:\/\/atecordoba.org\/index.php?rest_route=%2Fwp%2Fv2%2Ftags&post=28036"}],"curies":[{"name":"wp","href":"https:\/\/api.w.org\/{rel}","templated":true}]}}