{"id":28033,"date":"2021-09-14T09:58:13","date_gmt":"2021-09-14T12:58:13","guid":{"rendered":"https:\/\/atecordoba.org\/?p=28033"},"modified":"2021-09-14T13:43:13","modified_gmt":"2021-09-14T16:43:13","slug":"paro-y-un-abrazo-solidario-al-hospital-neuropsiquiatrico","status":"publish","type":"post","link":"https:\/\/atecordoba.org\/?p=28033","title":{"rendered":"Paro y abrazo solidario al Hospital Neuropsiqui\u00e1trico de C\u00f3rdoba"},"content":{"rendered":"\n<div class=\"wp-block-image is-style-default\"><figure class=\"alignleft size-large is-resized\"><img loading=\"lazy\" decoding=\"async\" src=\"https:\/\/atecordoba.org\/wp-content\/uploads\/2021\/09\/WhatsApp-Image-2021-09-14-at-12.25.36-1024x419.jpeg\" alt=\"\" class=\"wp-image-28053\" width=\"575\" height=\"235\"\/><\/figure><\/div>\n\n\n\n<p>Trabajadores y trabajadoras de la salud anunciaron un paro y un abrazo solidario al Hospital Neuropsiqui\u00e1trico. La medida, seg\u00fan informaron, se debe a la grave situaci\u00f3n que atraviesa el sistema de salud provincial y los dispositivos de salud mental.<\/p>\n\n\n\n<p>\u201cLas y los trabajadores nos vemos ante la realidad de un sistema de salud desfinanciado y agotado. Esta situaci\u00f3n se refleja crudamente en los dispositivos de salud mental. En particular el Hospital Neuropsiqui\u00e1trico, como denuncian sus trabajadores profesionales y no profesionales, pasa por una situaci\u00f3n de colapso. A las pol\u00edticas generales de precarizaci\u00f3n del Ministerio de Salud se suma una situaci\u00f3n cr\u00edtica particular por la falta de profesionales y el aumento de la demanda por el incremento de padecimientos ps\u00edquicos en este momento de la pandemia\u201d, denunciaron las y los trabajadores del centro de salud. Y agregaron que &#8220;mientras no haya respuestas y se mantenga la protesta s\u00f3lo se atender\u00e1n estrictas emergencias&#8221;. <\/p>\n\n\n\n<p>En esa l\u00ednea, el secretario Gremial de ATE C\u00f3rdoba, Daniel Pawluchuzk, dijo que la decisi\u00f3n de ATE  es&#8221;dar lucha en virtud de las necesidades de condiciones de trabajo y la falta de personal en el sector m\u00e9dico. Hubo siete bajas no reemplazadas en los \u00faltimos dos a\u00f1os y tres m\u00e1s se producir\u00e1n en el pr\u00f3ximo mes por jubilaciones&#8221;. <\/p>\n\n\n\n<figure class=\"wp-block-embed is-type-video is-provider-youtube wp-block-embed-youtube wp-embed-aspect-16-9 wp-has-aspect-ratio\"><div class=\"wp-block-embed__wrapper\">\n<div class=\"epyt-video-wrapper\"><iframe loading=\"lazy\"  style=\"display: block; margin: 0px auto;\"  id=\"_ytid_28234\"  width=\"480\" height=\"270\"  data-origwidth=\"480\" data-origheight=\"270\" src=\"https:\/\/www.youtube.com\/embed\/X8aPoH06CTY?enablejsapi=1&#038;autoplay=0&#038;cc_load_policy=0&#038;cc_lang_pref=&#038;iv_load_policy=3&#038;loop=0&#038;rel=0&#038;fs=1&#038;playsinline=0&#038;autohide=2&#038;theme=dark&#038;color=red&#038;controls=1&#038;disablekb=0&#038;\" class=\"__youtube_prefs__  epyt-is-override  no-lazyload\" title=\"YouTube player\"  allow=\"fullscreen; accelerometer; autoplay; clipboard-write; encrypted-media; gyroscope; picture-in-picture; web-share\" referrerpolicy=\"strict-origin-when-cross-origin\" allowfullscreen data-no-lazy=\"1\" data-skipgform_ajax_framebjll=\"\"><\/iframe><\/div>\n<\/div><\/figure>\n\n\n\n<p>Pawluchuzk dijo tambi\u00e9n que &#8220;este desmantelamiento del hospital est\u00e1 siendo denunciado por las y los trabajadores. ATE tiene afiliados y por eso fuimos a hacer conjuntamente la protesta, en tanto integramos la Multisectorial de la Salud. El planteo es claro y solo como respuesta de la Direcci\u00f3n del hospital el nombramiento de solo dos mnonotributistas, cosa totalmente suficiente para cubrir el d\u00e9ficit prestacional que sufren los pacientes. A la falta de atenci\u00f3n se suma la falta de medicamentos&#8221;. <\/p>\n\n\n\n<p>&#8220;No podemos permitir esta situaci\u00f3n, que se suma a la crisis salarial general de la salud provincial y de falta de personal. La salud mental nunca tuvo la atenci\u00f3n que se merece por parte de ministros y gobernadores. Por eso vamos a redoblar los esfuerzos con la continuidad del plan de lucha&#8221;, afirm\u00f3.  <\/p>\n\n\n\n<p>Ma\u00f1ana y pasado ma\u00f1ana est\u00e1 previsto que se repita la protesta, en tanto para el martes 21 de septiembre est\u00e1 programada un protesta en el Hospital C\u00f3rdoba, para continuar reclamando por la pauta salarial insuficiente que otorg\u00f3 el gobierno provincial. <\/p>\n\n\n\n<p>Junto a Pawluchuzk estuvieron en el lugar el secretario de Organizaci\u00f3n, Omar Alarcia, el Progremial, Roberto Calvetti, la vocal del Consejo Directivo Provincial Celeste Mart\u00ednez, el vocal Diego Ch\u00e1vez y el delegado Jos\u00e9 Pesutto, junto a delegadas y delegados de varios hospitales de la ciudad de C\u00f3rdoba.<\/p>\n\n\n\n<p>(Fuente www.bambacoop.com.ar y elaboraci\u00f3n propia)<br><br><\/p>\n\n\n\n<figure class=\"wp-block-gallery columns-3 is-cropped wp-block-gallery-1 is-layout-flex wp-block-gallery-is-layout-flex\"><ul class=\"blocks-gallery-grid\"><li class=\"blocks-gallery-item\"><figure><a href=\"https:\/\/atecordoba.org\/wp-content\/uploads\/2021\/09\/IMG-20210914-WA0028-1.jpg\"><img loading=\"lazy\" decoding=\"async\" width=\"150\" height=\"150\" src=\"https:\/\/atecordoba.org\/wp-content\/uploads\/2021\/09\/IMG-20210914-WA0028-1-150x150.jpg\" alt=\"\" data-id=\"28055\" data-full-url=\"https:\/\/atecordoba.org\/wp-content\/uploads\/2021\/09\/IMG-20210914-WA0028-1.jpg\" data-link=\"https:\/\/atecordoba.org\/?attachment_id=28055\" class=\"wp-image-28055\" srcset=\"https:\/\/atecordoba.org\/wp-content\/uploads\/2021\/09\/IMG-20210914-WA0028-1-150x150.jpg 150w, https:\/\/atecordoba.org\/wp-content\/uploads\/2021\/09\/IMG-20210914-WA0028-1-560x560.jpg 560w, https:\/\/atecordoba.org\/wp-content\/uploads\/2021\/09\/IMG-20210914-WA0028-1-75x75.jpg 75w, https:\/\/atecordoba.org\/wp-content\/uploads\/2021\/09\/IMG-20210914-WA0028-1-350x350.jpg 350w\" sizes=\"auto, (max-width: 150px) 100vw, 150px\" \/><\/a><\/figure><\/li><li class=\"blocks-gallery-item\"><figure><a href=\"https:\/\/atecordoba.org\/wp-content\/uploads\/2021\/09\/IMG-20210914-WA0029-1.jpg\"><img loading=\"lazy\" decoding=\"async\" width=\"150\" height=\"150\" src=\"https:\/\/atecordoba.org\/wp-content\/uploads\/2021\/09\/IMG-20210914-WA0029-1-150x150.jpg\" alt=\"\" data-id=\"28056\" data-full-url=\"https:\/\/atecordoba.org\/wp-content\/uploads\/2021\/09\/IMG-20210914-WA0029-1.jpg\" data-link=\"https:\/\/atecordoba.org\/?attachment_id=28056\" class=\"wp-image-28056\" srcset=\"https:\/\/atecordoba.org\/wp-content\/uploads\/2021\/09\/IMG-20210914-WA0029-1-150x150.jpg 150w, https:\/\/atecordoba.org\/wp-content\/uploads\/2021\/09\/IMG-20210914-WA0029-1-560x560.jpg 560w, https:\/\/atecordoba.org\/wp-content\/uploads\/2021\/09\/IMG-20210914-WA0029-1-75x75.jpg 75w, https:\/\/atecordoba.org\/wp-content\/uploads\/2021\/09\/IMG-20210914-WA0029-1-350x350.jpg 350w\" sizes=\"auto, (max-width: 150px) 100vw, 150px\" \/><\/a><\/figure><\/li><li class=\"blocks-gallery-item\"><figure><a href=\"https:\/\/atecordoba.org\/wp-content\/uploads\/2021\/09\/WhatsApp-Image-2021-09-14-at-12.26.08-1.jpeg\"><img loading=\"lazy\" decoding=\"async\" width=\"150\" height=\"150\" src=\"https:\/\/atecordoba.org\/wp-content\/uploads\/2021\/09\/WhatsApp-Image-2021-09-14-at-12.26.08-1-150x150.jpeg\" alt=\"\" data-id=\"28057\" data-full-url=\"https:\/\/atecordoba.org\/wp-content\/uploads\/2021\/09\/WhatsApp-Image-2021-09-14-at-12.26.08-1.jpeg\" data-link=\"https:\/\/atecordoba.org\/?attachment_id=28057\" class=\"wp-image-28057\" srcset=\"https:\/\/atecordoba.org\/wp-content\/uploads\/2021\/09\/WhatsApp-Image-2021-09-14-at-12.26.08-1-150x150.jpeg 150w, https:\/\/atecordoba.org\/wp-content\/uploads\/2021\/09\/WhatsApp-Image-2021-09-14-at-12.26.08-1-560x560.jpeg 560w, https:\/\/atecordoba.org\/wp-content\/uploads\/2021\/09\/WhatsApp-Image-2021-09-14-at-12.26.08-1-75x75.jpeg 75w, https:\/\/atecordoba.org\/wp-content\/uploads\/2021\/09\/WhatsApp-Image-2021-09-14-at-12.26.08-1-350x350.jpeg 350w\" sizes=\"auto, (max-width: 150px) 100vw, 150px\" \/><\/a><\/figure><\/li><li class=\"blocks-gallery-item\"><figure><a href=\"https:\/\/atecordoba.org\/wp-content\/uploads\/2021\/09\/WhatsApp-Image-2021-09-14-at-12.26.08-2.jpeg\"><img loading=\"lazy\" decoding=\"async\" width=\"150\" height=\"150\" src=\"https:\/\/atecordoba.org\/wp-content\/uploads\/2021\/09\/WhatsApp-Image-2021-09-14-at-12.26.08-2-150x150.jpeg\" alt=\"\" data-id=\"28058\" data-full-url=\"https:\/\/atecordoba.org\/wp-content\/uploads\/2021\/09\/WhatsApp-Image-2021-09-14-at-12.26.08-2.jpeg\" data-link=\"https:\/\/atecordoba.org\/?attachment_id=28058\" class=\"wp-image-28058\" srcset=\"https:\/\/atecordoba.org\/wp-content\/uploads\/2021\/09\/WhatsApp-Image-2021-09-14-at-12.26.08-2-150x150.jpeg 150w, https:\/\/atecordoba.org\/wp-content\/uploads\/2021\/09\/WhatsApp-Image-2021-09-14-at-12.26.08-2-560x560.jpeg 560w, https:\/\/atecordoba.org\/wp-content\/uploads\/2021\/09\/WhatsApp-Image-2021-09-14-at-12.26.08-2-75x75.jpeg 75w, https:\/\/atecordoba.org\/wp-content\/uploads\/2021\/09\/WhatsApp-Image-2021-09-14-at-12.26.08-2-350x350.jpeg 350w\" sizes=\"auto, (max-width: 150px) 100vw, 150px\" \/><\/a><\/figure><\/li><li class=\"blocks-gallery-item\"><figure><a href=\"https:\/\/atecordoba.org\/wp-content\/uploads\/2021\/09\/WhatsApp-Image-2021-09-14-at-12.26.08.jpeg\"><img loading=\"lazy\" decoding=\"async\" width=\"150\" height=\"150\" src=\"https:\/\/atecordoba.org\/wp-content\/uploads\/2021\/09\/WhatsApp-Image-2021-09-14-at-12.26.08-150x150.jpeg\" alt=\"\" data-id=\"28059\" data-full-url=\"https:\/\/atecordoba.org\/wp-content\/uploads\/2021\/09\/WhatsApp-Image-2021-09-14-at-12.26.08.jpeg\" data-link=\"https:\/\/atecordoba.org\/?attachment_id=28059\" class=\"wp-image-28059\" srcset=\"https:\/\/atecordoba.org\/wp-content\/uploads\/2021\/09\/WhatsApp-Image-2021-09-14-at-12.26.08-150x150.jpeg 150w, https:\/\/atecordoba.org\/wp-content\/uploads\/2021\/09\/WhatsApp-Image-2021-09-14-at-12.26.08-560x560.jpeg 560w, https:\/\/atecordoba.org\/wp-content\/uploads\/2021\/09\/WhatsApp-Image-2021-09-14-at-12.26.08-75x75.jpeg 75w, https:\/\/atecordoba.org\/wp-content\/uploads\/2021\/09\/WhatsApp-Image-2021-09-14-at-12.26.08-350x350.jpeg 350w\" sizes=\"auto, (max-width: 150px) 100vw, 150px\" \/><\/a><\/figure><\/li><li class=\"blocks-gallery-item\"><figure><a href=\"https:\/\/atecordoba.org\/wp-content\/uploads\/2021\/09\/WhatsApp-Image-2021-09-14-at-12.26.09.jpeg\"><img loading=\"lazy\" decoding=\"async\" width=\"150\" height=\"150\" src=\"https:\/\/atecordoba.org\/wp-content\/uploads\/2021\/09\/WhatsApp-Image-2021-09-14-at-12.26.09-150x150.jpeg\" alt=\"\" data-id=\"28060\" data-full-url=\"https:\/\/atecordoba.org\/wp-content\/uploads\/2021\/09\/WhatsApp-Image-2021-09-14-at-12.26.09.jpeg\" data-link=\"https:\/\/atecordoba.org\/?attachment_id=28060\" class=\"wp-image-28060\" srcset=\"https:\/\/atecordoba.org\/wp-content\/uploads\/2021\/09\/WhatsApp-Image-2021-09-14-at-12.26.09-150x150.jpeg 150w, https:\/\/atecordoba.org\/wp-content\/uploads\/2021\/09\/WhatsApp-Image-2021-09-14-at-12.26.09-560x560.jpeg 560w, https:\/\/atecordoba.org\/wp-content\/uploads\/2021\/09\/WhatsApp-Image-2021-09-14-at-12.26.09-75x75.jpeg 75w, https:\/\/atecordoba.org\/wp-content\/uploads\/2021\/09\/WhatsApp-Image-2021-09-14-at-12.26.09-350x350.jpeg 350w\" sizes=\"auto, (max-width: 150px) 100vw, 150px\" \/><\/a><\/figure><\/li><\/ul><\/figure>\n\n\n\n<p><\/p>\n","protected":false},"excerpt":{"rendered":"<p>Trabajadores y trabajadoras de la salud anunciaron un paro y un abrazo solidario al Hospital Neuropsiqui\u00e1trico. La medida, seg\u00fan informaron, se debe a la grave situaci\u00f3n que atraviesa el sistema de salud provincial y los dispositivos de salud mental. \u201cLas y los trabajadores nos vemos ante la realidad de un sistema de salud desfinanciado y [&hellip;]<\/p>\n","protected":false},"author":7,"featured_media":28053,"comment_status":"open","ping_status":"open","sticky":false,"template":"","format":"standard","meta":{"_exactmetrics_skip_tracking":false,"_exactmetrics_sitenote_active":false,"_exactmetrics_sitenote_note":"","_exactmetrics_sitenote_category":0,"jnews-multi-image_gallery":[],"jnews_single_post":{"subtitle":"La falta de cobertura en las bajas y los d\u00e9ficits de medicamentos para las y los pacientes llevan a la Instituci\u00f3n a una situaci\u00f3n de colapso sin precedentes. ","format":"standard","video":"","gallery":"","source_name":"","source_url":"","via_name":"","via_url":"","override":[{"template":"1","single_blog_custom":"","parallax":"1","fullscreen":"1","layout":"right-sidebar","sidebar":"default-sidebar","second_sidebar":"default-sidebar","sticky_sidebar":"1","share_position":"top","share_float_style":"share-monocrhome","show_share_counter":"1","show_view_counter":"1","show_featured":"1","show_post_meta":"1","show_post_author":"1","show_post_author_image":"1","show_post_date":"1","post_date_format":"default","post_date_format_custom":"Y\/m\/d","show_post_category":"1","post_reading_time_wpm":"300","zoom_button_out_step":"2","zoom_button_in_step":"3","show_post_tag":"1","show_prev_next_post":"1","show_popup_post":"1","number_popup_post":"1"}],"image_override":[{"single_post_thumbnail_size":"crop-500","single_post_gallery_size":"crop-500"}],"trending_post_position":"meta","trending_post_label":"Trending","sponsored_post_label":"Sponsored by","sponsored_post_name":"","sponsored_post_url":"","sponsored_post_logo":"","sponsored_post_desc":""},"jnews_primary_category":{"id":""},"jnews_social_meta":{"fb_title":"","fb_description":"","fb_image":"","twitter_title":"","twitter_description":"","twitter_image":""},"jnews_review":[],"enable_review":"","type":"percentage","name":"","summary":"","brand":"","sku":"","good":[{"good_text":""}],"bad":[{"bad_text":""}],"score_override":"","override_value":"","rating":[{"rating_text":"","rating_number":"10"}],"price":[{"shop":"","price":"","link":"","icon":""}],"jnews_override_counter":{"view_counter_number":"0","share_counter_number":"0","like_counter_number":"0","dislike_counter_number":"0"},"jnews_post_split":{"post_split":[{"template":"1","tag":"h2","numbering":"asc","mode":"normal","toc_type":"normal"}]},"footnotes":""},"categories":[907],"tags":[918],"class_list":["post-28033","post","type-post","status-publish","format-standard","has-post-thumbnail","hentry","category-provinciales-manual-de-delegadxs","tag-hospital-neuropsiquiatrico"],"jetpack_featured_media_url":"https:\/\/atecordoba.org\/wp-content\/uploads\/2021\/09\/WhatsApp-Image-2021-09-14-at-12.25.36-e1631637147390.jpeg","_links":{"self":[{"href":"https:\/\/atecordoba.org\/index.php?rest_route=\/wp\/v2\/posts\/28033","targetHints":{"allow":["GET"]}}],"collection":[{"href":"https:\/\/atecordoba.org\/index.php?rest_route=\/wp\/v2\/posts"}],"about":[{"href":"https:\/\/atecordoba.org\/index.php?rest_route=\/wp\/v2\/types\/post"}],"author":[{"embeddable":true,"href":"https:\/\/atecordoba.org\/index.php?rest_route=\/wp\/v2\/users\/7"}],"replies":[{"embeddable":true,"href":"https:\/\/atecordoba.org\/index.php?rest_route=%2Fwp%2Fv2%2Fcomments&post=28033"}],"version-history":[{"count":9,"href":"https:\/\/atecordoba.org\/index.php?rest_route=\/wp\/v2\/posts\/28033\/revisions"}],"predecessor-version":[{"id":28070,"href":"https:\/\/atecordoba.org\/index.php?rest_route=\/wp\/v2\/posts\/28033\/revisions\/28070"}],"wp:featuredmedia":[{"embeddable":true,"href":"https:\/\/atecordoba.org\/index.php?rest_route=\/wp\/v2\/media\/28053"}],"wp:attachment":[{"href":"https:\/\/atecordoba.org\/index.php?rest_route=%2Fwp%2Fv2%2Fmedia&parent=28033"}],"wp:term":[{"taxonomy":"category","embeddable":true,"href":"https:\/\/atecordoba.org\/index.php?rest_route=%2Fwp%2Fv2%2Fcategories&post=28033"},{"taxonomy":"post_tag","embeddable":true,"href":"https:\/\/atecordoba.org\/index.php?rest_route=%2Fwp%2Fv2%2Ftags&post=28033"}],"curies":[{"name":"wp","href":"https:\/\/api.w.org\/{rel}","templated":true}]}}