{"id":28030,"date":"2021-09-14T09:30:00","date_gmt":"2021-09-14T12:30:00","guid":{"rendered":"https:\/\/atecordoba.org\/?p=28030"},"modified":"2021-09-14T09:30:19","modified_gmt":"2021-09-14T12:30:19","slug":"la-seccional-ate-rio-tercero-recorrio-la-unidad-turistica-embalse","status":"publish","type":"post","link":"https:\/\/atecordoba.org\/?p=28030","title":{"rendered":"La seccional ATE R\u00edo Tercero recorri\u00f3 la Unidad Tur\u00edstica Embalse"},"content":{"rendered":"\n<div class=\"wp-block-image is-style-default\"><figure class=\"alignright size-large is-resized\"><img loading=\"lazy\" decoding=\"async\" src=\"https:\/\/atecordoba.org\/wp-content\/uploads\/2021\/09\/rio-3_unidad-turistica-embalse.jpg\" alt=\"\" class=\"wp-image-28031\" width=\"345\" height=\"399\" \/><\/figure><\/div>\n\n\n\n<p>Una comitiva de la Asociaci\u00f3n Trabajadores del Estado (ATE-CTA) Seccional R\u00edo Tercero, encabezada por Dami\u00e1n Albornoz, secretario General y David Salto, secretario Gremial, realiz\u00f3 una recorrida por la Unidad Tur\u00edstica Embalse, complejo de hoteles que se est\u00e1 refaccionando luego de mucho tiempo de abandono para reactivar el turismo social.<\/p>\n\n\n\n<p>En la oportunidad, Dami\u00e1n Albornoz expres\u00f3 su satisfacci\u00f3n ante la posibilidad de poder hablar \u201ccon los compa\u00f1eros y compa\u00f1eras del alcance paritario 2021 para la Administraci\u00f3n P\u00fablica Nacional. Adem\u00e1s, planteamos una agenda de trabajo para los pr\u00f3ximos 6 meses con principales puntos a resolver, con el objetivo puesto en el paso a planta permanente y seguir recomponiendo el salario\u201d.<\/p>\n\n\n\n<p>Adem\u00e1s, el dirigente anunci\u00f3 la convocatoria a elecci\u00f3n de delegados dentro de los pr\u00f3ximos 30 d\u00edas y el compromiso de seguir construyendo la organizaci\u00f3n gremial en la hist\u00f3rica UTE.<\/p>\n\n\n\n<p>\u201cCelebramos la enorme inversi\u00f3n del Gobierno Nacional para la recuperaci\u00f3n del complejo hotelero en pos de seguir garantizando el turismo social en nuestro pa\u00eds, generando m\u00e1s puestos de trabajo y potenciar la econom\u00eda regional\u201d, dijo Albornoz.<\/p>\n\n\n\n<p>Y concluy\u00f3 se\u00f1alando que \u201ctambi\u00e9n con mucha alegr\u00eda recibimos a 4 nuevos trabajadores de la UTE que se suman a nuestro gremio, seguimos caminando y creciendo\u201d.<\/p>\n","protected":false},"excerpt":{"rendered":"<p>Una comitiva de la Asociaci\u00f3n Trabajadores del Estado (ATE-CTA) Seccional R\u00edo Tercero, encabezada por Dami\u00e1n Albornoz, secretario General y David Salto, secretario Gremial, realiz\u00f3 una recorrida por la Unidad Tur\u00edstica Embalse, complejo de hoteles que se est\u00e1 refaccionando luego de mucho tiempo de abandono para reactivar el turismo social. En la oportunidad, Dami\u00e1n Albornoz expres\u00f3 [&hellip;]<\/p>\n","protected":false},"author":7,"featured_media":28031,"comment_status":"open","ping_status":"open","sticky":false,"template":"","format":"standard","meta":{"_exactmetrics_skip_tracking":false,"_exactmetrics_sitenote_active":false,"_exactmetrics_sitenote_note":"","_exactmetrics_sitenote_category":0,"jnews-multi-image_gallery":[],"jnews_single_post":{"subtitle":"ATE recupera presencia en ese importante centro tur\u00edstico estatal. ","format":"standard","video":"","gallery":"","source_name":"","source_url":"","via_name":"","via_url":"","override":[{"template":"1","single_blog_custom":"","parallax":"1","fullscreen":"1","layout":"right-sidebar","sidebar":"default-sidebar","second_sidebar":"default-sidebar","sticky_sidebar":"1","share_position":"top","share_float_style":"share-monocrhome","show_share_counter":"1","show_view_counter":"1","show_featured":"1","show_post_meta":"1","show_post_author":"1","show_post_author_image":"1","show_post_date":"1","post_date_format":"default","post_date_format_custom":"Y\/m\/d","show_post_category":"1","post_reading_time_wpm":"300","zoom_button_out_step":"2","zoom_button_in_step":"3","show_post_tag":"1","show_prev_next_post":"1","show_popup_post":"1","number_popup_post":"1"}],"image_override":[{"single_post_thumbnail_size":"crop-500","single_post_gallery_size":"crop-500"}],"trending_post_position":"meta","trending_post_label":"Trending","sponsored_post_label":"Sponsored by","sponsored_post_name":"","sponsored_post_url":"","sponsored_post_logo":"","sponsored_post_desc":""},"jnews_primary_category":{"id":""},"jnews_social_meta":{"fb_title":"","fb_description":"","fb_image":"","twitter_title":"","twitter_description":"","twitter_image":""},"jnews_review":[],"enable_review":"","type":"percentage","name":"","summary":"","brand":"","sku":"","good":[{"good_text":""}],"bad":[{"bad_text":""}],"score_override":"","override_value":"","rating":[{"rating_text":"","rating_number":"10"}],"price":[{"shop":"","price":"","link":"","icon":""}],"jnews_override_counter":{"view_counter_number":"0","share_counter_number":"0","like_counter_number":"0","dislike_counter_number":"0"},"jnews_post_split":{"post_split":[{"template":"1","tag":"h2","numbering":"asc","mode":"normal","toc_type":"normal"}]},"footnotes":""},"categories":[18],"tags":[917],"class_list":["post-28030","post","type-post","status-publish","format-standard","has-post-thumbnail","hentry","category-nacionales","tag-unidad-turistica-embalse"],"jetpack_featured_media_url":"https:\/\/atecordoba.org\/wp-content\/uploads\/2021\/09\/rio-3_unidad-turistica-embalse-e1631622586245.jpg","_links":{"self":[{"href":"https:\/\/atecordoba.org\/index.php?rest_route=\/wp\/v2\/posts\/28030","targetHints":{"allow":["GET"]}}],"collection":[{"href":"https:\/\/atecordoba.org\/index.php?rest_route=\/wp\/v2\/posts"}],"about":[{"href":"https:\/\/atecordoba.org\/index.php?rest_route=\/wp\/v2\/types\/post"}],"author":[{"embeddable":true,"href":"https:\/\/atecordoba.org\/index.php?rest_route=\/wp\/v2\/users\/7"}],"replies":[{"embeddable":true,"href":"https:\/\/atecordoba.org\/index.php?rest_route=%2Fwp%2Fv2%2Fcomments&post=28030"}],"version-history":[{"count":1,"href":"https:\/\/atecordoba.org\/index.php?rest_route=\/wp\/v2\/posts\/28030\/revisions"}],"predecessor-version":[{"id":28032,"href":"https:\/\/atecordoba.org\/index.php?rest_route=\/wp\/v2\/posts\/28030\/revisions\/28032"}],"wp:featuredmedia":[{"embeddable":true,"href":"https:\/\/atecordoba.org\/index.php?rest_route=\/wp\/v2\/media\/28031"}],"wp:attachment":[{"href":"https:\/\/atecordoba.org\/index.php?rest_route=%2Fwp%2Fv2%2Fmedia&parent=28030"}],"wp:term":[{"taxonomy":"category","embeddable":true,"href":"https:\/\/atecordoba.org\/index.php?rest_route=%2Fwp%2Fv2%2Fcategories&post=28030"},{"taxonomy":"post_tag","embeddable":true,"href":"https:\/\/atecordoba.org\/index.php?rest_route=%2Fwp%2Fv2%2Ftags&post=28030"}],"curies":[{"name":"wp","href":"https:\/\/api.w.org\/{rel}","templated":true}]}}