{"id":28027,"date":"2021-09-14T09:14:24","date_gmt":"2021-09-14T12:14:24","guid":{"rendered":"https:\/\/atecordoba.org\/?p=28027"},"modified":"2021-09-14T09:15:33","modified_gmt":"2021-09-14T12:15:33","slug":"charla-de-daniel-parcero-a-66-anos-de-la-revolucion-fusiladora","status":"publish","type":"post","link":"https:\/\/atecordoba.org\/?p=28027","title":{"rendered":"Charla de Daniel Parcero a 66 a\u00f1os de la \u201cRevoluci\u00f3n Fusiladora\u201d"},"content":{"rendered":"\n<div class=\"wp-block-image is-style-default\"><figure class=\"aligncenter size-large is-resized\"><img loading=\"lazy\" decoding=\"async\" src=\"https:\/\/atecordoba.org\/wp-content\/uploads\/2021\/09\/charla_fusiladora_rio-4-1024x1024.jpg\" alt=\"\" class=\"wp-image-28028\" width=\"768\" height=\"768\" \/><\/figure><\/div>\n\n\n\n<p>El Departamento de Derechos Humanos \u201cIrma Laciar de Carrica\u201d de la Asociaci\u00f3n Trabajadores del Estado (ATE-CTA) Seccional R\u00edo Cuarto, organiza ma\u00f1ana 15 de septiembre de las 18 horas v\u00eda Zoom una charla-debate a cargo del historiador Daniel Parcero sobre el Golpe Contrarevolucionario de 1955.<\/p>\n\n\n\n<p>El 16 de septiembre de 1955, la oligarqu\u00eda asesta su golpe de gracia al Gobierno Popular de Juan Domingo Per\u00f3n, frustrando la expresi\u00f3n del m\u00e1s alto nivel de conciencia y organizaci\u00f3n alcanzado por la clase trabajadora argentina.<\/p>\n\n\n\n<p>El Conversatorio se realizar\u00e1 bajo el lema \u201c\u00bfPor que los bombardeos a plaza de Mayo del 55\u2032?\u201d. La convocatoria reza lo siguiente: \u201cEsta charla-debate apunta a cuestionar el accionar tan sanguinario de la oligarqu\u00eda argentina, pero apuntamos tambi\u00e9n a entender el contexto pol\u00edtico y social de aquellos a\u00f1os\u201d.<\/p>\n\n\n\n<p><strong>Expositor<\/strong>: Daniel Parcero compa\u00f1ero periodista, escritor e historiador de ATE.<\/p>\n\n\n\n<p><strong>Fecha:<\/strong>&nbsp;Mi\u00e9rcoles 15 de septiembre a las 18 horas por Zoom.<\/p>\n\n\n\n<p><strong>Organiza:<\/strong>&nbsp;Departamento de Derechos Humanos \u201cIrma Laciar de Carrica\u201d.&nbsp;ATE Seccional R\u00edo Cuarto.&nbsp;CTA Aut\u00f3noma Regional R\u00edo Cuarto.<\/p>\n","protected":false},"excerpt":{"rendered":"<p>El Departamento de Derechos Humanos \u201cIrma Laciar de Carrica\u201d de la Asociaci\u00f3n Trabajadores del Estado (ATE-CTA) Seccional R\u00edo Cuarto, organiza ma\u00f1ana 15 de septiembre de las 18 horas v\u00eda Zoom una charla-debate a cargo del historiador Daniel Parcero sobre el Golpe Contrarevolucionario de 1955. El 16 de septiembre de 1955, la oligarqu\u00eda asesta su golpe [&hellip;]<\/p>\n","protected":false},"author":7,"featured_media":28028,"comment_status":"open","ping_status":"open","sticky":false,"template":"","format":"standard","meta":{"_exactmetrics_skip_tracking":false,"_exactmetrics_sitenote_active":false,"_exactmetrics_sitenote_note":"","_exactmetrics_sitenote_category":0,"jnews-multi-image_gallery":[],"jnews_single_post":{"subtitle":"No olvidar la historia de los bombardeos a la Plaza de Mayo.","format":"standard","video":"","gallery":"","source_name":"","source_url":"","via_name":"","via_url":"","override":[{"template":"1","single_blog_custom":"","parallax":"1","fullscreen":"1","layout":"right-sidebar","sidebar":"default-sidebar","second_sidebar":"default-sidebar","sticky_sidebar":"1","share_position":"top","share_float_style":"share-monocrhome","show_share_counter":"1","show_view_counter":"1","show_featured":"1","show_post_meta":"1","show_post_author":"1","show_post_author_image":"1","show_post_date":"1","post_date_format":"default","post_date_format_custom":"Y\/m\/d","show_post_category":"1","post_reading_time_wpm":"300","zoom_button_out_step":"2","zoom_button_in_step":"3","show_post_tag":"1","show_prev_next_post":"1","show_popup_post":"1","number_popup_post":"1"}],"image_override":[{"single_post_thumbnail_size":"crop-500","single_post_gallery_size":"crop-500"}],"trending_post_position":"meta","trending_post_label":"Trending","sponsored_post_label":"Sponsored by","sponsored_post_name":"","sponsored_post_url":"","sponsored_post_logo":"","sponsored_post_desc":""},"jnews_primary_category":{"id":""},"jnews_social_meta":{"fb_title":"","fb_description":"","fb_image":"","twitter_title":"","twitter_description":"","twitter_image":""},"jnews_review":[],"enable_review":"","type":"percentage","name":"","summary":"","brand":"","sku":"","good":[{"good_text":""}],"bad":[{"bad_text":""}],"score_override":"","override_value":"","rating":[{"rating_text":"","rating_number":"10"}],"price":[{"shop":"","price":"","link":"","icon":""}],"jnews_override_counter":{"view_counter_number":"0","share_counter_number":"0","like_counter_number":"0","dislike_counter_number":"0"},"jnews_post_split":{"post_split":[{"template":"1","tag":"h2","numbering":"asc","mode":"normal","toc_type":"normal"}]},"footnotes":""},"categories":[12],"tags":[916,914,913],"class_list":["post-28027","post","type-post","status-publish","format-standard","has-post-thumbnail","hentry","category-rio-cuarto","tag-daniel-parcero","tag-golpe-de-estado-1955","tag-historia"],"jetpack_featured_media_url":"https:\/\/atecordoba.org\/wp-content\/uploads\/2021\/09\/charla_fusiladora_rio-4-e1631621649534.jpg","_links":{"self":[{"href":"https:\/\/atecordoba.org\/index.php?rest_route=\/wp\/v2\/posts\/28027","targetHints":{"allow":["GET"]}}],"collection":[{"href":"https:\/\/atecordoba.org\/index.php?rest_route=\/wp\/v2\/posts"}],"about":[{"href":"https:\/\/atecordoba.org\/index.php?rest_route=\/wp\/v2\/types\/post"}],"author":[{"embeddable":true,"href":"https:\/\/atecordoba.org\/index.php?rest_route=\/wp\/v2\/users\/7"}],"replies":[{"embeddable":true,"href":"https:\/\/atecordoba.org\/index.php?rest_route=%2Fwp%2Fv2%2Fcomments&post=28027"}],"version-history":[{"count":1,"href":"https:\/\/atecordoba.org\/index.php?rest_route=\/wp\/v2\/posts\/28027\/revisions"}],"predecessor-version":[{"id":28029,"href":"https:\/\/atecordoba.org\/index.php?rest_route=\/wp\/v2\/posts\/28027\/revisions\/28029"}],"wp:featuredmedia":[{"embeddable":true,"href":"https:\/\/atecordoba.org\/index.php?rest_route=\/wp\/v2\/media\/28028"}],"wp:attachment":[{"href":"https:\/\/atecordoba.org\/index.php?rest_route=%2Fwp%2Fv2%2Fmedia&parent=28027"}],"wp:term":[{"taxonomy":"category","embeddable":true,"href":"https:\/\/atecordoba.org\/index.php?rest_route=%2Fwp%2Fv2%2Fcategories&post=28027"},{"taxonomy":"post_tag","embeddable":true,"href":"https:\/\/atecordoba.org\/index.php?rest_route=%2Fwp%2Fv2%2Ftags&post=28027"}],"curies":[{"name":"wp","href":"https:\/\/api.w.org\/{rel}","templated":true}]}}