{"id":28022,"date":"2021-09-14T09:06:49","date_gmt":"2021-09-14T12:06:49","guid":{"rendered":"https:\/\/atecordoba.org\/?p=28022"},"modified":"2021-09-14T09:08:44","modified_gmt":"2021-09-14T12:08:44","slug":"lanzan-equipo-de-capacitacion-del-departamento-de-discapacidad-de-ate-cordoba","status":"publish","type":"post","link":"https:\/\/atecordoba.org\/?p=28022","title":{"rendered":"Lanzan Equipo de Capacitaci\u00f3n del Departamento de Discapacidad de ATE C\u00f3rdoba"},"content":{"rendered":"\n<div class=\"wp-block-image is-style-default\"><figure class=\"aligncenter size-large is-resized\"><img loading=\"lazy\" decoding=\"async\" src=\"https:\/\/atecordoba.org\/wp-content\/uploads\/2021\/09\/discapacidad_capacitacion.jpg\" alt=\"\" class=\"wp-image-28023\" width=\"751\" height=\"489\" \/><\/figure><\/div>\n\n\n\n<p>Este martes 14 de septiembre a las 19 horas, se producir\u00e1 el lanzamiento del Equipo de Capacitaci\u00f3n del Departamento de Discapacidad de la Asociaci\u00f3n Trabajadores del Estado (ATE-CTA) C\u00f3rdoba que encabeza el compa\u00f1ero Franco Orsato.<\/p>\n\n\n\n<h3 class=\"wp-block-heading\">La convocatoria<\/h3>\n\n\n\n<p>*Lanzamiento del Equipo de Capacitaci\u00f3n del Departamento de Discapacidad de ATE C\u00f3rdoba.<\/p>\n\n\n\n<p>*Martes 14 de septiembre-19 horas.<\/p>\n\n\n\n<p>*Seguilo en vivo por FM GEN 107.5 (C\u00f3rdoba Capital) y en vivo por las redes sociales de ATE C\u00f3rdoba.<\/p>\n\n\n\n<p><strong>*<\/strong>Link:&nbsp;<a rel=\"noreferrer noopener\" href=\"https:\/\/us02web.zoom.us\/j\/87473414963?pwd=TFdHeHNiRi96SGFiS0RzQis0Q2c0Zz09\" target=\"_blank\">https:\/\/us02web.zoom.us\/j\/87473414963?pwd=TFdHeHNiRi96SGFiS0RzQis0Q2c0Zz09<\/a><\/p>\n\n\n\n<p>ID de reuni\u00f3n: 874 7341 4963 <\/p>\n\n\n\n<p>C\u00f3digo de acceso: ATE21<a rel=\"noreferrer noopener\" href=\"http:\/\/ctaacordoba.org\/#facebook\" target=\"_blank\">Facebook<\/a><a rel=\"noreferrer noopener\" href=\"http:\/\/ctaacordoba.org\/#twitter\" target=\"_blank\">Twitter<\/a><a rel=\"noreferrer noopener\" href=\"http:\/\/ctaacordoba.org\/#whatsapp\" target=\"_blank\">WhatsApp<\/a><\/p>\n","protected":false},"excerpt":{"rendered":"<p>Este martes 14 de septiembre a las 19 horas, se producir\u00e1 el lanzamiento del Equipo de Capacitaci\u00f3n del Departamento de Discapacidad de la Asociaci\u00f3n Trabajadores del Estado (ATE-CTA) C\u00f3rdoba que encabeza el compa\u00f1ero Franco Orsato. La convocatoria *Lanzamiento del Equipo de Capacitaci\u00f3n del Departamento de Discapacidad de ATE C\u00f3rdoba. *Martes 14 de septiembre-19 horas. *Seguilo [&hellip;]<\/p>\n","protected":false},"author":7,"featured_media":28023,"comment_status":"open","ping_status":"open","sticky":false,"template":"","format":"standard","meta":{"_exactmetrics_skip_tracking":false,"_exactmetrics_sitenote_active":false,"_exactmetrics_sitenote_note":"","_exactmetrics_sitenote_category":0,"jnews-multi-image_gallery":[],"jnews_single_post":{"subtitle":"Lanzamiento de la formaci\u00f3n virtual hoy por radio GENFM 107.5 y redes sociales. ","format":"standard","video":"","gallery":"","source_name":"","source_url":"","via_name":"","via_url":"","override":[{"template":"1","single_blog_custom":"","parallax":"1","fullscreen":"1","layout":"right-sidebar","sidebar":"default-sidebar","second_sidebar":"default-sidebar","sticky_sidebar":"1","share_position":"top","share_float_style":"share-monocrhome","show_share_counter":"1","show_view_counter":"1","show_featured":"1","show_post_meta":"1","show_post_author":"1","show_post_author_image":"1","show_post_date":"1","post_date_format":"default","post_date_format_custom":"Y\/m\/d","show_post_category":"1","post_reading_time_wpm":"300","zoom_button_out_step":"2","zoom_button_in_step":"3","show_post_tag":"1","show_prev_next_post":"1","show_popup_post":"1","number_popup_post":"1"}],"image_override":[{"single_post_thumbnail_size":"crop-500","single_post_gallery_size":"crop-500"}],"trending_post_position":"meta","trending_post_label":"Trending","sponsored_post_label":"Sponsored by","sponsored_post_name":"","sponsored_post_url":"","sponsored_post_logo":"","sponsored_post_desc":""},"jnews_primary_category":{"id":""},"jnews_social_meta":{"fb_title":"","fb_description":"","fb_image":"","twitter_title":"","twitter_description":"","twitter_image":""},"jnews_review":[],"enable_review":"","type":"percentage","name":"","summary":"","brand":"","sku":"","good":[{"good_text":""}],"bad":[{"bad_text":""}],"score_override":"","override_value":"","rating":[{"rating_text":"","rating_number":"10"}],"price":[{"shop":"","price":"","link":"","icon":""}],"jnews_override_counter":{"view_counter_number":"0","share_counter_number":"0","like_counter_number":"0","dislike_counter_number":"0"},"jnews_post_split":{"post_split":[{"template":"1","tag":"h2","numbering":"asc","mode":"normal","toc_type":"normal"}]},"footnotes":""},"categories":[625],"tags":[912],"class_list":["post-28022","post","type-post","status-publish","format-standard","has-post-thumbnail","hentry","category-discapacidad","tag-formacion-2"],"jetpack_featured_media_url":"https:\/\/atecordoba.org\/wp-content\/uploads\/2021\/09\/discapacidad_capacitacion-e1631621196134.jpg","_links":{"self":[{"href":"https:\/\/atecordoba.org\/index.php?rest_route=\/wp\/v2\/posts\/28022","targetHints":{"allow":["GET"]}}],"collection":[{"href":"https:\/\/atecordoba.org\/index.php?rest_route=\/wp\/v2\/posts"}],"about":[{"href":"https:\/\/atecordoba.org\/index.php?rest_route=\/wp\/v2\/types\/post"}],"author":[{"embeddable":true,"href":"https:\/\/atecordoba.org\/index.php?rest_route=\/wp\/v2\/users\/7"}],"replies":[{"embeddable":true,"href":"https:\/\/atecordoba.org\/index.php?rest_route=%2Fwp%2Fv2%2Fcomments&post=28022"}],"version-history":[{"count":2,"href":"https:\/\/atecordoba.org\/index.php?rest_route=\/wp\/v2\/posts\/28022\/revisions"}],"predecessor-version":[{"id":28025,"href":"https:\/\/atecordoba.org\/index.php?rest_route=\/wp\/v2\/posts\/28022\/revisions\/28025"}],"wp:featuredmedia":[{"embeddable":true,"href":"https:\/\/atecordoba.org\/index.php?rest_route=\/wp\/v2\/media\/28023"}],"wp:attachment":[{"href":"https:\/\/atecordoba.org\/index.php?rest_route=%2Fwp%2Fv2%2Fmedia&parent=28022"}],"wp:term":[{"taxonomy":"category","embeddable":true,"href":"https:\/\/atecordoba.org\/index.php?rest_route=%2Fwp%2Fv2%2Fcategories&post=28022"},{"taxonomy":"post_tag","embeddable":true,"href":"https:\/\/atecordoba.org\/index.php?rest_route=%2Fwp%2Fv2%2Ftags&post=28022"}],"curies":[{"name":"wp","href":"https:\/\/api.w.org\/{rel}","templated":true}]}}