{"id":28009,"date":"2021-09-10T14:32:16","date_gmt":"2021-09-10T17:32:16","guid":{"rendered":"https:\/\/atecordoba.org\/?p=28009"},"modified":"2021-09-10T14:34:09","modified_gmt":"2021-09-10T17:34:09","slug":"se-realizo-el-segundo-encuentro-del-ciclo-de-charlas-pensamiento-estrategico-para-la-defensa-nacional-y-la-soberania-popular","status":"publish","type":"post","link":"https:\/\/atecordoba.org\/?p=28009","title":{"rendered":"Se realiz\u00f3 el segundo encuentro del ciclo de charlas \u201cPensamiento Estrat\u00e9gico para la Defensa Nacional y la Soberan\u00eda Popular&#8221;"},"content":{"rendered":"\n<div class=\"wp-block-image is-style-default\"><figure class=\"aligncenter size-large is-resized\"><img loading=\"lazy\" decoding=\"async\" src=\"https:\/\/atecordoba.org\/wp-content\/uploads\/2021\/09\/241717081_10159512600549805_8881917550012649037_n.jpg\" alt=\"\" class=\"wp-image-28010\" width=\"720\" height=\"405\" srcset=\"https:\/\/atecordoba.org\/wp-content\/uploads\/2021\/09\/241717081_10159512600549805_8881917550012649037_n.jpg 960w, https:\/\/atecordoba.org\/wp-content\/uploads\/2021\/09\/241717081_10159512600549805_8881917550012649037_n-300x169.jpg 300w, https:\/\/atecordoba.org\/wp-content\/uploads\/2021\/09\/241717081_10159512600549805_8881917550012649037_n-768x432.jpg 768w, https:\/\/atecordoba.org\/wp-content\/uploads\/2021\/09\/241717081_10159512600549805_8881917550012649037_n-750x422.jpg 750w\" sizes=\"auto, (max-width: 720px) 100vw, 720px\" \/><\/figure><\/div>\n\n\n\n<p>Tal como estaba programado, se llev\u00f3 a cabo ayer la segunda edici\u00f3n de las charlas denominadas &#8220;Pensamiento estrat\u00e9gico para la defensa nocional y loa soberan\u00eda popular&#8221;, que organiza el Consejo Directivo Provincial ( CDP), coordinada por el secretario General de  ATE C\u00f3rdoba, Federico Giuliani, con la modalidad mixta de participaci\u00f3n en el sal\u00f3n H\u00e9ctor &#8216;la perra&#8217; Castro, de la sede de ATE, y v\u00eda virtual por las redes sociales del CDP. <\/p>\n\n\n\n<p>En la oportunidad, disertaron Claudio Cueroborga, trabajador y delegado de ATE en Dioxitek , Ivana Alejandra Pugranichnz, trabajadora despedida de la F\u00e1brica Argentina de Aviones FADEA y Walter Garc\u00eda, trabajador de la Central Nuclear Embalse.<\/p>\n\n\n\n<div class=\"wp-block-image is-style-default\"><figure class=\"alignright size-large is-resized\"><img loading=\"lazy\" decoding=\"async\" src=\"https:\/\/atecordoba.org\/wp-content\/uploads\/2021\/09\/241690534_10159512601199805_7922033754203578025_n.jpg\" alt=\"\" class=\"wp-image-28011\" width=\"524\" height=\"296\" \/><\/figure><\/div>\n\n\n\n<p>Se destac\u00f3 la presencia entre los oyentes de las y los compa\u00f1eros Juan Baz\u00e1n, secretario Gremial de la ATE R\u00edo Tercero, Javier Bracamonte, paritario nacional de Cymat, C\u00e9sar Theaux, trabajador del Ministerio de Trabajo de la Naci\u00f3n y secretario de Formaci\u00f3n del CDP, Dami\u00e1n Albornoz, secretario General de ATE R\u00edo Tercero, Agustin Bertone del equipo de nacionales del CDP y trabajador de ANAC, Julia Giuliani, secretaria de Prensa del CDP, Gabriela Alcoba, del Departamento de G\u00e9nero del CDP, Rafaela Alcoba, secretaria General de ATE R\u00edo Cuarto y Dar\u00edo Paredes, de ATE San Francisco, entre otros.<\/p>\n\n\n\n<p><strong>Introducci\u00f3n<\/strong><\/p>\n\n\n\n<p>A la hora de presentar la charla, Federico Giuliani resalt\u00f3 que este segundo encuentro impulsa &#8220;una mirada de las y los trabajadores, quienes hacemos al Estado todos los d\u00edas, porque entendemos que no solo sabemos que est\u00e1 bien o mal hecho, sino que tambi\u00e9n tenemos la propuesta para mejorar el funcionamiento de nuestros organismos y sectores de trabajo, apuntando a un proyecto de liberaci\u00f3n nacional&#8221;.<\/p>\n\n\n\n<p>&#8220;Entendemos que este pensamiento estrat\u00e9gico debe servir para reagrupar al campo popular, que hoy de manera dispersa da la pelea desde distintos planos, con la clara consigna de la defensa nacional. En ese sentido, lo hacemos en el coraz\u00f3n de la patria que se fue industrializando como resultado de las pol\u00edticas p\u00fablicas que tuvo el Estado nacional, siendo la F\u00e1brica Argentina de Aviones su piedra basal, que tuvo que ver con la creaci\u00f3n de Fabricaciones Militares en distintos puntos de la provincia, incluso aquel viejo taller regional de reparaci\u00f3n de aviones que hoy es el \u00c1rea Material R\u00edo Cuarto, m\u00e1s cercano a nuestro tiempo tuvo que ver con la creaci\u00f3n de la Central Nuclear y Dioxitek y la instalaci\u00f3n de distintos organismos que, entendemos, producen para la defensa nacional&#8221;, anunci\u00f3 Giuliani.<\/p>\n\n\n\n<p>Para el dirigente &#8220;la soberan\u00eda nacional que va de la mano de soberan\u00eda popular, en el sentido de la construcci\u00f3n de poder popular. Los funcionarios pasan, los gobiernos duran 4 a\u00f1os, pero hoy la agenda p\u00fablica la siguen marcando los poderes concentrados de la econom\u00eda hegem\u00f3nica de nuestra Argentina. Por eso es importante que este debate junte a las y los compa\u00f1eros a hacer el diagn\u00f3stico, generar la propuesta, pero despu\u00e9s accionar. No hay un proyecto de liberaci\u00f3n nacional, con la clase trabajadora en la cabeza, sin enfrentamiento. Ah\u00ed podremos gana, empatar o perder, pero siempre con la claridad del concepto que \u2018la \u00fanica lucha que se pierde es la que se abandona\u201d.<\/p>\n\n\n\n<div class=\"wp-block-image is-style-default\"><figure class=\"alignleft size-large is-resized\"><img loading=\"lazy\" decoding=\"async\" src=\"https:\/\/atecordoba.org\/wp-content\/uploads\/2021\/09\/241500198_10159512600869805_425544050639696669_n.jpg\" alt=\"\" class=\"wp-image-28012\" width=\"560\" height=\"315\" srcset=\"https:\/\/atecordoba.org\/wp-content\/uploads\/2021\/09\/241500198_10159512600869805_425544050639696669_n.jpg 960w, https:\/\/atecordoba.org\/wp-content\/uploads\/2021\/09\/241500198_10159512600869805_425544050639696669_n-300x169.jpg 300w, https:\/\/atecordoba.org\/wp-content\/uploads\/2021\/09\/241500198_10159512600869805_425544050639696669_n-768x432.jpg 768w, https:\/\/atecordoba.org\/wp-content\/uploads\/2021\/09\/241500198_10159512600869805_425544050639696669_n-750x422.jpg 750w\" sizes=\"auto, (max-width: 560px) 100vw, 560px\" \/><\/figure><\/div>\n\n\n\n<p><strong>Expositores<\/strong><\/p>\n\n\n\n<p>Seguidamente, Giuliani present\u00f3 al delegado de Dioxitek Claudio Cueroborga, quien utiliz\u00f3 su tiemspo para describir la situaci\u00f3n que atraviesa la f\u00e1brica de uranio de Alta C\u00f3rdoba. <\/p>\n\n\n\n<p>&#8220;En Dioxitek vivimos padeciendo los cambios pol\u00edticos nacionales, provinciales y municipales. Tambi\u00e9n dependemos de las negociaciones con otros pa\u00edses para la compra de materia prima, teniendo en nuestro territorio grandes yacimientos de para extraer y no depender de otros pa\u00edses, con lo que en ese proceso se generar\u00edan muchas fuentes de trabajo&#8221;, arranc\u00f3 contando el delegado.<\/p>\n\n\n\n<p>Y consider\u00f3 que &#8220;no podemos hablar de soberan\u00eda si las f\u00e1bricas si en la cadena de producci\u00f3n de energ\u00eda son SA, tenemos que exigir que esas empresas sean totalmente estatales. Frente al desarrollo de la planta productora de Dioxitek en Formosa, todo el personal de la f\u00e1brica en C\u00f3rdoba estamos sufriendo la duda sobre qu\u00e9 suceder\u00e1 con nuestro puesto de trabajo. No hay respuestas en toda la estructura de conducci\u00f3n de la empresa&#8221;.<\/p>\n\n\n\n<p>Posteriormente fue el turno de la integrante de la CORREDMA Ivana Pugranichnz, despedida de la F\u00e1brica Argentina de Aviones FADEA. La compa\u00f1era hizo uan detallada descripci\u00f3n del recorrido hist\u00f3rico del complejo fabril de la Ruta 20. <\/p>\n\n\n\n<p>&#8220;Hace 94 a\u00f1os se funda la F\u00e1brica de Aviones. En 1949 se suma la f\u00e1brica de paraca\u00eddas y en 1951 nace la fusi\u00f3n de esas estructuras en la Empresa Industrial Aeron\u00e1utica Mec\u00e1nica del Estado (IAME). En 1967, con la dictadura c\u00edvico-militar de Ongania la empresa pasa a ser el \u00c1rea Material C\u00f3rdoba. Ya en 1995 se privatiza y la compra Lockheed Martin. En 2009 el Congreso autoriz\u00f3 al Poder Ejecutivo a comprar las acciones de la Lockheed, para reestatizar la f\u00e1brica. En 2011 la ya Fadea firma un convenio con la brasilera Embraer, y durante el macrismo la f\u00e1brica perdi\u00f3 su capital m\u00e1s preciado: la mano de obra especializada con a\u00f1os de servicio y amplia experiencia. De una planta que contaba con 1600 empleados, actualmente funciona con menos de la mitad&#8221;, enumer\u00f3 Pugranichnz.<\/p>\n\n\n\n<p>Y denunci\u00f3 &#8220;la industria aeron\u00e1utica se fue dejando de lado por completo, pasando a ser un lugar de mantenimiento y no una f\u00e1brica de aviones. Hoy el directorio de la empresa sigue sin aprovechar la enorme infraestructura y y se niega a reincorporar a las y los despedidos del macrismo&#8221;.<\/p>\n\n\n\n<div class=\"wp-block-image is-style-default\"><figure class=\"alignright size-large is-resized\"><img loading=\"lazy\" decoding=\"async\" src=\"https:\/\/atecordoba.org\/wp-content\/uploads\/2021\/09\/241754445_10159512600939805_8216430382941326289_n.jpg\" alt=\"\" class=\"wp-image-28013\" width=\"555\" height=\"312\" srcset=\"https:\/\/atecordoba.org\/wp-content\/uploads\/2021\/09\/241754445_10159512600939805_8216430382941326289_n.jpg 960w, https:\/\/atecordoba.org\/wp-content\/uploads\/2021\/09\/241754445_10159512600939805_8216430382941326289_n-300x169.jpg 300w, https:\/\/atecordoba.org\/wp-content\/uploads\/2021\/09\/241754445_10159512600939805_8216430382941326289_n-768x432.jpg 768w, https:\/\/atecordoba.org\/wp-content\/uploads\/2021\/09\/241754445_10159512600939805_8216430382941326289_n-750x422.jpg 750w\" sizes=\"auto, (max-width: 555px) 100vw, 555px\" \/><\/figure><\/div>\n\n\n\n<p>Por eso la trabajadora concluy\u00f3 que &#8220;contar con una fabrica de aviones significa un enorme aporte a la soberan\u00eda nacional que necesita un plan concreto de inversi\u00f3n y puesta en marcha de nuevos proyectos. La mano de obra calificada est\u00e1, pero hoy en d\u00eda hay sectores como paraca\u00eddas y tapicer\u00eda que pr\u00e1cticamente no funcionan. De tanto esplendor hoy solo quedan sombras&#8221;.<\/p>\n\n\n\n<p>Por \u00faltimo tom\u00f3 la palabra el expositor Walter Garc\u00eda, de la Central Nuclear Embalse e integrante de la comisi\u00f3n directiva de la seccional ATE R\u00edo Tercero. <\/p>\n\n\n\n<p>Garc\u00eda dijo que pertenece a NA-SA (Nucleoel\u00e9ctrica Argentina Sociedad An\u00f3nima) encargada de la generaci\u00f3n de energ\u00eda el\u00e9ctrica en Atucha I, Atucha II y Embalse. Aportando un cuota de optimismo al panorama general, relat\u00f3 que &#8220;hace poco la Direcci\u00f3n nos dio el plan de acci\u00f3n que gener\u00f3 mucho optimismo por los objetivos que se propone. En mantenimiento de las tres plantas est\u00e1 en plena ejecuci\u00f3n y Atucha I va a tener una extensi\u00f3n de su vida \u00fatil de 20 a\u00f1os m\u00e1s. En Atucha II se va a hacer un sistema de almacenamiento en seco, porque ahora todos los combustibles quemados quedan en dep\u00f3sito en una pileta y posteriormente va a un silo en seco en Embalse. Osea, que est\u00e1 el mantenimiento de lo que est\u00e1 y su mejoramiento&#8221;.<\/p>\n\n\n\n<p>Por otro lado, Garc\u00eda se\u00f1al\u00f3 que &#8220;se retoma el proyecto con China de una central de 120 megawatios de aporte al sistema el\u00e9ctrico nocional, Atucha III, que estar\u00e1 al lado de Atucha II, con una tecnolog\u00eda nueva que no tenemos actualmente en el pa\u00eds. En el contrato se est\u00e1 negociando para la transferencia de la tecnolog\u00eda que no permitir\u00e1 hacer nuestro propio combustible y componentes para la central. Es una obra que estar\u00edamos en condiciones d comenzar a ejecutarla el a\u00f1o que viene, para terminarla en 2028&#8221;.<\/p>\n\n\n\n<p>Y termin\u00f3 acotando que &#8220;est\u00e1 el proyecto de construir una central nuclear, con tecnolog\u00eda totalmente nacional. Con la extensi\u00f3n de vida de Embalse ya se empezar\u00edan a realizar los componentes para esta quinta central. Solo Atucha III generar\u00e1 7 mil puestos de trabajo de manera directa e indirecta&#8221;.<\/p>\n\n\n\n<p>Seguidamente se gener\u00f3 un rico intercambio de3 preguntas y respuestas de los presentes que puede mirarse en profundidad ingresando <a href=\"https:\/\/www.facebook.com\/atecba\/videos\/1277428319354231\">aqu\u00ed<\/a>. <\/p>\n\n\n\n<p><\/p>\n","protected":false},"excerpt":{"rendered":"<p>Tal como estaba programado, se llev\u00f3 a cabo ayer la segunda edici\u00f3n de las charlas denominadas &#8220;Pensamiento estrat\u00e9gico para la defensa nocional y loa soberan\u00eda popular&#8221;, que organiza el Consejo Directivo Provincial ( CDP), coordinada por el secretario General de ATE C\u00f3rdoba, Federico Giuliani, con la modalidad mixta de participaci\u00f3n en el sal\u00f3n H\u00e9ctor &#8216;la [&hellip;]<\/p>\n","protected":false},"author":7,"featured_media":28011,"comment_status":"open","ping_status":"open","sticky":false,"template":"","format":"standard","meta":{"_exactmetrics_skip_tracking":false,"_exactmetrics_sitenote_active":false,"_exactmetrics_sitenote_note":"","_exactmetrics_sitenote_category":0,"jnews-multi-image_gallery":[],"jnews_single_post":{"subtitle":"Compa\u00f1eras y compa\u00f1eros de FADEA, Dioxitek y la Central Nuclear de Embalse dieron una perspectiva de la situaci\u00f3n de sus sectores.","format":"standard","video":"","gallery":"","source_name":"","source_url":"","via_name":"","via_url":"","override":[{"template":"1","single_blog_custom":"","parallax":"1","fullscreen":"1","layout":"right-sidebar","sidebar":"default-sidebar","second_sidebar":"default-sidebar","sticky_sidebar":"1","share_position":"top","share_float_style":"share-monocrhome","show_share_counter":"1","show_view_counter":"1","show_featured":"1","show_post_meta":"1","show_post_author":"1","show_post_author_image":"1","show_post_date":"1","post_date_format":"default","post_date_format_custom":"Y\/m\/d","show_post_category":"1","post_reading_time_wpm":"300","zoom_button_out_step":"2","zoom_button_in_step":"3","show_post_tag":"1","show_prev_next_post":"1","show_popup_post":"1","number_popup_post":"1"}],"image_override":[{"single_post_thumbnail_size":"crop-500","single_post_gallery_size":"crop-500"}],"trending_post_position":"meta","trending_post_label":"Trending","sponsored_post_label":"Sponsored by","sponsored_post_name":"","sponsored_post_url":"","sponsored_post_logo":"","sponsored_post_desc":""},"jnews_primary_category":{"id":""},"jnews_social_meta":{"fb_title":"","fb_description":"","fb_image":"","twitter_title":"","twitter_description":"","twitter_image":""},"jnews_review":[],"enable_review":"","type":"percentage","name":"","summary":"","brand":"","sku":"","good":[{"good_text":""}],"bad":[{"bad_text":""}],"score_override":"","override_value":"","rating":[{"rating_text":"","rating_number":"10"}],"price":[{"shop":"","price":"","link":"","icon":""}],"jnews_override_counter":{"view_counter_number":"0","share_counter_number":"0","like_counter_number":"0","dislike_counter_number":"0"},"jnews_post_split":{"post_split":[{"template":"1","tag":"h2","numbering":"asc","mode":"normal","toc_type":"normal"}]},"footnotes":""},"categories":[10],"tags":[911],"class_list":["post-28009","post","type-post","status-publish","format-standard","has-post-thumbnail","hentry","category-accion-politica","tag-pensamiento-estrategico-para-la-defensa-nacional-y-la-soberania-popular"],"jetpack_featured_media_url":"https:\/\/atecordoba.org\/wp-content\/uploads\/2021\/09\/241690534_10159512601199805_7922033754203578025_n-e1631295125708.jpg","_links":{"self":[{"href":"https:\/\/atecordoba.org\/index.php?rest_route=\/wp\/v2\/posts\/28009","targetHints":{"allow":["GET"]}}],"collection":[{"href":"https:\/\/atecordoba.org\/index.php?rest_route=\/wp\/v2\/posts"}],"about":[{"href":"https:\/\/atecordoba.org\/index.php?rest_route=\/wp\/v2\/types\/post"}],"author":[{"embeddable":true,"href":"https:\/\/atecordoba.org\/index.php?rest_route=\/wp\/v2\/users\/7"}],"replies":[{"embeddable":true,"href":"https:\/\/atecordoba.org\/index.php?rest_route=%2Fwp%2Fv2%2Fcomments&post=28009"}],"version-history":[{"count":1,"href":"https:\/\/atecordoba.org\/index.php?rest_route=\/wp\/v2\/posts\/28009\/revisions"}],"predecessor-version":[{"id":28014,"href":"https:\/\/atecordoba.org\/index.php?rest_route=\/wp\/v2\/posts\/28009\/revisions\/28014"}],"wp:featuredmedia":[{"embeddable":true,"href":"https:\/\/atecordoba.org\/index.php?rest_route=\/wp\/v2\/media\/28011"}],"wp:attachment":[{"href":"https:\/\/atecordoba.org\/index.php?rest_route=%2Fwp%2Fv2%2Fmedia&parent=28009"}],"wp:term":[{"taxonomy":"category","embeddable":true,"href":"https:\/\/atecordoba.org\/index.php?rest_route=%2Fwp%2Fv2%2Fcategories&post=28009"},{"taxonomy":"post_tag","embeddable":true,"href":"https:\/\/atecordoba.org\/index.php?rest_route=%2Fwp%2Fv2%2Ftags&post=28009"}],"curies":[{"name":"wp","href":"https:\/\/api.w.org\/{rel}","templated":true}]}}