{"id":28003,"date":"2021-09-10T10:17:26","date_gmt":"2021-09-10T13:17:26","guid":{"rendered":"https:\/\/atecordoba.org\/?p=28003"},"modified":"2021-09-10T10:17:26","modified_gmt":"2021-09-10T13:17:26","slug":"colonia-santa-maria-de-punilla-homenaje-a-45-anos-de-la-voladura-de-sede-sindical-de-ate-y-el-secuestro-de-la-seccional-por-la-dictadura","status":"publish","type":"post","link":"https:\/\/atecordoba.org\/?p=28003","title":{"rendered":"Colonia Santa Mar\u00eda de Punilla: homenaje a 45 a\u00f1os de la voladura de sede sindical de ATE y el secuestro de la seccional por la dictadura"},"content":{"rendered":"\n<div class=\"wp-block-image is-style-default\"><figure class=\"alignright size-large is-resized\"><img loading=\"lazy\" decoding=\"async\" src=\"https:\/\/atecordoba.org\/wp-content\/uploads\/2021\/09\/241519362_4804251852952250_239749239378057108_n-1024x1024.jpg\" alt=\"\" class=\"wp-image-28005\" width=\"629\" height=\"629\" \/><\/figure><\/div>\n\n\n\n<p>ATE C\u00f3rdoba invita a los actos de conmemoraci\u00f3n y homenaje de las y los dirigentes y afiliados de ATE de la seccional Santa Mar\u00eda de Punilla, al cumplirse a 45 a\u00f1os de los terribles actos represivos sufridos por nuestra representaci\u00f3n sindical -y la clase trabajadora en su conjunto- por parte de las fuerzas c\u00edvico-militares durante la dictadura que asol\u00f3 nuestro pa\u00eds desde 1976.<\/p>\n\n\n\n<p>La serie de actos se llevar\u00e1n a cabo el pr\u00f3ximo 16 de septiembre, en una serie de tres homenajes con descubrimiento de placas frente a la sede del Centro de Jubilados de ATE Santa Mar\u00eda \u2013que fuera la sede de la seccional y sufriese una voladura por parte de la Triple A-, en el Hospital Colonia Santa Mar\u00eda \u2013donde se perpetr\u00f3 el secuestro de la totalidad de la Comisi\u00f3n Directiva de la Seccional por las fuerzas militares represivas con posterioridad al Golpe de Estado- y en la Plaza de la Memoria de la localidad de Cosqu\u00edn, s\u00edmbolo de los homenajes a las v\u00edctimas de la dictadura en la regi\u00f3n.<\/p>\n\n\n\n<p>En la oportunidad, estar\u00e1n encabezando los homenajes las m\u00e1ximas autoridades de conducci\u00f3n de ATE: el secretario General de ATE Nacional, Hugo Godoy, y el secretario General de ATE C\u00f3rdoba, Federico Giuliani.<\/p>\n\n\n\n<p>La ocasi\u00f3n invita a la comunidad del Valle de Punilla a la reflexi\u00f3n y el debate sobre los hechos sufridos por aquellos queridos compa\u00f1eros y compa\u00f1eras, a partir del r\u00e9gimen de persecuci\u00f3n y muerte del activismo sindical y las y los trabajadores estatales comprometidos con el servicio p\u00fablico, para construir un Estado peque\u00f1o en un pa\u00eds para pocos, que llev\u00f3 a delante con sa\u00f1a la dictadura.<\/p>\n\n\n\n<p>En las actividades contaremos con la presencia de miembros de la Comisi\u00f3n Directiva secuestrados\/as y perseguidos\/as en aquel entonces, por implementar modelos de gesti\u00f3n y participaci\u00f3n de vanguardia en el tratamiento y la defensa de las personas internadas y de las y los trabajadores del Hospital.<\/p>\n\n\n\n<p>Tambi\u00e9n participar\u00e1n de las actividades representantes de las autoridades institucionales, como el intendente de Santa Mar\u00eda y los bloques de concejales de todos los grupos pol\u00edticos de Cosqu\u00edn, junto a organizaciones sociales, pol\u00edticas, gremiales y de DDHH de la ciudad y regi\u00f3n.<\/p>\n\n\n\n<p>Actividades:<\/p>\n\n\n\n<ul class=\"wp-block-list\"><li>10.30 hs.: descubrimiento de placa y acto en la Plaza de la Memoria de Cosqu\u00edn, San Mart\u00edn y las v\u00edas, Cosqu\u00edn. &nbsp;<\/li><li>11.15 hs.: descubrimiento de placa en Centro de Jubiladxs de ATE Santa Mar\u00eda de Punilla, Cetrangolo esquina Belgrano, Santa Mar\u00eda<\/li><li>12 hs.: descubrimiento de placa y acto en el Hospital Colonia Santa Mar\u00eda de Punilla<\/li><\/ul>\n\n\n\n<p><\/p>\n","protected":false},"excerpt":{"rendered":"<p>ATE C\u00f3rdoba invita a los actos de conmemoraci\u00f3n y homenaje de las y los dirigentes y afiliados de ATE de la seccional Santa Mar\u00eda de Punilla, al cumplirse a 45 a\u00f1os de los terribles actos represivos sufridos por nuestra representaci\u00f3n sindical -y la clase trabajadora en su conjunto- por parte de las fuerzas c\u00edvico-militares durante [&hellip;]<\/p>\n","protected":false},"author":7,"featured_media":28005,"comment_status":"open","ping_status":"open","sticky":false,"template":"","format":"standard","meta":{"_exactmetrics_skip_tracking":false,"_exactmetrics_sitenote_active":false,"_exactmetrics_sitenote_note":"","_exactmetrics_sitenote_category":0,"jnews-multi-image_gallery":[],"jnews_single_post":{"subtitle":"Los actos contar\u00e1n con la participaci\u00f3n de la conducci\u00f3n de ATE, de las v\u00edctimas de la dictadura, de organismos de DDHH y organizaciones gremiales, sociales y pol\u00edticas de la regi\u00f3n.","format":"standard","video":"","gallery":"","source_name":"","source_url":"","via_name":"","via_url":"","override":[{"template":"1","single_blog_custom":"","parallax":"1","fullscreen":"1","layout":"right-sidebar","sidebar":"default-sidebar","second_sidebar":"default-sidebar","sticky_sidebar":"1","share_position":"top","share_float_style":"share-monocrhome","show_share_counter":"1","show_view_counter":"1","show_featured":"1","show_post_meta":"1","show_post_author":"1","show_post_author_image":"1","show_post_date":"1","post_date_format":"default","post_date_format_custom":"Y\/m\/d","show_post_category":"1","post_reading_time_wpm":"300","zoom_button_out_step":"2","zoom_button_in_step":"3","show_post_tag":"1","show_prev_next_post":"1","show_popup_post":"1","number_popup_post":"1"}],"image_override":[{"single_post_thumbnail_size":"crop-500","single_post_gallery_size":"crop-500"}],"trending_post_position":"meta","trending_post_label":"Trending","sponsored_post_label":"Sponsored by","sponsored_post_name":"","sponsored_post_url":"","sponsored_post_logo":"","sponsored_post_desc":""},"jnews_primary_category":{"id":""},"jnews_social_meta":{"fb_title":"","fb_description":"","fb_image":"","twitter_title":"","twitter_description":"","twitter_image":""},"jnews_review":[],"enable_review":"","type":"percentage","name":"","summary":"","brand":"","sku":"","good":[{"good_text":""}],"bad":[{"bad_text":""}],"score_override":"","override_value":"","rating":[{"rating_text":"","rating_number":"10"}],"price":[{"shop":"","price":"","link":"","icon":""}],"jnews_override_counter":{"view_counter_number":"0","share_counter_number":"0","like_counter_number":"0","dislike_counter_number":"0"},"jnews_post_split":{"post_split":[{"template":"1","tag":"h2","numbering":"asc","mode":"normal","toc_type":"normal"}]},"footnotes":""},"categories":[122,1],"tags":[910],"class_list":["post-28003","post","type-post","status-publish","format-standard","has-post-thumbnail","hentry","category-ddhh","category-sin-categoria","tag-colonia-santa-maria-de-punilla"],"jetpack_featured_media_url":"https:\/\/atecordoba.org\/wp-content\/uploads\/2021\/09\/241519362_4804251852952250_239749239378057108_n-e1631279835515.jpg","_links":{"self":[{"href":"https:\/\/atecordoba.org\/index.php?rest_route=\/wp\/v2\/posts\/28003","targetHints":{"allow":["GET"]}}],"collection":[{"href":"https:\/\/atecordoba.org\/index.php?rest_route=\/wp\/v2\/posts"}],"about":[{"href":"https:\/\/atecordoba.org\/index.php?rest_route=\/wp\/v2\/types\/post"}],"author":[{"embeddable":true,"href":"https:\/\/atecordoba.org\/index.php?rest_route=\/wp\/v2\/users\/7"}],"replies":[{"embeddable":true,"href":"https:\/\/atecordoba.org\/index.php?rest_route=%2Fwp%2Fv2%2Fcomments&post=28003"}],"version-history":[{"count":4,"href":"https:\/\/atecordoba.org\/index.php?rest_route=\/wp\/v2\/posts\/28003\/revisions"}],"predecessor-version":[{"id":28083,"href":"https:\/\/atecordoba.org\/index.php?rest_route=\/wp\/v2\/posts\/28003\/revisions\/28083"}],"wp:featuredmedia":[{"embeddable":true,"href":"https:\/\/atecordoba.org\/index.php?rest_route=\/wp\/v2\/media\/28005"}],"wp:attachment":[{"href":"https:\/\/atecordoba.org\/index.php?rest_route=%2Fwp%2Fv2%2Fmedia&parent=28003"}],"wp:term":[{"taxonomy":"category","embeddable":true,"href":"https:\/\/atecordoba.org\/index.php?rest_route=%2Fwp%2Fv2%2Fcategories&post=28003"},{"taxonomy":"post_tag","embeddable":true,"href":"https:\/\/atecordoba.org\/index.php?rest_route=%2Fwp%2Fv2%2Ftags&post=28003"}],"curies":[{"name":"wp","href":"https:\/\/api.w.org\/{rel}","templated":true}]}}