{"id":2800,"date":"2013-05-29T19:50:05","date_gmt":"2013-05-29T22:50:05","guid":{"rendered":"http:\/\/www.atecordoba.org\/?p=2800"},"modified":"2013-05-29T19:50:05","modified_gmt":"2013-05-29T22:50:05","slug":"ate-hace-punta-en-el-ejercito","status":"publish","type":"post","link":"https:\/\/atecordoba.org\/?p=2800","title":{"rendered":"ATE hace punta en el Ej\u00e9rcito"},"content":{"rendered":"<p><em>El pasado martes 21 realiz\u00f3 una asamblea en la 2\u00aa Divisi\u00f3n de Ej\u00e9rcito (ex 3Er Cuerpo), con la presencia de m\u00e1s de 50 trabajadores civiles, que durante 2 horas debatieron sobre el proyecto de carrera que ATE viene proponiendo en el Sector y sobre las perspectivas de la negociaci\u00f3n Colectiva.<\/em><\/p>\n<p><a href=\"http:\/\/www.atecordoba.org\/wp-content\/uploads\/2013\/05\/foto-15.jpg\"><img loading=\"lazy\" decoding=\"async\" class=\"aligncenter size-full wp-image-2801\" title=\"foto 1\" src=\"http:\/\/www.atecordoba.org\/wp-content\/uploads\/2013\/05\/foto-15.jpg\" alt=\"\" width=\"653\" height=\"490\" \/><\/a><\/p>\n<p>La asamblea cont\u00f3 con la presencia de los compa\u00f1eros paritarios del sector Miriam Martino, secretaria de Acci\u00f3n Pol\u00edtica, Alejandro Charra, secretario de Organizaci\u00f3n, V\u00edctor Lecuona, vocal, y Luis Barcena, secretario del Interior por el Consejo Directivo Provincial, acompa\u00f1ados por los compa\u00f1eros Vicente Marti, secretario del Interior y Luis Maceiros del Departamento Nacionales por el Consejo Directivo Nacional y coordinador Nacional del mismo.<\/p>\n<p>Luego de escuchar atentamente la exposici\u00f3n llevada adelante mediante la proyecci\u00f3n de los proyectos carrera del Gobierno Nacional y de ATE que estuvo a cargo del compa\u00f1ero Alejandro Charra, los trabajadores debatieron activamente respecto del proyecto de Modalidades Operativas que est\u00e1n elaborando los compa\u00f1eros paritarios y que fuera informado a ellos por los compa\u00f1eros. Martino y Lecuona.<\/p>\n<p>Agotado el debate, el Cro. Luis Maceiros dirigi\u00f3 a los compa\u00f1eros una breve sinopsis de la historia de nuestra organizaci\u00f3n en el Sector de los Civiles de las Fuerzas Armadas.<\/p>\n<p>A su turno el compa\u00f1ero Vicente Marti inst\u00f3 a los presentes a participar en la toma de decisiones en las distintas asambleas y puso de manifiesto la importancia de la construcci\u00f3n colectiva que ATE viene llevando adelante hace d\u00e9cadas.<\/p>\n<p>El dirigente habl\u00f3, adem\u00e1s, del crecimiento en las distintas provincias de los trabajadores estatales nacionales provinciales y municipales, poniendo el ejemplo de su tierra natal Salta, donde el desarrollo\u00a0 de ATE permite que los trabajadores act\u00faen como una familia y no permitan que la patronal avance sobre los derechos adquiridos\u00a0 que garantizan el bienestar de los trabajadores.<\/p>\n<p>En ese sentido, insisti\u00f3 en fortalecer este sector del Ejecito y todo el Personal Civil, donde hay un muy buen caudal de trabajadores dispuestos a comprometerse en las mejoras que ellos mismo reclaman. Puso tambi\u00e9n mucho \u00e9nfasis en que en ATE la construcci\u00f3n la hacemos entre todos, y las diferencias que surjan que deben ser zanjadas a trav\u00e9s del debate de los trabajadores que deben resolver como avanzamos para lograr mejoras.<\/p>\n<p>A modo de cierre, el compa\u00f1ero Luis Barcena invit\u00f3 a los trabajadores a acercarse a la sede del CDP C\u00f3rdoba, que se afilien al gremio y a elegir delegados en este sector tan importante de los Civiles.<\/p>\n<p><strong>Un convenio colectivo, dos propuestas<\/strong><\/p>\n<p>La exposici\u00f3n que se realizo comenz\u00f3 con una breve rese\u00f1a hist\u00f3rica sobre los antecedentes hist\u00f3ricos de las Convenciones Colectivas de Trabajo en el sector privado y la discriminaci\u00f3n que obraba en el estado nacional que no ten\u00eda incorporado dicho mecanismo. Continuando con la apertura que significo la Ley de Convenciones Colectivas en el Estado \u2013 conocida como Ley Germ\u00e1n Abdala, en honor a su propulsor quien fuera dirigente de ATE y por entonces Diputado Nacional -.<\/p>\n<p>Luego se describi\u00f3 escuetamente la historia del sectorial y su lucha por lograr la apertura del convenio y las distintas propuestas que para este aporto la Asociaci\u00f3n Trabajadores del Estado.<\/p>\n<p>Ya puestos en materia, el compa\u00f1ero Charra expuso las diferencias centrales entre la propuesta del Gobierno Nacional y la de nuestra organizaci\u00f3n, a saber:<\/p>\n<p>El acento que pone ATE en el desarrollo de la Carrera Horizontal, es decir el tr\u00e1nsito de un trabajador a trav\u00e9s de los grados propuestos por esta. \u201cNuestra propuesta supone un gran incremento salarial por el pase de Grado en Grado por el mecanismo de capacitaci\u00f3n permanente\u201d, se\u00f1al\u00f3 Charra. Esta postura surge de la necesidad de garantizar tanto el perfeccionamiento constante de cada trabajador como el incentivo econ\u00f3mico necesario para que este se concrete.<\/p>\n<p>Por otro lado, la posici\u00f3n del Gobierno es hacer eje en la Verticalidad de la Carrera Administrativa, que depende de concursos de oposici\u00f3n y antecedentes y de vacantes que siempre son escasas, no incentivando de esta manera al trabajador y no garantizado la equidad en el trato a todos los trabajadores ya que se prioriza solo a los empleados que posean titulaci\u00f3n formal.<\/p>\n<p>En cuanto a la igualdad, queda expresamente demostrado que la concepci\u00f3n te\u00f3rica del empleo p\u00fablico por parte del Estado no ha variado sustancialmente desde la d\u00e9cada del 90, ya que la estructura propuesta est\u00e1 basada en una forma de distribuir los \u00edndices que garantiza una masa salarial distribuida de manera dispar, logrando un gran desarrollo salarial s\u00f3lo para los T\u00e9cnicos y Profesionales m\u00e1s especializados y condenando a una gran masa de trabajadores a una carrera anodina y poco remunerada.<\/p>\n<p>No es intenci\u00f3n de ATE desmerecer la relevancia de los Profesionales que aportan su pericia a las tareas que desempe\u00f1amos, pero tambi\u00e9n es cierto que gran parte de las tareas cotidianas que sirven de sustento a la Administraci\u00f3n P\u00fablica Nacional son llevadas adelante por personal que no posee titulaci\u00f3n formal y que tambi\u00e9n merece se remunerada justamente. Es por eso que la propuesta de ATE contempla ambas realidades.<\/p>\n","protected":false},"excerpt":{"rendered":"<p>El pasado martes 21 realiz\u00f3 una asamblea en la 2\u00aa Divisi\u00f3n de Ej\u00e9rcito (ex 3Er Cuerpo), con la presencia de m\u00e1s de 50 trabajadores civiles, que durante 2 horas debatieron sobre el proyecto de carrera que ATE viene proponiendo en el Sector y sobre las perspectivas de la negociaci\u00f3n Colectiva. La asamblea cont\u00f3 con la [&hellip;]<\/p>\n","protected":false},"author":1,"featured_media":19220,"comment_status":"open","ping_status":"open","sticky":false,"template":"","format":"standard","meta":{"_exactmetrics_skip_tracking":false,"_exactmetrics_sitenote_active":false,"_exactmetrics_sitenote_note":"","_exactmetrics_sitenote_category":0,"jnews-multi-image_gallery":[],"jnews_single_post":[],"jnews_primary_category":[],"jnews_social_meta":[],"jnews_review":[],"enable_review":"","type":"","name":"","summary":"","brand":"","sku":"","good":[],"bad":[],"score_override":"","override_value":"","rating":[],"price":[],"jnews_override_counter":[],"jnews_post_split":[],"footnotes":""},"categories":[18],"tags":[],"class_list":["post-2800","post","type-post","status-publish","format-standard","has-post-thumbnail","hentry","category-nacionales"],"jetpack_featured_media_url":"https:\/\/atecordoba.org\/wp-content\/uploads\/2020\/05\/logo-nuevochico-e1561581322808.png","_links":{"self":[{"href":"https:\/\/atecordoba.org\/index.php?rest_route=\/wp\/v2\/posts\/2800","targetHints":{"allow":["GET"]}}],"collection":[{"href":"https:\/\/atecordoba.org\/index.php?rest_route=\/wp\/v2\/posts"}],"about":[{"href":"https:\/\/atecordoba.org\/index.php?rest_route=\/wp\/v2\/types\/post"}],"author":[{"embeddable":true,"href":"https:\/\/atecordoba.org\/index.php?rest_route=\/wp\/v2\/users\/1"}],"replies":[{"embeddable":true,"href":"https:\/\/atecordoba.org\/index.php?rest_route=%2Fwp%2Fv2%2Fcomments&post=2800"}],"version-history":[{"count":0,"href":"https:\/\/atecordoba.org\/index.php?rest_route=\/wp\/v2\/posts\/2800\/revisions"}],"wp:featuredmedia":[{"embeddable":true,"href":"https:\/\/atecordoba.org\/index.php?rest_route=\/wp\/v2\/media\/19220"}],"wp:attachment":[{"href":"https:\/\/atecordoba.org\/index.php?rest_route=%2Fwp%2Fv2%2Fmedia&parent=2800"}],"wp:term":[{"taxonomy":"category","embeddable":true,"href":"https:\/\/atecordoba.org\/index.php?rest_route=%2Fwp%2Fv2%2Fcategories&post=2800"},{"taxonomy":"post_tag","embeddable":true,"href":"https:\/\/atecordoba.org\/index.php?rest_route=%2Fwp%2Fv2%2Ftags&post=2800"}],"curies":[{"name":"wp","href":"https:\/\/api.w.org\/{rel}","templated":true}]}}