{"id":27968,"date":"2021-09-09T14:25:55","date_gmt":"2021-09-09T17:25:55","guid":{"rendered":"https:\/\/atecordoba.org\/?p=27968"},"modified":"2021-09-09T14:25:57","modified_gmt":"2021-09-09T17:25:57","slug":"protocolo-para-garantizar-elecciones-libres-de-covid","status":"publish","type":"post","link":"https:\/\/atecordoba.org\/?p=27968","title":{"rendered":"Protocolo para garantizar elecciones libres de Covid"},"content":{"rendered":"\n<figure class=\"wp-block-gallery aligncenter columns-2 is-cropped wp-block-gallery-1 is-layout-flex wp-block-gallery-is-layout-flex\"><ul class=\"blocks-gallery-grid\"><li class=\"blocks-gallery-item\"><figure><a href=\"https:\/\/atecordoba.org\/wp-content\/uploads\/2021\/09\/Triptico_Salud_elecciones_1-1.jpg\"><img loading=\"lazy\" decoding=\"async\" width=\"842\" height=\"596\" src=\"https:\/\/atecordoba.org\/wp-content\/uploads\/2021\/09\/Triptico_Salud_elecciones_1-1.jpg\" alt=\"\" data-id=\"27980\" data-full-url=\"https:\/\/atecordoba.org\/wp-content\/uploads\/2021\/09\/Triptico_Salud_elecciones_1-1.jpg\" data-link=\"https:\/\/atecordoba.org\/?attachment_id=27980\" class=\"wp-image-27980\" srcset=\"https:\/\/atecordoba.org\/wp-content\/uploads\/2021\/09\/Triptico_Salud_elecciones_1-1.jpg 842w, https:\/\/atecordoba.org\/wp-content\/uploads\/2021\/09\/Triptico_Salud_elecciones_1-1-300x212.jpg 300w, https:\/\/atecordoba.org\/wp-content\/uploads\/2021\/09\/Triptico_Salud_elecciones_1-1-768x544.jpg 768w, https:\/\/atecordoba.org\/wp-content\/uploads\/2021\/09\/Triptico_Salud_elecciones_1-1-120x86.jpg 120w, https:\/\/atecordoba.org\/wp-content\/uploads\/2021\/09\/Triptico_Salud_elecciones_1-1-750x531.jpg 750w\" sizes=\"auto, (max-width: 842px) 100vw, 842px\" \/><\/a><\/figure><\/li><li class=\"blocks-gallery-item\"><figure><a href=\"https:\/\/atecordoba.org\/wp-content\/uploads\/2021\/09\/Triptico_Salud_elecciones_2-1.jpg\"><img loading=\"lazy\" decoding=\"async\" width=\"842\" height=\"596\" src=\"https:\/\/atecordoba.org\/wp-content\/uploads\/2021\/09\/Triptico_Salud_elecciones_2-1.jpg\" alt=\"\" data-id=\"27981\" data-full-url=\"https:\/\/atecordoba.org\/wp-content\/uploads\/2021\/09\/Triptico_Salud_elecciones_2-1.jpg\" data-link=\"https:\/\/atecordoba.org\/?attachment_id=27981\" class=\"wp-image-27981\" srcset=\"https:\/\/atecordoba.org\/wp-content\/uploads\/2021\/09\/Triptico_Salud_elecciones_2-1.jpg 842w, https:\/\/atecordoba.org\/wp-content\/uploads\/2021\/09\/Triptico_Salud_elecciones_2-1-300x212.jpg 300w, https:\/\/atecordoba.org\/wp-content\/uploads\/2021\/09\/Triptico_Salud_elecciones_2-1-768x544.jpg 768w, https:\/\/atecordoba.org\/wp-content\/uploads\/2021\/09\/Triptico_Salud_elecciones_2-1-120x86.jpg 120w, https:\/\/atecordoba.org\/wp-content\/uploads\/2021\/09\/Triptico_Salud_elecciones_2-1-750x531.jpg 750w\" sizes=\"auto, (max-width: 842px) 100vw, 842px\" \/><\/a><\/figure><\/li><\/ul><\/figure>\n\n\n\n<p>Con el objetivo de garantizar que las y los estatales puedan ejercer su derecho al voto dentro de los sectores de trabajo sin riesgo para la salud, ATE produjo un <a href=\"https:\/\/atecordoba.org\/?p=27768\">protocolo de bioseguridad<\/a>, a partir de la intervenci\u00f3n del Departamento de Salud Laboral y la CyMAT.<\/p>\n\n\n\n<p>El responsable del \u00e1rea, Mat\u00edas giuliani, fue entrevistado pro el programa Radial Entre Todos y Todas que la Secretar\u00eda de Prensa de ATE C\u00f3rdoba emite cada martes por la FMGEN 107.5, para destallar los alcances del instructivo. <\/p>\n\n\n\n<p>&#8220;Este protocolo se creo a partir de que se levant\u00f3 la restricci\u00f3n y se abri\u00f3 la posibilidad de elegir autoridades en asociaciones civiles, entidades sindicales y lugares de trabajo. As\u00ed podemos desarrollar las elecciones del sindicato en toda la provincia de la manera m\u00e1s segura posible. Este protocolo se constituye a partir de un protocolo general que hizo la C\u00e1mara Nacional Electoral, junto a recomendaciones del Ministerio de Trabajo, la Superintendencia de Riesgos de Trabajo y del COE Central de C\u00f3rdoba&#8221;.<\/p>\n\n\n\n<figure class=\"wp-block-gallery aligncenter columns-2 is-cropped wp-block-gallery-2 is-layout-flex wp-block-gallery-is-layout-flex\"><ul class=\"blocks-gallery-grid\"><li class=\"blocks-gallery-item\"><figure><a href=\"https:\/\/atecordoba.org\/wp-content\/uploads\/2021\/09\/Afiche_Salud_Elecciones-2.jpg\"><img loading=\"lazy\" decoding=\"async\" width=\"451\" height=\"622\" src=\"https:\/\/atecordoba.org\/wp-content\/uploads\/2021\/09\/Afiche_Salud_Elecciones-2.jpg\" alt=\"\" data-id=\"27984\" data-full-url=\"https:\/\/atecordoba.org\/wp-content\/uploads\/2021\/09\/Afiche_Salud_Elecciones-2.jpg\" data-link=\"https:\/\/atecordoba.org\/?attachment_id=27984\" class=\"wp-image-27984\" srcset=\"https:\/\/atecordoba.org\/wp-content\/uploads\/2021\/09\/Afiche_Salud_Elecciones-2.jpg 451w, https:\/\/atecordoba.org\/wp-content\/uploads\/2021\/09\/Afiche_Salud_Elecciones-2-218x300.jpg 218w\" sizes=\"auto, (max-width: 451px) 100vw, 451px\" \/><\/a><\/figure><\/li><li class=\"blocks-gallery-item\"><figure><a href=\"https:\/\/atecordoba.org\/wp-content\/uploads\/2021\/09\/Afiche_Salud_Elecciones2-2.jpg\"><img loading=\"lazy\" decoding=\"async\" width=\"451\" height=\"622\" src=\"https:\/\/atecordoba.org\/wp-content\/uploads\/2021\/09\/Afiche_Salud_Elecciones2-2.jpg\" alt=\"\" data-id=\"27985\" data-full-url=\"https:\/\/atecordoba.org\/wp-content\/uploads\/2021\/09\/Afiche_Salud_Elecciones2-2.jpg\" data-link=\"https:\/\/atecordoba.org\/?attachment_id=27985\" class=\"wp-image-27985\" srcset=\"https:\/\/atecordoba.org\/wp-content\/uploads\/2021\/09\/Afiche_Salud_Elecciones2-2.jpg 451w, https:\/\/atecordoba.org\/wp-content\/uploads\/2021\/09\/Afiche_Salud_Elecciones2-2-218x300.jpg 218w\" sizes=\"auto, (max-width: 451px) 100vw, 451px\" \/><\/a><\/figure><\/li><\/ul><\/figure>\n\n\n\n<p>Adem\u00e1s, Giuliani dijo que &#8220;el protocolo sali\u00f3 con una gu\u00eda instructiva para capacitar a todos y todas las compa\u00f1eras que vayan a participar de los actos eleccionario. M\u00e1s all\u00e1 de los candidatos y las autoridades de mesa, que tienen que facilitar su aplicaci\u00f3n&#8221;.<\/p>\n\n\n\n<p>El protocolo tuvo su primera instrumentaci\u00f3n en las elecciones que se realizaron en la Municipalidad de R\u00edo Tercero y se replic\u00f3 en el Ministerio de Trabajo ayer, tambi\u00e9n se facilita alcohol y barbijos, que estar\u00e1n presentes en las much\u00edsimas elecciones que se realizar\u00e1n en lo que queda de 2021 y para el 2022, tanto en municipios como en organismos provinciales y nacionales.<\/p>\n\n\n\n<p>&#8220;El kit sanitario -afirm\u00f3 Giuliani- est\u00e1 integrado por una botella de alcohol en gel, alcohol com\u00fan 70\/30, dos barbijos, una rejilla para sanitizar el espacio de la urna y los objetos de uso com\u00fan y una bolsa de residuos para tirar ah\u00ed todo lo que se deseche del acto eleccionario&#8221;.<\/p>\n\n\n\n<p>De esta forma, las y los estatales podemos ejercer nuestra libertad y democracia sindical con todos los cuidados sanitarios desde el Departamento de Salud Laboral.<\/p>\n\n\n\n<p>&#8220;Celebramos que podamos volver a elegir a nuestras autoridades y a nuestros delegados, que son la primera pata del sindicato para llegar a las bases. Vamos a estar realizando much\u00edsimas elecciones entre este a\u00f1o y el a\u00f1o que viene&#8221;, concluy\u00f3 Giuliani.<\/p>\n\n\n\n<p>Facilitamos los archivos para descargar el protocolo y su instructivo<\/p>\n\n\n<a href=\"https:\/\/atecordoba.org\/wp-content\/uploads\/2021\/09\/06-09-Protocolo-Elecciones.pdf\" class=\"pdfemb-viewer\" style=\"\" data-width=\"max\" data-height=\"max\" data-toolbar=\"bottom\" data-toolbar-fixed=\"off\">06-09-Protocolo-Elecciones<\/a>\n<p class=\"wp-block-pdfemb-pdf-embedder-viewer\"><\/p>\n\n\n<a href=\"https:\/\/atecordoba.org\/wp-content\/uploads\/2021\/09\/07-09-Elecciones-sindicales-ATE.pdf\" class=\"pdfemb-viewer\" style=\"\" data-width=\"max\" data-height=\"max\" data-toolbar=\"bottom\" data-toolbar-fixed=\"off\">07-09-Elecciones-sindicales-ATE<\/a>\n<p class=\"wp-block-pdfemb-pdf-embedder-viewer\"><\/p>\n","protected":false},"excerpt":{"rendered":"<p>Con el objetivo de garantizar que las y los estatales puedan ejercer su derecho al voto dentro de los sectores de trabajo sin riesgo para la salud, ATE produjo un protocolo de bioseguridad, a partir de la intervenci\u00f3n del Departamento de Salud Laboral y la CyMAT. El responsable del \u00e1rea, Mat\u00edas giuliani, fue entrevistado pro [&hellip;]<\/p>\n","protected":false},"author":7,"featured_media":27976,"comment_status":"open","ping_status":"open","sticky":false,"template":"","format":"standard","meta":{"_exactmetrics_skip_tracking":false,"_exactmetrics_sitenote_active":false,"_exactmetrics_sitenote_note":"","_exactmetrics_sitenote_category":0,"jnews-multi-image_gallery":[],"jnews_single_post":{"subtitle":"Desde el Departamento de Salud Laboral, Mat\u00edas Giuliani explic\u00f3 los alcances del mecanismo de protecci\u00f3n. ","format":"standard","video":"","gallery":"","source_name":"","source_url":"","via_name":"","via_url":"","override":[{"template":"1","single_blog_custom":"","parallax":"1","fullscreen":"1","layout":"right-sidebar","sidebar":"default-sidebar","second_sidebar":"default-sidebar","sticky_sidebar":"1","share_position":"top","share_float_style":"share-monocrhome","show_share_counter":"1","show_view_counter":"1","show_featured":"1","show_post_meta":"1","show_post_author":"1","show_post_author_image":"1","show_post_date":"1","post_date_format":"default","post_date_format_custom":"Y\/m\/d","show_post_category":"1","post_reading_time_wpm":"300","zoom_button_out_step":"2","zoom_button_in_step":"3","show_post_tag":"1","show_prev_next_post":"1","show_popup_post":"1","number_popup_post":"1"}],"image_override":[{"single_post_thumbnail_size":"crop-500","single_post_gallery_size":"crop-500"}],"trending_post_position":"meta","trending_post_label":"Trending","sponsored_post_label":"Sponsored by","sponsored_post_name":"","sponsored_post_url":"","sponsored_post_logo":"","sponsored_post_desc":""},"jnews_primary_category":{"id":""},"jnews_social_meta":{"fb_title":"","fb_description":"","fb_image":"","twitter_title":"","twitter_description":"","twitter_image":""},"jnews_review":[],"enable_review":"","type":"percentage","name":"","summary":"","brand":"","sku":"","good":[{"good_text":""}],"bad":[{"bad_text":""}],"score_override":"","override_value":"","rating":[{"rating_text":"","rating_number":"10"}],"price":[{"shop":"","price":"","link":"","icon":""}],"jnews_override_counter":{"view_counter_number":"0","share_counter_number":"0","like_counter_number":"0","dislike_counter_number":"0"},"jnews_post_split":{"post_split":[{"template":"1","tag":"h2","numbering":"asc","mode":"normal","toc_type":"normal"}]},"footnotes":""},"categories":[549,104],"tags":[],"class_list":["post-27968","post","type-post","status-publish","format-standard","has-post-thumbnail","hentry","category-cymat","category-departamento-de-salud"],"jetpack_featured_media_url":"https:\/\/atecordoba.org\/wp-content\/uploads\/2021\/09\/Afiche_Salud_Elecciones-e1631208339164.jpg","_links":{"self":[{"href":"https:\/\/atecordoba.org\/index.php?rest_route=\/wp\/v2\/posts\/27968","targetHints":{"allow":["GET"]}}],"collection":[{"href":"https:\/\/atecordoba.org\/index.php?rest_route=\/wp\/v2\/posts"}],"about":[{"href":"https:\/\/atecordoba.org\/index.php?rest_route=\/wp\/v2\/types\/post"}],"author":[{"embeddable":true,"href":"https:\/\/atecordoba.org\/index.php?rest_route=\/wp\/v2\/users\/7"}],"replies":[{"embeddable":true,"href":"https:\/\/atecordoba.org\/index.php?rest_route=%2Fwp%2Fv2%2Fcomments&post=27968"}],"version-history":[{"count":2,"href":"https:\/\/atecordoba.org\/index.php?rest_route=\/wp\/v2\/posts\/27968\/revisions"}],"predecessor-version":[{"id":27989,"href":"https:\/\/atecordoba.org\/index.php?rest_route=\/wp\/v2\/posts\/27968\/revisions\/27989"}],"wp:featuredmedia":[{"embeddable":true,"href":"https:\/\/atecordoba.org\/index.php?rest_route=\/wp\/v2\/media\/27976"}],"wp:attachment":[{"href":"https:\/\/atecordoba.org\/index.php?rest_route=%2Fwp%2Fv2%2Fmedia&parent=27968"}],"wp:term":[{"taxonomy":"category","embeddable":true,"href":"https:\/\/atecordoba.org\/index.php?rest_route=%2Fwp%2Fv2%2Fcategories&post=27968"},{"taxonomy":"post_tag","embeddable":true,"href":"https:\/\/atecordoba.org\/index.php?rest_route=%2Fwp%2Fv2%2Ftags&post=27968"}],"curies":[{"name":"wp","href":"https:\/\/api.w.org\/{rel}","templated":true}]}}