{"id":27967,"date":"2021-09-09T14:02:06","date_gmt":"2021-09-09T17:02:06","guid":{"rendered":"https:\/\/atecordoba.org\/?p=27967"},"modified":"2021-09-09T14:06:08","modified_gmt":"2021-09-09T17:06:08","slug":"historica-visita-del-secretario-general-de-ate-cordoba-a-la-fabrica-militar-de-villa-maria","status":"publish","type":"post","link":"https:\/\/atecordoba.org\/?p=27967","title":{"rendered":"Hist\u00f3rica visita del Secretario General de ATE C\u00f3rdoba a la F\u00e1brica Militar de Villa Mar\u00eda"},"content":{"rendered":"\n<figure class=\"wp-block-gallery columns-3 is-cropped wp-block-gallery-1 is-layout-flex wp-block-gallery-is-layout-flex\"><ul class=\"blocks-gallery-grid\"><li class=\"blocks-gallery-item\"><figure><a href=\"https:\/\/atecordoba.org\/wp-content\/uploads\/2021\/09\/09_09_Reunion_Fabrica_Militar_Villa_Maria2.jpeg\"><img loading=\"lazy\" decoding=\"async\" width=\"1024\" height=\"785\" src=\"https:\/\/atecordoba.org\/wp-content\/uploads\/2021\/09\/09_09_Reunion_Fabrica_Militar_Villa_Maria2-1024x785.jpeg\" alt=\"\" data-id=\"27969\" data-full-url=\"https:\/\/atecordoba.org\/wp-content\/uploads\/2021\/09\/09_09_Reunion_Fabrica_Militar_Villa_Maria2.jpeg\" data-link=\"https:\/\/atecordoba.org\/?attachment_id=27969\" class=\"wp-image-27969\" srcset=\"https:\/\/atecordoba.org\/wp-content\/uploads\/2021\/09\/09_09_Reunion_Fabrica_Militar_Villa_Maria2-1024x785.jpeg 1024w, https:\/\/atecordoba.org\/wp-content\/uploads\/2021\/09\/09_09_Reunion_Fabrica_Militar_Villa_Maria2-300x230.jpeg 300w, https:\/\/atecordoba.org\/wp-content\/uploads\/2021\/09\/09_09_Reunion_Fabrica_Militar_Villa_Maria2-768x589.jpeg 768w, https:\/\/atecordoba.org\/wp-content\/uploads\/2021\/09\/09_09_Reunion_Fabrica_Militar_Villa_Maria2-1536x1178.jpeg 1536w, https:\/\/atecordoba.org\/wp-content\/uploads\/2021\/09\/09_09_Reunion_Fabrica_Militar_Villa_Maria2-750x575.jpeg 750w, https:\/\/atecordoba.org\/wp-content\/uploads\/2021\/09\/09_09_Reunion_Fabrica_Militar_Villa_Maria2-1140x874.jpeg 1140w, https:\/\/atecordoba.org\/wp-content\/uploads\/2021\/09\/09_09_Reunion_Fabrica_Militar_Villa_Maria2.jpeg 1600w\" sizes=\"auto, (max-width: 1024px) 100vw, 1024px\" \/><\/a><\/figure><\/li><li class=\"blocks-gallery-item\"><figure><a href=\"https:\/\/atecordoba.org\/wp-content\/uploads\/2021\/09\/09_09_Reunion_Fabrica_Militar_Villa_Maria3.jpeg\"><img loading=\"lazy\" decoding=\"async\" width=\"1024\" height=\"461\" src=\"https:\/\/atecordoba.org\/wp-content\/uploads\/2021\/09\/09_09_Reunion_Fabrica_Militar_Villa_Maria3-1024x461.jpeg\" alt=\"\" data-id=\"27970\" data-full-url=\"https:\/\/atecordoba.org\/wp-content\/uploads\/2021\/09\/09_09_Reunion_Fabrica_Militar_Villa_Maria3.jpeg\" data-link=\"https:\/\/atecordoba.org\/?attachment_id=27970\" class=\"wp-image-27970\" srcset=\"https:\/\/atecordoba.org\/wp-content\/uploads\/2021\/09\/09_09_Reunion_Fabrica_Militar_Villa_Maria3-1024x461.jpeg 1024w, https:\/\/atecordoba.org\/wp-content\/uploads\/2021\/09\/09_09_Reunion_Fabrica_Militar_Villa_Maria3-300x135.jpeg 300w, https:\/\/atecordoba.org\/wp-content\/uploads\/2021\/09\/09_09_Reunion_Fabrica_Militar_Villa_Maria3-768x346.jpeg 768w, https:\/\/atecordoba.org\/wp-content\/uploads\/2021\/09\/09_09_Reunion_Fabrica_Militar_Villa_Maria3-1536x692.jpeg 1536w, https:\/\/atecordoba.org\/wp-content\/uploads\/2021\/09\/09_09_Reunion_Fabrica_Militar_Villa_Maria3-750x338.jpeg 750w, https:\/\/atecordoba.org\/wp-content\/uploads\/2021\/09\/09_09_Reunion_Fabrica_Militar_Villa_Maria3-1140x514.jpeg 1140w, https:\/\/atecordoba.org\/wp-content\/uploads\/2021\/09\/09_09_Reunion_Fabrica_Militar_Villa_Maria3.jpeg 1600w\" sizes=\"auto, (max-width: 1024px) 100vw, 1024px\" \/><\/a><\/figure><\/li><li class=\"blocks-gallery-item\"><figure><a href=\"https:\/\/atecordoba.org\/wp-content\/uploads\/2021\/09\/09_09_Reunion_Fabrica_Militar_Villa_Maria4.jpeg\"><img loading=\"lazy\" decoding=\"async\" width=\"1024\" height=\"461\" src=\"https:\/\/atecordoba.org\/wp-content\/uploads\/2021\/09\/09_09_Reunion_Fabrica_Militar_Villa_Maria4-1024x461.jpeg\" alt=\"\" data-id=\"27971\" data-full-url=\"https:\/\/atecordoba.org\/wp-content\/uploads\/2021\/09\/09_09_Reunion_Fabrica_Militar_Villa_Maria4.jpeg\" data-link=\"https:\/\/atecordoba.org\/?attachment_id=27971\" class=\"wp-image-27971\" srcset=\"https:\/\/atecordoba.org\/wp-content\/uploads\/2021\/09\/09_09_Reunion_Fabrica_Militar_Villa_Maria4-1024x461.jpeg 1024w, https:\/\/atecordoba.org\/wp-content\/uploads\/2021\/09\/09_09_Reunion_Fabrica_Militar_Villa_Maria4-300x135.jpeg 300w, https:\/\/atecordoba.org\/wp-content\/uploads\/2021\/09\/09_09_Reunion_Fabrica_Militar_Villa_Maria4-768x346.jpeg 768w, https:\/\/atecordoba.org\/wp-content\/uploads\/2021\/09\/09_09_Reunion_Fabrica_Militar_Villa_Maria4-1536x691.jpeg 1536w, https:\/\/atecordoba.org\/wp-content\/uploads\/2021\/09\/09_09_Reunion_Fabrica_Militar_Villa_Maria4-750x338.jpeg 750w, https:\/\/atecordoba.org\/wp-content\/uploads\/2021\/09\/09_09_Reunion_Fabrica_Militar_Villa_Maria4-1140x513.jpeg 1140w, https:\/\/atecordoba.org\/wp-content\/uploads\/2021\/09\/09_09_Reunion_Fabrica_Militar_Villa_Maria4.jpeg 1600w\" sizes=\"auto, (max-width: 1024px) 100vw, 1024px\" \/><\/a><\/figure><\/li><\/ul><\/figure>\n\n\n\n<p><\/p>\n\n\n\n<p>Hoy se llev\u00f3 adelante una recorrida de la que participaron autoridades de ATE Villa Mar\u00eda, encabezadas por su Secretario General, Fernando &#8220;Oso&#8221; Mercado, as\u00ed como tambi\u00e9n del Consejo Directivo Nacional (CDN) -en la figura de Orestes Galeano y Marcelo De Rito- y de las conducciones de ATE de las dem\u00e1s F\u00e1bricas Militares del pa\u00eds: por R\u00edo Tercero, la comitiva fue encabezada por el Secretario General de ATE de esa seccional, Dami\u00e1n Albornoz; por Fray Luis Beltr\u00e1n, la delegaci\u00f3n fue encabezada por el trabajador de la F\u00e1brica Militar y Secretario Adjunto de ATE Rosario, Fernando Peyrano; y, adem\u00e1s, se cont\u00f3 con representaciones tanto de FANAZUL, como de Astilleros R\u00edo Santiago. <strong>La instancia tuvo como objetivo el trabajo sobre el Convenio Colectivo Sectorial de Fabricaciones Militares.<\/strong><\/p>\n\n\n\n<p>Durante la fruct\u00edfera jornada de trabajo que reuni\u00f3 a referentes de ATE de los sectores productivos para la Defensa Nacional de todo el pa\u00eds, el <strong>Secretario General de ATE C\u00f3rdoba, Federico Giuliani, remarc\u00f3 la importancia de la instancia<\/strong> ya que &#8220;describe una vocaci\u00f3n pol\u00edtica y una estrategia que tenemos desde ATE y, fundamentalmente, como campo popular: <strong>recuperar las herramientas productivas del Estado para construir Soberan\u00eda Nacional<\/strong>&#8220;. &#8220;Tenemos una vast\u00edsima extensi\u00f3n territorial, repleta de recursos, con las principales reservas de litio, los acu\u00edferos m\u00e1s grandes, una de las plataformas marinas m\u00e1s extensas del mundo, con un territorio bicontinental y una posici\u00f3n geoestrat\u00e9gica de primer orden -pensando en la cercan\u00eda a la Ant\u00e1rtida, a su mar, a la biodiversidad y a los recursos yacentes en su lecho marino-: <strong>\u00bfc\u00f3mo no estar preocupadas y preocupados por el desarrollo de nuestra industria para la defensa&#8221;, expuso Giuliani<\/strong>.<\/p>\n\n\n\n<p>&#8220;Durante a\u00f1os ning\u00fan Secretario\/a General de ATE C\u00f3rdoba hab\u00eda visitado la F\u00e1brica Militar de Villa Mar\u00eda: <strong>para nosotras y nosotros lo que sucedi\u00f3 hoy es un hecho hist\u00f3rico <\/strong>porque estamos retomando la iniciativa, poniendo la discusi\u00f3n donde hay que ponerla para desarrollar el modelo de pa\u00eds que necesitamos. La tarea es enorme&#8221;, remarc\u00f3 Giuliani.<\/p>\n\n\n<p><iframe loading=\"lazy\" src=\"https:\/\/www.facebook.com\/plugins\/post.php?href=https%3A%2F%2Fwww.facebook.com%2Ffederico.giuliani.7140%2Fposts%2F10159511892259805&#038;show_text=true&#038;width=500\" width=\"500\" height=\"797\" style=\"border:none;overflow:hidden\" scrolling=\"no\" frameborder=\"0\" allowfullscreen=\"true\" allow=\"autoplay; clipboard-write; encrypted-media; picture-in-picture; web-share\"><\/iframe><\/p>\n\n\n\n<p>El Secretario General de ATE C\u00f3rdoba enfatiz\u00f3, adem\u00e1s, que &#8220;nadie puede defender lo que no conoce. Hay que caminar estos espacios, escuchar mucho, plantear la visi\u00f3n que tenemos desde el CDP y acompa\u00f1ar en las tareas estrat\u00e9gicas por delante. Entre ellas, claro est\u00e1, tenemos la redacci\u00f3n del nuevo Convenio Colectivo Sectorial, encarada de lleno por compa\u00f1eros miembros de nuestra conducci\u00f3n provincial como C\u00e9sar Theaux, Secretario de Formaci\u00f3n del CDP, quien adem\u00e1s es abogado y trabajador del Ministerio de Trabajo de la Naci\u00f3n&#8221;.<\/p>\n\n\n\n<p>&#8220;<strong>Tenemos que volver a poner de pie el Estado<\/strong>, con las trabajadoras y trabajadores ocupando un rol central en el dise\u00f1o de las pol\u00edticas, en el protagonismo democr\u00e1tico de las decisiones que se tomen. Y es por ello que seguimos reuniendo voluntades, acercando y acerc\u00e1ndonos a los espacios productivos del pa\u00eds, a las comunidades de las que somos partes, a las organizaciones de cada lugar. La construcci\u00f3n es integral y cada paso que damos va en ese sentido de entender las cosas&#8221;, concluy\u00f3 Giuliani.<\/p>\n\n\n<p><iframe loading=\"lazy\" src=\"https:\/\/www.facebook.com\/plugins\/post.php?href=https%3A%2F%2Fwww.facebook.com%2Fatevillamaria2016%2Fposts%2F1500751010278938&#038;show_text=true&#038;width=500\" width=\"500\" height=\"729\" style=\"border:none;overflow:hidden\" scrolling=\"no\" frameborder=\"0\" allowfullscreen=\"true\" allow=\"autoplay; clipboard-write; encrypted-media; picture-in-picture; web-share\"><\/iframe><\/p>\n\n\n\n<p>La jornada continuar\u00e1 esta tarde a las 18 hs por Zoom con el <a href=\"https:\/\/atecordoba.org\/?p=27962\" data-type=\"post\" data-id=\"27962\">segundo encuentro del ciclo de charlas &#8220;por la Defensa Nacional y Soberan\u00eda Popular&#8221;,<\/a> organizadas por ATE C\u00f3rdoba y que contar\u00e1 con la<strong> <\/strong>presencia de trabajadores de Dioxitek (C\u00f3rdoba) -planta de producci\u00f3n p\u00fablica de di\u00f3xido de uranio-, con despedidas de la F\u00e1brica Argentina de Aviones FAdeA y con trabajadores de la Central Nuclear Embalse.<\/p>\n","protected":false},"excerpt":{"rendered":"<p>Hoy se llev\u00f3 adelante una recorrida de la que participaron autoridades de ATE Villa Mar\u00eda, encabezadas por su Secretario General, Fernando &#8220;Oso&#8221; Mercado, as\u00ed como tambi\u00e9n del Consejo Directivo Nacional (CDN) -en la figura de Orestes Galeano y Marcelo De Rito- y de las conducciones de ATE de las dem\u00e1s F\u00e1bricas Militares del pa\u00eds: por [&hellip;]<\/p>\n","protected":false},"author":6,"featured_media":27970,"comment_status":"open","ping_status":"open","sticky":false,"template":"","format":"standard","meta":{"_exactmetrics_skip_tracking":false,"_exactmetrics_sitenote_active":false,"_exactmetrics_sitenote_note":"","_exactmetrics_sitenote_category":0,"jnews-multi-image_gallery":[],"jnews_single_post":{"subtitle":"De la recorrida participaron las autoridades de ATE locales, encabezadas por su Secretario General, Fernando \"Oso\" Mercado, as\u00ed como tambi\u00e9n del Consejo Directivo Nacional -en la figura de Orestes Galeano y Marcelo De Rito- y de las conducciones de ATE de las dem\u00e1s F\u00e1bricas Militares del pa\u00eds -R\u00edo Tercero, Fanazul y Fray Luis Beltr\u00e1n, as\u00ed como tambi\u00e9n de Astilleros R\u00edo Santiago-. La instancia tuvo como objetivo el trabajo sobre el Convenio Colectivo Sectorial de Fabricaciones Militares.","format":"standard","video":"","gallery":"","source_name":"","source_url":"","via_name":"","via_url":"","override":[{"template":"1","single_blog_custom":"","parallax":"1","fullscreen":"1","layout":"right-sidebar","sidebar":"default-sidebar","second_sidebar":"default-sidebar","sticky_sidebar":"1","share_position":"top","share_float_style":"share-monocrhome","show_share_counter":"1","show_view_counter":"1","show_featured":"1","show_post_meta":"1","show_post_author":"1","show_post_author_image":"1","show_post_date":"1","post_date_format":"default","post_date_format_custom":"Y\/m\/d","show_post_category":"1","post_reading_time_wpm":"300","zoom_button_out_step":"2","zoom_button_in_step":"3","show_post_tag":"1","show_prev_next_post":"1","show_popup_post":"1","number_popup_post":"1"}],"image_override":[{"single_post_thumbnail_size":"crop-500","single_post_gallery_size":"crop-500"}],"trending_post_position":"meta","trending_post_label":"Trending","sponsored_post_label":"Sponsored by","sponsored_post_name":"","sponsored_post_url":"","sponsored_post_logo":"","sponsored_post_desc":""},"jnews_primary_category":{"id":""},"jnews_social_meta":{"fb_title":"","fb_description":"","fb_image":"","twitter_title":"","twitter_description":"","twitter_image":""},"jnews_review":[],"enable_review":"","type":"percentage","name":"","summary":"","brand":"","sku":"","good":[{"good_text":""}],"bad":[{"bad_text":""}],"score_override":"","override_value":"","rating":[{"rating_text":"","rating_number":"10"}],"price":[{"shop":"","price":"","link":"","icon":""}],"jnews_override_counter":{"view_counter_number":"0","share_counter_number":"0","like_counter_number":"0","dislike_counter_number":"0"},"jnews_post_split":{"post_split":[{"template":"1","tag":"h2","numbering":"asc","mode":"normal","toc_type":"normal"}]},"footnotes":""},"categories":[756,341,18,13,34,14],"tags":[],"class_list":["post-27967","post","type-post","status-publish","format-standard","has-post-thumbnail","hentry","category-consejo-directivo-nacional-cdn","category-cdp","category-nacionales","category-rio-tercero","category-seccionales","category-villa-maria"],"jetpack_featured_media_url":"https:\/\/atecordoba.org\/wp-content\/uploads\/2021\/09\/09_09_Reunion_Fabrica_Militar_Villa_Maria3.jpeg","_links":{"self":[{"href":"https:\/\/atecordoba.org\/index.php?rest_route=\/wp\/v2\/posts\/27967","targetHints":{"allow":["GET"]}}],"collection":[{"href":"https:\/\/atecordoba.org\/index.php?rest_route=\/wp\/v2\/posts"}],"about":[{"href":"https:\/\/atecordoba.org\/index.php?rest_route=\/wp\/v2\/types\/post"}],"author":[{"embeddable":true,"href":"https:\/\/atecordoba.org\/index.php?rest_route=\/wp\/v2\/users\/6"}],"replies":[{"embeddable":true,"href":"https:\/\/atecordoba.org\/index.php?rest_route=%2Fwp%2Fv2%2Fcomments&post=27967"}],"version-history":[{"count":3,"href":"https:\/\/atecordoba.org\/index.php?rest_route=\/wp\/v2\/posts\/27967\/revisions"}],"predecessor-version":[{"id":27975,"href":"https:\/\/atecordoba.org\/index.php?rest_route=\/wp\/v2\/posts\/27967\/revisions\/27975"}],"wp:featuredmedia":[{"embeddable":true,"href":"https:\/\/atecordoba.org\/index.php?rest_route=\/wp\/v2\/media\/27970"}],"wp:attachment":[{"href":"https:\/\/atecordoba.org\/index.php?rest_route=%2Fwp%2Fv2%2Fmedia&parent=27967"}],"wp:term":[{"taxonomy":"category","embeddable":true,"href":"https:\/\/atecordoba.org\/index.php?rest_route=%2Fwp%2Fv2%2Fcategories&post=27967"},{"taxonomy":"post_tag","embeddable":true,"href":"https:\/\/atecordoba.org\/index.php?rest_route=%2Fwp%2Fv2%2Ftags&post=27967"}],"curies":[{"name":"wp","href":"https:\/\/api.w.org\/{rel}","templated":true}]}}