{"id":27962,"date":"2021-09-09T12:13:07","date_gmt":"2021-09-09T15:13:07","guid":{"rendered":"https:\/\/atecordoba.org\/?p=27962"},"modified":"2021-09-09T12:13:32","modified_gmt":"2021-09-09T15:13:32","slug":"charla-virtual-sobre-defensa-nacional-y-soberania-popular","status":"publish","type":"post","link":"https:\/\/atecordoba.org\/?p=27962","title":{"rendered":"Charla virtual sobre Defensa Nacional y Soberan\u00eda Popular"},"content":{"rendered":"\n<div class=\"wp-block-image is-style-default\"><figure class=\"aligncenter size-large is-resized\"><img loading=\"lazy\" decoding=\"async\" src=\"https:\/\/atecordoba.org\/wp-content\/uploads\/2021\/09\/zoom-0921-1024x887.jpg\" alt=\"\" class=\"wp-image-27963\" width=\"768\" height=\"665\" \/><\/figure><\/div>\n\n\n\n<p>Este jueves 9 de septiembre a las 18 horas, el Secretario General de ATE y la CTA Aut\u00f3noma C\u00f3rdoba, Federico Giuliani, actuar\u00e1 como moderador del encuentro virtual sobre \u201cPensamiento Estrat\u00e9gico para la Defensa Nacional y la Soberan\u00eda Popular\u201d.<\/p>\n\n\n\n<p>Se trata de una instancia formativa y de debate en el marco del necesario y a\u00fan pendiente debate acerca de la necesidad de construir colectivamente un nuevo Proyecto de Emancipaci\u00f3n Nacional.<\/p>\n\n\n\n<p>Ciclo de charlas: \u201cPensamiento Estrat\u00e9gico para la Defensa Nacional y la Soberan\u00eda Popular\u201d.&nbsp; <\/p>\n\n\n\n<p>Segundo Encuentro| Jueves 9 de septiembre | 18 horas | Zoom y Redes sociales de&nbsp;<a href=\"https:\/\/www.facebook.com\/atecba\/?__cft__[0]=AZVQFNuVAQfZW4tXA80TbZlbpNtlPvsW1WlBY4KByHqMS5KmvLGgWHXbf-YqnaM0yulJHG4fB99oL8hcCGx1OP-qOtWYEg4SYIqAjWdD0pbaQ37_eoYaJL9VrdK-rm2VUs2nfFJi-nVnfc3XLYEdrtXEFBRknH8jpN8O2gXkYYycm-Bz3pGErZhOIKRrCzaoojc&amp;__tn__=kK-R\">ATE \u2013 CDP Cordoba<\/a><\/p>\n\n\n\n<p><strong>Exponen:<\/strong><\/p>\n\n\n\n<p>\u2013&nbsp;<strong>Claudio Coeroborga:<\/strong>&nbsp;Trabajador y Delegado de ATE en Dioxitek (C\u00f3rdoba)-planta de producci\u00f3n p\u00fablica de di\u00f3xido de uranio.<\/p>\n\n\n\n<p>\u2013&nbsp;<strong>Ivana Alejandra Pugranichnz:<\/strong>&nbsp;Despedida de la F\u00e1brica Argentina de Aviones FAdeA-CORREDMA (ATE).<\/p>\n\n\n\n<p>\u2013<strong>&nbsp;Walter Garc\u00eda:<\/strong>&nbsp;Trabajador de la Central Nuclear Embalse.<\/p>\n\n\n\n<p><strong>Modera:<\/strong>\u2013 Federico Giuliani: Secretario General de ATE y la CTA-A Provincia de C\u00f3rdoba.<\/p>\n","protected":false},"excerpt":{"rendered":"<p>Este jueves 9 de septiembre a las 18 horas, el Secretario General de ATE y la CTA Aut\u00f3noma C\u00f3rdoba, Federico Giuliani, actuar\u00e1 como moderador del encuentro virtual sobre \u201cPensamiento Estrat\u00e9gico para la Defensa Nacional y la Soberan\u00eda Popular\u201d. Se trata de una instancia formativa y de debate en el marco del necesario y a\u00fan pendiente [&hellip;]<\/p>\n","protected":false},"author":7,"featured_media":27963,"comment_status":"open","ping_status":"open","sticky":false,"template":"","format":"standard","meta":{"_exactmetrics_skip_tracking":false,"_exactmetrics_sitenote_active":false,"_exactmetrics_sitenote_note":"","_exactmetrics_sitenote_category":0,"jnews-multi-image_gallery":[],"jnews_single_post":{"subtitle":"Se trata de una instancia formativa y de debate en el marco del necesario y a\u00fan pendiente debate acerca de la necesidad de construir colectivamente un nuevo Proyecto de Emancipaci\u00f3n Nacional.","format":"standard","video":"","gallery":"","source_name":"","source_url":"","via_name":"","via_url":"","override":[{"template":"1","single_blog_custom":"","parallax":"1","fullscreen":"1","layout":"right-sidebar","sidebar":"default-sidebar","second_sidebar":"default-sidebar","sticky_sidebar":"1","share_position":"top","share_float_style":"share-monocrhome","show_share_counter":"1","show_view_counter":"1","show_featured":"1","show_post_meta":"1","show_post_author":"1","show_post_author_image":"1","show_post_date":"1","post_date_format":"default","post_date_format_custom":"Y\/m\/d","show_post_category":"1","post_reading_time_wpm":"300","zoom_button_out_step":"2","zoom_button_in_step":"3","show_post_tag":"1","show_prev_next_post":"1","show_popup_post":"1","number_popup_post":"1"}],"image_override":[{"single_post_thumbnail_size":"crop-500","single_post_gallery_size":"crop-500"}],"trending_post_position":"meta","trending_post_label":"Trending","sponsored_post_label":"Sponsored by","sponsored_post_name":"","sponsored_post_url":"","sponsored_post_logo":"","sponsored_post_desc":""},"jnews_primary_category":{"id":""},"jnews_social_meta":{"fb_title":"","fb_description":"","fb_image":"","twitter_title":"","twitter_description":"","twitter_image":""},"jnews_review":[],"enable_review":"","type":"percentage","name":"","summary":"","brand":"","sku":"","good":[{"good_text":""}],"bad":[{"bad_text":""}],"score_override":"","override_value":"","rating":[{"rating_text":"","rating_number":"10"}],"price":[{"shop":"","price":"","link":"","icon":""}],"jnews_override_counter":{"view_counter_number":"0","share_counter_number":"0","like_counter_number":"0","dislike_counter_number":"0"},"jnews_post_split":{"post_split":[{"template":"1","tag":"h2","numbering":"asc","mode":"normal","toc_type":"normal"}]},"footnotes":""},"categories":[88],"tags":[],"class_list":["post-27962","post","type-post","status-publish","format-standard","has-post-thumbnail","hentry","category-formacion"],"jetpack_featured_media_url":"https:\/\/atecordoba.org\/wp-content\/uploads\/2021\/09\/zoom-0921-e1631200338367.jpg","_links":{"self":[{"href":"https:\/\/atecordoba.org\/index.php?rest_route=\/wp\/v2\/posts\/27962","targetHints":{"allow":["GET"]}}],"collection":[{"href":"https:\/\/atecordoba.org\/index.php?rest_route=\/wp\/v2\/posts"}],"about":[{"href":"https:\/\/atecordoba.org\/index.php?rest_route=\/wp\/v2\/types\/post"}],"author":[{"embeddable":true,"href":"https:\/\/atecordoba.org\/index.php?rest_route=\/wp\/v2\/users\/7"}],"replies":[{"embeddable":true,"href":"https:\/\/atecordoba.org\/index.php?rest_route=%2Fwp%2Fv2%2Fcomments&post=27962"}],"version-history":[{"count":2,"href":"https:\/\/atecordoba.org\/index.php?rest_route=\/wp\/v2\/posts\/27962\/revisions"}],"predecessor-version":[{"id":27965,"href":"https:\/\/atecordoba.org\/index.php?rest_route=\/wp\/v2\/posts\/27962\/revisions\/27965"}],"wp:featuredmedia":[{"embeddable":true,"href":"https:\/\/atecordoba.org\/index.php?rest_route=\/wp\/v2\/media\/27963"}],"wp:attachment":[{"href":"https:\/\/atecordoba.org\/index.php?rest_route=%2Fwp%2Fv2%2Fmedia&parent=27962"}],"wp:term":[{"taxonomy":"category","embeddable":true,"href":"https:\/\/atecordoba.org\/index.php?rest_route=%2Fwp%2Fv2%2Fcategories&post=27962"},{"taxonomy":"post_tag","embeddable":true,"href":"https:\/\/atecordoba.org\/index.php?rest_route=%2Fwp%2Fv2%2Ftags&post=27962"}],"curies":[{"name":"wp","href":"https:\/\/api.w.org\/{rel}","templated":true}]}}