{"id":2796,"date":"2013-05-29T19:25:00","date_gmt":"2013-05-29T22:25:00","guid":{"rendered":"http:\/\/www.atecordoba.org\/?p=2796"},"modified":"2013-05-29T19:25:00","modified_gmt":"2013-05-29T22:25:00","slug":"el-paro-de-la-cta-en-cordoba-movilizados-para-que-la-historia-sea-presente","status":"publish","type":"post","link":"https:\/\/atecordoba.org\/?p=2796","title":{"rendered":"El paro de la CTA en C\u00f3rdoba: Movilizados para que la historia sea presente"},"content":{"rendered":"<p><em>La CTA se moviliz\u00f3 en C\u00f3rdoba Capital contra el impuesto al salario, la precarizaci\u00f3n laboral y la represi\u00f3n delasotista.<\/em><\/p>\n<p><a href=\"http:\/\/www.atecordoba.org\/wp-content\/uploads\/2013\/05\/foto-13.jpg\"><img loading=\"lazy\" decoding=\"async\" class=\"aligncenter size-full wp-image-2797\" title=\"foto 1\" src=\"http:\/\/www.atecordoba.org\/wp-content\/uploads\/2013\/05\/foto-13.jpg\" alt=\"\" width=\"653\" height=\"490\" \/><\/a><\/p>\n<p>Desde la 10, los compa\u00f1eros nos movilizamos hoy, en cumplimiento de la medida de fuerza que la Central llev\u00f3 a cabo en todo el pa\u00eds. Una columna con trabajadores de ATE se dirigi\u00f3 hasta la CTA C\u00f3rdoba Capital, encabezada por el secretario General de la provincia, Cacho Mengarelli. Compa\u00f1eras de AMMAR, telef\u00f3nicos de Utatel, periodistas del Cispren, trabajadores de call centers (UNOCC), peones de taxis de Sipetaco (que ven\u00edan de hacer una gran asamblea frente a la terminal de \u00f3mnibus) y distintas organizaciones sociales, confluyeron en una ruidosa manifestaci\u00f3n que se dirigi\u00f3 al corte que la corriente sindical del MTS realiz\u00f3 desde las primeras horas en el puente centenario.<\/p>\n<p>Interrumpido el tr\u00e1nsito de forma completa por dos horas, el conjunto de los manifestantes arrancaron posteriormente a la tradicional esquina de Colon y General Paz, donde se realiz\u00f3 el acto. All\u00ed se sumaron compa\u00f1eros del PO y la CCC.<\/p>\n<p>Las primeras palabras estuvieron a cargo de Mengarelli. \u201cCielito cielo que si, cielo del 69, con el arriba nervioso y el abajo que se mueve\u201d, parafrase\u00f3 a Mario Benedetti y continu\u00f3: \u201cpasaron \u00a0muchos a\u00f1os y hoy nos proponen el cordobesismo, que es la salud p\u00fablica destruida, como lo expresa la situaci\u00f3n del neuropsiqui\u00e1trico. Este cordobesismo es parte del brote represivo que mata a los quom, que reprime en Santiago del Estero, en Cuesta Blanca, en el Borda. Qu\u00e9 diferencia, el Cordobazo como un grito de libertad de la clase y el cordobesismo como un alarido de explotaci\u00f3n y represi\u00f3n de los sectores dominantes\u201d.<\/p>\n<p>Los ejes de los reclamos se centraron, adem\u00e1s, en el rechazo al impuesto al salario, por trabajo decente y en contra de la precarizaci\u00f3n laboral, que hace estragos en C\u00f3rdoba, tanto en el \u00e1mbito p\u00fablico como en el privado. Tambi\u00e9n se insisti\u00f3 en fortalecer la campa\u00f1a en contra a la instalaci\u00f3n de la multinacional Monsanto en la localidad de Malvinas Argentinas, uno de los temas que abordar\u00e1 la consulta popular sobre los bienes comunes que impulsa nuestra central.<\/p>\n<p>Un p\u00e1rrafo especial merecieron las declaraciones del gobernador De la Sota y su propuesta para reducir las penas de los genocidas condenados. \u201cNo me asombra, a\u00f1os atr\u00e1s De la Sota repiti\u00f3 a Videla, diciendo que las madres no hab\u00edan cuidado a sus hijos. Qu\u00e9 diferencia entre el cordobesismo y el Cordobazo de Tosco, Atilio L\u00f3pez, el Gordo Ferreyra y a la Perra Castro, gran dirigente de ATE en los \u201970\u201d, finaliz\u00f3 Mengarelli.<\/p>\n<p>A su turno, Guido Drezik, secretario General de CTA Capital, cerr\u00f3 el acto se\u00f1alando que \u201cac\u00e1 le rendimos homenaje al Cordobazo en la calle y peleando\u201d. El dirigente profundiz\u00f3 afirmando que, a diferencia del \u201969, hoy \u201cno est\u00e1 el inmenso cord\u00f3n industrial, ya no se ven los hijos de los obreros en las universidades y, por sobre todas las cosas, no se siente masivamente que est\u00e1 al alcance de todos un pa\u00eds con justicia social, dignidad para el asalariado. La reconversi\u00f3n de los noventa pesa mucho, y no ser\u00e1 f\u00e1cil, recuperarse de esos cambios. Pero en eso estamos, organizando la lucha desde la CTA, que se mantiene firme en sus principios, m\u00e1s all\u00e1 de las coyunturas\u201d.<\/p>\n<p>Despu\u00e9s de las 13 los compa\u00f1eros se desconcentraron, levantando bien alto aquellas banderas que, 44 a\u00f1os despu\u00e9s, siguen vigentes.<\/p>\n\n","protected":false},"excerpt":{"rendered":"<p>La CTA se moviliz\u00f3 en C\u00f3rdoba Capital contra el impuesto al salario, la precarizaci\u00f3n laboral y la represi\u00f3n delasotista. Desde la 10, los compa\u00f1eros nos movilizamos hoy, en cumplimiento de la medida de fuerza que la Central llev\u00f3 a cabo en todo el pa\u00eds. Una columna con trabajadores de ATE se dirigi\u00f3 hasta la CTA [&hellip;]<\/p>\n","protected":false},"author":1,"featured_media":19220,"comment_status":"open","ping_status":"open","sticky":false,"template":"","format":"standard","meta":{"_exactmetrics_skip_tracking":false,"_exactmetrics_sitenote_active":false,"_exactmetrics_sitenote_note":"","_exactmetrics_sitenote_category":0,"jnews-multi-image_gallery":[],"jnews_single_post":[],"jnews_primary_category":[],"jnews_social_meta":[],"jnews_review":[],"enable_review":"","type":"","name":"","summary":"","brand":"","sku":"","good":[],"bad":[],"score_override":"","override_value":"","rating":[],"price":[],"jnews_override_counter":[],"jnews_post_split":[],"footnotes":""},"categories":[18],"tags":[],"class_list":["post-2796","post","type-post","status-publish","format-standard","has-post-thumbnail","hentry","category-nacionales"],"jetpack_featured_media_url":"https:\/\/atecordoba.org\/wp-content\/uploads\/2020\/05\/logo-nuevochico-e1561581322808.png","_links":{"self":[{"href":"https:\/\/atecordoba.org\/index.php?rest_route=\/wp\/v2\/posts\/2796","targetHints":{"allow":["GET"]}}],"collection":[{"href":"https:\/\/atecordoba.org\/index.php?rest_route=\/wp\/v2\/posts"}],"about":[{"href":"https:\/\/atecordoba.org\/index.php?rest_route=\/wp\/v2\/types\/post"}],"author":[{"embeddable":true,"href":"https:\/\/atecordoba.org\/index.php?rest_route=\/wp\/v2\/users\/1"}],"replies":[{"embeddable":true,"href":"https:\/\/atecordoba.org\/index.php?rest_route=%2Fwp%2Fv2%2Fcomments&post=2796"}],"version-history":[{"count":0,"href":"https:\/\/atecordoba.org\/index.php?rest_route=\/wp\/v2\/posts\/2796\/revisions"}],"wp:featuredmedia":[{"embeddable":true,"href":"https:\/\/atecordoba.org\/index.php?rest_route=\/wp\/v2\/media\/19220"}],"wp:attachment":[{"href":"https:\/\/atecordoba.org\/index.php?rest_route=%2Fwp%2Fv2%2Fmedia&parent=2796"}],"wp:term":[{"taxonomy":"category","embeddable":true,"href":"https:\/\/atecordoba.org\/index.php?rest_route=%2Fwp%2Fv2%2Fcategories&post=2796"},{"taxonomy":"post_tag","embeddable":true,"href":"https:\/\/atecordoba.org\/index.php?rest_route=%2Fwp%2Fv2%2Ftags&post=2796"}],"curies":[{"name":"wp","href":"https:\/\/api.w.org\/{rel}","templated":true}]}}