{"id":27959,"date":"2021-09-09T11:42:39","date_gmt":"2021-09-09T14:42:39","guid":{"rendered":"https:\/\/atecordoba.org\/?p=27959"},"modified":"2021-09-09T11:43:25","modified_gmt":"2021-09-09T14:43:25","slug":"los-trabajadores-de-la-salud-cumplen-otro-dia-de-protestas","status":"publish","type":"post","link":"https:\/\/atecordoba.org\/?p=27959","title":{"rendered":"Los trabajadores de la salud cumplen otro d\u00eda de protestas"},"content":{"rendered":"\n<div class=\"wp-block-image is-style-default\"><figure class=\"aligncenter size-large is-resized\"><img loading=\"lazy\" decoding=\"async\" src=\"https:\/\/atecordoba.org\/wp-content\/uploads\/2021\/09\/bandera-ATE-en-colon-y-gral-paz.jpg\" alt=\"\" class=\"wp-image-27960\" width=\"660\" height=\"362\" \/><\/figure><\/div>\n\n\n\n<p>Se cumple hoy la segunda jornada del paro por 48 horas iniciado ayer por la Multisectorial de la Salud de C\u00f3rdoba en todos los hospitales p\u00fablicos de nuestra ciudad y del interior provincial, con medidas de fuerza parciales.<\/p>\n\n\n\n<p>La protesta se lleva adelante en el marco del plan de lucha que mantiene la Multisectorial que entre otras organizaciones integra la Asociaci\u00f3n Trabajadores del Estado (ATE-CTA) desde comienzos de este a\u00f1o, en reclamo de mejores condiciones laborales, pase a planta permanente y aumentos salariales, entre otros pedidos al gobierno provincial.<\/p>\n\n\n\n<p>En la Capital, la medida de fuerza arranc\u00f3 en la v\u00edspera con un abandono de tareas en horas de la ma\u00f1ana. En la ocasi\u00f3n, tambi\u00e9n se llev\u00f3 a cabo una concentraci\u00f3n y acto de protesta en la intersecci\u00f3n de las avenidas Col\u00f3n y General Paz, donde habl\u00f3 Hugo Dur\u00e1n, Secretario Adjunto de ATE C\u00f3rdoba. \u201cRechazamos la pauta salarial otorgada por el gobierno de C\u00f3rdoba hasta finalizar el a\u00f1o, que contempla un 28% m\u00e1s en tantas cuotas que parece un \u2018Ahora 12\u2019 (el plan del gobierno nacional para compras en cuotas). Dicha pauta salarial no contempla la incorporaci\u00f3n de los bonos al salario b\u00e1sico, ni la deuda generada (durante) los \u00faltimos cuatro a\u00f1os con los agentes de salud\u201d, explic\u00f3 Dur\u00e1n.<\/p>\n\n\n\n<p>Adem\u00e1s, el dirigente detall\u00f3 que \u201cse reconocieron solo dos de las cuatro categor\u00edas adeudadas en el escalaf\u00f3n para los integrantes de la ley 7.625 (del r\u00e9gimen del personal que integra el equipo de salud humana), sin dar respuesta a la solicitud para tomar m\u00e1s personal ni al pase a planta permanente de un ej\u00e9rcito de contratados y monotributistas que la Provincia sum\u00f3 a los hospitales de manera irregular durante los \u00faltimos a\u00f1os\u201d.<\/p>\n\n\n\n<p>A estos motivos se agrega, seg\u00fan Dur\u00e1n, que la Multisectorial busca iniciar el di\u00e1logo directamente con el Gobierno Provincial, que hasta el momento negocia aumentos salariales \u201csolo con el SEP (Sindicato de Empleados P\u00fablicos), que representa a un peque\u00f1o grupo de trabajadores de los hospitales, dejando afuera al resto de las organizaciones sindicales que claramente representan legal y leg\u00edtimamente los intereses de las y los trabajadores del sector\u201d. \u201cLos equipos de salud ya mostraron un amplio rechazo a la pauta salarial otorgada, por insuficiente e inconsulta, en las distintas marchas y medidas de fuerza que se vienen realizando a lo largo y ancho de la provincia\u201d, concluy\u00f3 el dirigente.<\/p>\n\n\n\n<p>La medida de fuerza se replic\u00f3 ayer en San Francisco y en hospitales de las cabeceras departamentales del interior provincial.<\/p>\n","protected":false},"excerpt":{"rendered":"<p>Se cumple hoy la segunda jornada del paro por 48 horas iniciado ayer por la Multisectorial de la Salud de C\u00f3rdoba en todos los hospitales p\u00fablicos de nuestra ciudad y del interior provincial, con medidas de fuerza parciales. La protesta se lleva adelante en el marco del plan de lucha que mantiene la Multisectorial que [&hellip;]<\/p>\n","protected":false},"author":7,"featured_media":27960,"comment_status":"open","ping_status":"open","sticky":false,"template":"","format":"standard","meta":{"_exactmetrics_skip_tracking":false,"_exactmetrics_sitenote_active":false,"_exactmetrics_sitenote_note":"","_exactmetrics_sitenote_category":0,"jnews-multi-image_gallery":[],"jnews_single_post":{"subtitle":"Aumento salarial y mejoras en las condiciones laborales son reclamos permanente desde el comienzo de la pandemia. ","format":"standard","video":"","gallery":"","source_name":"","source_url":"","via_name":"","via_url":"","override":[{"template":"1","single_blog_custom":"","parallax":"1","fullscreen":"1","layout":"right-sidebar","sidebar":"default-sidebar","second_sidebar":"default-sidebar","sticky_sidebar":"1","share_position":"top","share_float_style":"share-monocrhome","show_share_counter":"1","show_view_counter":"1","show_featured":"1","show_post_meta":"1","show_post_author":"1","show_post_author_image":"1","show_post_date":"1","post_date_format":"default","post_date_format_custom":"Y\/m\/d","show_post_category":"1","post_reading_time_wpm":"300","zoom_button_out_step":"2","zoom_button_in_step":"3","show_post_tag":"1","show_prev_next_post":"1","show_popup_post":"1","number_popup_post":"1"}],"image_override":[{"single_post_thumbnail_size":"crop-500","single_post_gallery_size":"crop-500"}],"trending_post_position":"meta","trending_post_label":"Trending","sponsored_post_label":"Sponsored by","sponsored_post_name":"","sponsored_post_url":"","sponsored_post_logo":"","sponsored_post_desc":""},"jnews_primary_category":{"id":""},"jnews_social_meta":{"fb_title":"","fb_description":"","fb_image":"","twitter_title":"","twitter_description":"","twitter_image":""},"jnews_review":[],"enable_review":"","type":"percentage","name":"","summary":"","brand":"","sku":"","good":[{"good_text":""}],"bad":[{"bad_text":""}],"score_override":"","override_value":"","rating":[{"rating_text":"","rating_number":"10"}],"price":[{"shop":"","price":"","link":"","icon":""}],"jnews_override_counter":{"view_counter_number":"0","share_counter_number":"0","like_counter_number":"0","dislike_counter_number":"0"},"jnews_post_split":{"post_split":[{"template":"1","tag":"h2","numbering":"asc","mode":"normal","toc_type":"normal"}]},"footnotes":""},"categories":[8],"tags":[898],"class_list":["post-27959","post","type-post","status-publish","format-standard","has-post-thumbnail","hentry","category-provinciales","tag-paro-multisectorial-de-la-salud"],"jetpack_featured_media_url":"https:\/\/atecordoba.org\/wp-content\/uploads\/2021\/09\/bandera-ATE-en-colon-y-gral-paz-e1631198535533.jpg","_links":{"self":[{"href":"https:\/\/atecordoba.org\/index.php?rest_route=\/wp\/v2\/posts\/27959","targetHints":{"allow":["GET"]}}],"collection":[{"href":"https:\/\/atecordoba.org\/index.php?rest_route=\/wp\/v2\/posts"}],"about":[{"href":"https:\/\/atecordoba.org\/index.php?rest_route=\/wp\/v2\/types\/post"}],"author":[{"embeddable":true,"href":"https:\/\/atecordoba.org\/index.php?rest_route=\/wp\/v2\/users\/7"}],"replies":[{"embeddable":true,"href":"https:\/\/atecordoba.org\/index.php?rest_route=%2Fwp%2Fv2%2Fcomments&post=27959"}],"version-history":[{"count":1,"href":"https:\/\/atecordoba.org\/index.php?rest_route=\/wp\/v2\/posts\/27959\/revisions"}],"predecessor-version":[{"id":27961,"href":"https:\/\/atecordoba.org\/index.php?rest_route=\/wp\/v2\/posts\/27959\/revisions\/27961"}],"wp:featuredmedia":[{"embeddable":true,"href":"https:\/\/atecordoba.org\/index.php?rest_route=\/wp\/v2\/media\/27960"}],"wp:attachment":[{"href":"https:\/\/atecordoba.org\/index.php?rest_route=%2Fwp%2Fv2%2Fmedia&parent=27959"}],"wp:term":[{"taxonomy":"category","embeddable":true,"href":"https:\/\/atecordoba.org\/index.php?rest_route=%2Fwp%2Fv2%2Fcategories&post=27959"},{"taxonomy":"post_tag","embeddable":true,"href":"https:\/\/atecordoba.org\/index.php?rest_route=%2Fwp%2Fv2%2Ftags&post=27959"}],"curies":[{"name":"wp","href":"https:\/\/api.w.org\/{rel}","templated":true}]}}