{"id":27956,"date":"2021-09-09T11:33:02","date_gmt":"2021-09-09T14:33:02","guid":{"rendered":"https:\/\/atecordoba.org\/?p=27956"},"modified":"2021-09-09T11:33:28","modified_gmt":"2021-09-09T14:33:28","slug":"que-estado-es-necesario-para-atender-las-necesidades-de-las-mayorias-populares","status":"publish","type":"post","link":"https:\/\/atecordoba.org\/?p=27956","title":{"rendered":"Qu\u00e9 Estado es necesario para atender las necesidades de las mayor\u00edas populares"},"content":{"rendered":"\n<div class=\"wp-block-image is-style-default\"><figure class=\"aligncenter size-large is-resized\"><img loading=\"lazy\" decoding=\"async\" src=\"https:\/\/atecordoba.org\/wp-content\/uploads\/2021\/09\/julio-fuentes.png\" alt=\"\" class=\"wp-image-27957\" width=\"658\" height=\"374\" srcset=\"https:\/\/atecordoba.org\/wp-content\/uploads\/2021\/09\/julio-fuentes.png 877w, https:\/\/atecordoba.org\/wp-content\/uploads\/2021\/09\/julio-fuentes-300x170.png 300w, https:\/\/atecordoba.org\/wp-content\/uploads\/2021\/09\/julio-fuentes-768x436.png 768w, https:\/\/atecordoba.org\/wp-content\/uploads\/2021\/09\/julio-fuentes-750x426.png 750w\" sizes=\"auto, (max-width: 658px) 100vw, 658px\" \/><\/figure><\/div>\n\n\n\n<p>Para reflexionar sobre las importantes<a href=\"https:\/\/atecordoba.org\/?p=27810\"> jornadas de debate que la conducci\u00f3n nacional de ATE convoc\u00f3 a principios de m<\/a>es, bajo la consigna \u201cEl Estado que necesitamos para superar las pandemias: Hacia un Estado democr\u00e1tico y popular\u201d, el programa radial de ATE C\u00f3rdoba \u2018Entre Todos y Todas\u2019 convoc\u00f3 al secretario General de la Confederaci\u00f3n Latinoamericana y del Caribe de Trabajadores Estatales (CLATE), Julio Fuentes, de larga trayectoria como dirigente de ATE.<\/p>\n\n\n\n<p>La iniciativa busc\u00f3 escapar a las pol\u00e9micas de coyuntura y agrupo en tres sucesivas jornadas a dirigentes y dirigentas sindicales, intelectuales y representantes pol\u00edticos para poner en debate el tema de El Estado, y cont\u00f3 con la participaci\u00f3n de nuestro secretario General, Federico Giuliani.<\/p>\n\n\n\n<p>Fuentes comenz\u00f3 pregunt\u00e1ndose \u201c\u00bfqu\u00e9 forma debe tener un Estado popular? \u00bfEs un mismo instrumento que el que les sirve a las pol\u00edticas neoliberales? Es algo que hay que poner en cuesti\u00f3n y en debate. Como en el caso del sistema sanitario, tenemos que ir a definiciones profundas porque Durante los procesos neoliberales tambi\u00e9n hay hospitales p\u00fablicos, pero eso no significa que est\u00e9n al servicio de las necesidades de la poblaci\u00f3n\u201d.<\/p>\n\n\n\n<p>Actual m\u00e1ximo referente de CLATE, Fuentes dijo que \u201cpor eso creemos que hay que hacer fuerte hincapi\u00e9 en la forma que debe tomar el Estado: una cosa es un hospital manejado caprichosamente por el funcionario de turno y otra distinta es tener un sistema de salud con un consejo donde participen los trabajadores y las trabajadoras, la comunidad, el poder pol\u00edtico, las universidades, los espacios acad\u00e9micos y cient\u00edficos. Quiz\u00e1s por esa v\u00eda tendr\u00edamos un hospital distinto, con m\u00e1s capacidad de estar al servicio de la poblaci\u00f3n y no sufrir los vaivenes cada cuatro a\u00f1os que puede tener el cambio de un gobierno a otro\u201d.<\/p>\n\n\n\n<p>Y record\u00f3 que \u201cen educaci\u00f3n, los \u00faltimos 140 a\u00f1os se discuti\u00f3 el tema dos veces: en 1882, con el primer congreso pedag\u00f3gico que pari\u00f3 la ley de educaci\u00f3n en Argentina, y en 1984 el segundo, con la recuperaci\u00f3n de la democracia. Eso paso hace 40 a\u00f1os, hoy el cambio tecnol\u00f3gico es tan brutal que debemos discutir nuevamente c\u00f3mo va a ser la escuela p\u00fablica del futuro, para que est\u00e9 al servicio de los intereses populares\u201d.<\/p>\n\n\n\n<p>En esa l\u00ednea, Fuentes insisti\u00f3 que \u201ctenemos que repensar en general el Estado, donde los y las trabajadoras tenemos un rol fundamental en ese debate, porque sabemos que hoy el Estado es ineficiente a las necesidades que tiene la poblaci\u00f3n, ineficiente a los objetivos de llevar adelante una f\u00e1brica como lo saben perfectamente los compa\u00f1eros de las f\u00e1bricas militares de C\u00f3rdoba\u201d.<\/p>\n\n\n\n<p>Adem\u00e1s, el dirigente estatal remarc\u00f3 que \u201ceste Estado es el que model\u00f3 el neoliberalismo en los \u201990 y no ha sufrido grandes cambios a esta parte. Por eso hay discutir la forma que el Estado funciona, hay que ponerle contenido y cabeza pensar cu\u00e1l es la estructura que necesitamos para cumplir con los intereses del pueblo, de la patria y el desarrollo soberano, sirviendo a las pol\u00edticas p\u00fablicas a mediano y largo plazo. Hay que dotar a las empresas p\u00fablicas de instrumentos m\u00e1s modernos de gesti\u00f3n que permitan que la administraci\u00f3n no cambie tan abruptamente con los cambios de gobierno\u201d.<\/p>\n\n\n\n<p>Por \u00faltimo, Fuentes dijo que la CLATE prepara su congreso de octubre pr\u00f3ximo donde \u201ctambi\u00e9n se pondr\u00e1 en debate el modelo de Estado, diciendo a las y los trabajadores estatales a poner a pensar y trabajar sobre las formas que debe tener un Estado, c\u00f3mo deben ser los circuitos administrativos, la carrera, hasta d\u00f3nde van a ocupar cargos los pol\u00edticos que sean elegidos democr\u00e1ticamente cada cuatro a\u00f1os y cu\u00e1les ser\u00e1n destinados al personal de carrera, c\u00f3mo va a ser la escuela de la administraci\u00f3n p\u00fablica. Eso es en definitiva es lo que queremos poner en debate\u201d.<\/p>\n","protected":false},"excerpt":{"rendered":"<p>Para reflexionar sobre las importantes jornadas de debate que la conducci\u00f3n nacional de ATE convoc\u00f3 a principios de mes, bajo la consigna \u201cEl Estado que necesitamos para superar las pandemias: Hacia un Estado democr\u00e1tico y popular\u201d, el programa radial de ATE C\u00f3rdoba \u2018Entre Todos y Todas\u2019 convoc\u00f3 al secretario General de la Confederaci\u00f3n Latinoamericana y [&hellip;]<\/p>\n","protected":false},"author":7,"featured_media":27957,"comment_status":"open","ping_status":"open","sticky":false,"template":"","format":"standard","meta":{"_exactmetrics_skip_tracking":false,"_exactmetrics_sitenote_active":false,"_exactmetrics_sitenote_note":"","_exactmetrics_sitenote_category":0,"jnews-multi-image_gallery":[],"jnews_single_post":{"subtitle":"Debates necesarios para intervenir en el desarrollo del Estado.","format":"standard","video":"","gallery":"","source_name":"","source_url":"","via_name":"","via_url":"","override":[{"template":"1","single_blog_custom":"","parallax":"1","fullscreen":"1","layout":"right-sidebar","sidebar":"default-sidebar","second_sidebar":"default-sidebar","sticky_sidebar":"1","share_position":"top","share_float_style":"share-monocrhome","show_share_counter":"1","show_view_counter":"1","show_featured":"1","show_post_meta":"1","show_post_author":"1","show_post_author_image":"1","show_post_date":"1","post_date_format":"default","post_date_format_custom":"Y\/m\/d","show_post_category":"1","post_reading_time_wpm":"300","zoom_button_out_step":"2","zoom_button_in_step":"3","show_post_tag":"1","show_prev_next_post":"1","show_popup_post":"1","number_popup_post":"1"}],"image_override":[{"single_post_thumbnail_size":"crop-500","single_post_gallery_size":"crop-500"}],"trending_post_position":"meta","trending_post_label":"Trending","sponsored_post_label":"Sponsored by","sponsored_post_name":"","sponsored_post_url":"","sponsored_post_logo":"","sponsored_post_desc":""},"jnews_primary_category":{"id":""},"jnews_social_meta":{"fb_title":"","fb_description":"","fb_image":"","twitter_title":"","twitter_description":"","twitter_image":""},"jnews_review":[],"enable_review":"","type":"percentage","name":"","summary":"","brand":"","sku":"","good":[{"good_text":""}],"bad":[{"bad_text":""}],"score_override":"","override_value":"","rating":[{"rating_text":"","rating_number":"10"}],"price":[{"shop":"","price":"","link":"","icon":""}],"jnews_override_counter":{"view_counter_number":"0","share_counter_number":"0","like_counter_number":"0","dislike_counter_number":"0"},"jnews_post_split":{"post_split":[{"template":"1","tag":"h2","numbering":"asc","mode":"normal","toc_type":"normal"}]},"footnotes":""},"categories":[10],"tags":[],"class_list":["post-27956","post","type-post","status-publish","format-standard","has-post-thumbnail","hentry","category-accion-politica"],"jetpack_featured_media_url":"https:\/\/atecordoba.org\/wp-content\/uploads\/2021\/09\/julio-fuentes.png","_links":{"self":[{"href":"https:\/\/atecordoba.org\/index.php?rest_route=\/wp\/v2\/posts\/27956","targetHints":{"allow":["GET"]}}],"collection":[{"href":"https:\/\/atecordoba.org\/index.php?rest_route=\/wp\/v2\/posts"}],"about":[{"href":"https:\/\/atecordoba.org\/index.php?rest_route=\/wp\/v2\/types\/post"}],"author":[{"embeddable":true,"href":"https:\/\/atecordoba.org\/index.php?rest_route=\/wp\/v2\/users\/7"}],"replies":[{"embeddable":true,"href":"https:\/\/atecordoba.org\/index.php?rest_route=%2Fwp%2Fv2%2Fcomments&post=27956"}],"version-history":[{"count":1,"href":"https:\/\/atecordoba.org\/index.php?rest_route=\/wp\/v2\/posts\/27956\/revisions"}],"predecessor-version":[{"id":27958,"href":"https:\/\/atecordoba.org\/index.php?rest_route=\/wp\/v2\/posts\/27956\/revisions\/27958"}],"wp:featuredmedia":[{"embeddable":true,"href":"https:\/\/atecordoba.org\/index.php?rest_route=\/wp\/v2\/media\/27957"}],"wp:attachment":[{"href":"https:\/\/atecordoba.org\/index.php?rest_route=%2Fwp%2Fv2%2Fmedia&parent=27956"}],"wp:term":[{"taxonomy":"category","embeddable":true,"href":"https:\/\/atecordoba.org\/index.php?rest_route=%2Fwp%2Fv2%2Fcategories&post=27956"},{"taxonomy":"post_tag","embeddable":true,"href":"https:\/\/atecordoba.org\/index.php?rest_route=%2Fwp%2Fv2%2Ftags&post=27956"}],"curies":[{"name":"wp","href":"https:\/\/api.w.org\/{rel}","templated":true}]}}