{"id":27952,"date":"2021-09-09T10:18:20","date_gmt":"2021-09-09T13:18:20","guid":{"rendered":"https:\/\/atecordoba.org\/?p=27952"},"modified":"2021-09-09T11:44:15","modified_gmt":"2021-09-09T14:44:15","slug":"con-importante-participacion-el-ministerio-de-trabajo-voto-ayer-sus-nuevos-delegados-de-ate","status":"publish","type":"post","link":"https:\/\/atecordoba.org\/?p=27952","title":{"rendered":"Con importante participaci\u00f3n el Ministerio de Trabajo vot\u00f3 ayer sus nuevos delegados de ATE"},"content":{"rendered":"\n<div class=\"wp-block-image is-style-default\"><figure class=\"alignright size-large is-resized\"><img loading=\"lazy\" decoding=\"async\" src=\"https:\/\/atecordoba.org\/wp-content\/uploads\/2021\/09\/Screenshot_20210909-101123_WhatsApp-574x1024.jpg\" alt=\"\" class=\"wp-image-27954\" width=\"450\" height=\"802\" \/><figcaption>Un compa\u00f1ero, votando ayer. <\/figcaption><\/figure><\/div>\n\n\n\n<p>Ayer se llev\u00f3 a cabo la elecci\u00f3n de representantes gremiales de ATE en la Agencia Territorial C\u00f3rdoba del Ministerio de Trabajo de la Naci\u00f3n, en su sede de caslle 27 de abril 351.<\/p>\n\n\n\n<p>En la ocasi\u00f3n resultaron electos la Malena Berger y Emiliano Navarro, y se desatac\u00f3 una muy buena participaci\u00f3n de las y los trabajadores del sector, triplicando en cantidad de votos quienes se encontraban haciendo presencialidad por la burbuja ayer. De esta forma, puede comprobarse la legitimidad de ATE en el organismos, toda vez que las y los compa\u00f1eros fueron a votar incluso cuando no ten\u00edan que cumplir funciones en la oficina. <\/p>\n\n\n\n<p>En el balance de la jornada, Berger dijo que &#8220;estamos muy contentas porque era muy necesaria esta instancia de ratificaci\u00f3n de los compa\u00f1eros de sus delegados. Si bien con Emiliano Navarro ven\u00edamos trabajando y apoyando los delegados anteriores, destacamos que en la oficina ese d\u00eda por la burbuja hab\u00eda 10 compa\u00f1eros haciendo presencialidad pero fueron 32 a votar, moviliz\u00e1ndose por propia voluntad hasta la urna&#8221;. <\/p>\n\n\n\n<p>La novel delegada afirm\u00f3 que el panorama que muestra el organismo noes el mejor porque &#8220;despu\u00e9s de cuatro a\u00f1os de macrismo y una pandemia, nos encontramos con un organismo totalmente desarticulado y desorganizado. La realidad laboral hacia adentro del Ministerio tiene una cara en Capital y otra en el interior. En C\u00f3rdoba est\u00e1bamos en dos secretarias separadas, con dos edificios distintos. Donde estaba la Secretar\u00eda de Empleo estaba totalmente derruido, se vino abajo y tuvimos que huir del lugar; nos robaron todo, las computadoras, todo&#8221;.<\/p>\n\n\n\n<p>Y agreg\u00f3: &#8220;la nueva gesti\u00f3n comenz\u00f3 en 2019 con un d\u00e9ficit de computadoras y edilicio. Ahora unificaron las dos secretar\u00edas en un mismo lugar, en 27 de abril. Pero a\u00fan no se repusieron las computadoras y la vuelta a la presencialidad se est\u00e1 haciendo de manera improvisada, los planes de trabajo de Cymat no fueron aprobados, estamos sin agua potable porque los dispenser est\u00e1n podridos, entre otras cosas. Hay un mont\u00f3n de precariedades, sumado a la precariedad salarial, genera que las y los empleados hacemos lo que podemos en ese contexto. La oficina se sostiene por la vocaci\u00f3n de servicio de las y los trabajadores&#8221;.<\/p>\n\n\n\n<p>La delegada asegur\u00f3 que, en ese marco, &#8220;nuestro orden de prioridades tiene primero la reivindicaci\u00f3n salarial, tambi\u00e9n est\u00e1 el reclamo por las recategorizaciones en base al escalaf\u00f3n Sinep. Desde Recursos Humano hay medidas poco claras de movimientos sobre grados que se asignan y los que corresponden por la antig\u00fcedad&#8221;.<\/p>\n\n\n\n<p>Berger destac\u00f3 que &#8220;respecto a los pases a planta anunciados en la \u00faltima paritaria, durante todo el macrismo no hubo ingresos ni se realizaron concursos y ahora hubo un pase a planta masivo&#8221;.<\/p>\n\n\n\n<p>Finalmente hizo referencia a la aplicaci\u00f3n plena del convenio 190 de la OIT para que la cartera laboral sea declarada espacio libre de violencia hacia las y los trabajadores. &#8220;Vamos a militar ese tema porque abarca todo&#8221;, concluy\u00f3.<\/p>\n","protected":false},"excerpt":{"rendered":"<p>Ayer se llev\u00f3 a cabo la elecci\u00f3n de representantes gremiales de ATE en la Agencia Territorial C\u00f3rdoba del Ministerio de Trabajo de la Naci\u00f3n, en su sede de caslle 27 de abril 351. En la ocasi\u00f3n resultaron electos la Malena Berger y Emiliano Navarro, y se desatac\u00f3 una muy buena participaci\u00f3n de las y los [&hellip;]<\/p>\n","protected":false},"author":7,"featured_media":27954,"comment_status":"open","ping_status":"open","sticky":false,"template":"","format":"standard","meta":{"_exactmetrics_skip_tracking":false,"_exactmetrics_sitenote_active":false,"_exactmetrics_sitenote_note":"","_exactmetrics_sitenote_category":0,"jnews-multi-image_gallery":[],"jnews_single_post":{"subtitle":"Con el apoyo de las y los compa\u00f1eros, ATE ratifica su legitimidad en el sector.","format":"standard","video":"","gallery":"","source_name":"","source_url":"","via_name":"","via_url":"","override":[{"template":"1","single_blog_custom":"","parallax":"1","fullscreen":"1","layout":"right-sidebar","sidebar":"default-sidebar","second_sidebar":"default-sidebar","sticky_sidebar":"1","share_position":"top","share_float_style":"share-monocrhome","show_share_counter":"1","show_view_counter":"1","show_featured":"1","show_post_meta":"1","show_post_author":"1","show_post_author_image":"1","show_post_date":"1","post_date_format":"default","post_date_format_custom":"Y\/m\/d","show_post_category":"1","post_reading_time_wpm":"300","zoom_button_out_step":"2","zoom_button_in_step":"3","show_post_tag":"1","show_prev_next_post":"1","show_popup_post":"1","number_popup_post":"1"}],"image_override":[{"single_post_thumbnail_size":"crop-500","single_post_gallery_size":"crop-500"}],"trending_post_position":"meta","trending_post_label":"Trending","sponsored_post_label":"Sponsored by","sponsored_post_name":"","sponsored_post_url":"","sponsored_post_logo":"","sponsored_post_desc":""},"jnews_primary_category":{"id":""},"jnews_social_meta":{"fb_title":"","fb_description":"","fb_image":"","twitter_title":"","twitter_description":"","twitter_image":""},"jnews_review":[],"enable_review":"","type":"percentage","name":"","summary":"","brand":"","sku":"","good":[{"good_text":""}],"bad":[{"bad_text":""}],"score_override":"","override_value":"","rating":[{"rating_text":"","rating_number":"10"}],"price":[{"shop":"","price":"","link":"","icon":""}],"jnews_override_counter":{"view_counter_number":"0","share_counter_number":"0","like_counter_number":"0","dislike_counter_number":"0"},"jnews_post_split":{"post_split":[{"template":"1","tag":"h2","numbering":"asc","mode":"normal","toc_type":"normal"}]},"footnotes":""},"categories":[18],"tags":[338],"class_list":["post-27952","post","type-post","status-publish","format-standard","has-post-thumbnail","hentry","category-nacionales","tag-ministerio-de-trabajo-de-la-nacion"],"jetpack_featured_media_url":"https:\/\/atecordoba.org\/wp-content\/uploads\/2021\/09\/Screenshot_20210909-101123_WhatsApp-e1631198648153.jpg","_links":{"self":[{"href":"https:\/\/atecordoba.org\/index.php?rest_route=\/wp\/v2\/posts\/27952","targetHints":{"allow":["GET"]}}],"collection":[{"href":"https:\/\/atecordoba.org\/index.php?rest_route=\/wp\/v2\/posts"}],"about":[{"href":"https:\/\/atecordoba.org\/index.php?rest_route=\/wp\/v2\/types\/post"}],"author":[{"embeddable":true,"href":"https:\/\/atecordoba.org\/index.php?rest_route=\/wp\/v2\/users\/7"}],"replies":[{"embeddable":true,"href":"https:\/\/atecordoba.org\/index.php?rest_route=%2Fwp%2Fv2%2Fcomments&post=27952"}],"version-history":[{"count":1,"href":"https:\/\/atecordoba.org\/index.php?rest_route=\/wp\/v2\/posts\/27952\/revisions"}],"predecessor-version":[{"id":27955,"href":"https:\/\/atecordoba.org\/index.php?rest_route=\/wp\/v2\/posts\/27952\/revisions\/27955"}],"wp:featuredmedia":[{"embeddable":true,"href":"https:\/\/atecordoba.org\/index.php?rest_route=\/wp\/v2\/media\/27954"}],"wp:attachment":[{"href":"https:\/\/atecordoba.org\/index.php?rest_route=%2Fwp%2Fv2%2Fmedia&parent=27952"}],"wp:term":[{"taxonomy":"category","embeddable":true,"href":"https:\/\/atecordoba.org\/index.php?rest_route=%2Fwp%2Fv2%2Fcategories&post=27952"},{"taxonomy":"post_tag","embeddable":true,"href":"https:\/\/atecordoba.org\/index.php?rest_route=%2Fwp%2Fv2%2Ftags&post=27952"}],"curies":[{"name":"wp","href":"https:\/\/api.w.org\/{rel}","templated":true}]}}