{"id":27944,"date":"2021-09-08T15:13:13","date_gmt":"2021-09-08T18:13:13","guid":{"rendered":"https:\/\/atecordoba.org\/?p=27944"},"modified":"2021-09-08T15:13:45","modified_gmt":"2021-09-08T18:13:45","slug":"brasil-y-el-neofascismo-que-amenaza-la-democracia","status":"publish","type":"post","link":"https:\/\/atecordoba.org\/?p=27944","title":{"rendered":"Brasil y el neofascismo que amenaza la democracia"},"content":{"rendered":"\n<div class=\"wp-block-image is-style-default\"><figure class=\"aligncenter size-large is-resized\"><img loading=\"lazy\" decoding=\"async\" src=\"https:\/\/atecordoba.org\/wp-content\/uploads\/2021\/09\/bo0lsonaro-1024x640.jpg\" alt=\"\" class=\"wp-image-27946\" width=\"768\" height=\"480\" srcset=\"https:\/\/atecordoba.org\/wp-content\/uploads\/2021\/09\/bo0lsonaro-1024x640.jpg 1024w, https:\/\/atecordoba.org\/wp-content\/uploads\/2021\/09\/bo0lsonaro-300x188.jpg 300w, https:\/\/atecordoba.org\/wp-content\/uploads\/2021\/09\/bo0lsonaro-768x480.jpg 768w, https:\/\/atecordoba.org\/wp-content\/uploads\/2021\/09\/bo0lsonaro-750x469.jpg 750w, https:\/\/atecordoba.org\/wp-content\/uploads\/2021\/09\/bo0lsonaro-1140x713.jpg 1140w, https:\/\/atecordoba.org\/wp-content\/uploads\/2021\/09\/bo0lsonaro.jpg 1200w\" sizes=\"auto, (max-width: 768px) 100vw, 768px\" \/><\/figure><\/div>\n\n\n\n<p>En una entrevista realizada durante la \u00faltima edici\u00f3n del programa radial &#8216;Entre Todos y Todas&#8217; , que lleva adelante la Secretaria de Prensa de ATE C\u00f3rdoba, el especialista en temas internacionales e integrante del Departametno Internacional de la CTA Aut\u00f3noma, Mariano Vazquez, dio un pantallazo sobre la situaci\u00f3n de Brasil tras los ataques del presidente Jair Bolsonaro a la Corte Suprema de ese pa\u00eds y los amagues de autogolpe de Estado. <\/p>\n\n\n\n<p>Consultado sobre el particular, Vazquez confirm\u00f3 que en el pa\u00eds vecino &#8220;sucede una situaci\u00f3n de tipo de \u2018aprestos golpistas\u2019 por parte de Bolsonaro e incluso de autogolpe. Desde hace varios meses Brasil -que est\u00e1 sumido en una crisis sanitaria por el Covid y en una crisis econ\u00f3mica muy fuerte- sufre una crisis de gobernabilidad que llev\u00f3 a Bolsonaro al autoritarismo, a trav\u00e9s de su nostalgia permanente por las dictaduras y los golpes de Estado, poniendo un manto de duda sobre las pr\u00f3ximas elecciones, la fiabilidad del sistema electoral, plantear incluso la suspensi\u00f3n de la elecci\u00f3n por no ser transparente&#8221;.<\/p>\n\n\n\n<p>Vazquez describi\u00f3 la sitauci\u00f3n brasilera como tensa porque las actitudes del presidente lo llevaron &#8220;a pelearse con el establishment pol\u00edtico y con la Corte Suprema, mostrando un escenario muy preocupante, insinuando que hay que asaltar el Congreso, la propia Corte Suprema y ejercer violencia contra magistrados. Un clima muy enrarecido que se produce en una fecha especial, como es el \u2018Grito de los excluidos\u2019, d\u00eda patrio en Brasil los 7 de septiembre&#8221;.<\/p>\n\n\n\n<div class=\"wp-block-image is-style-default\"><figure class=\"alignright size-large is-resized\"><img loading=\"lazy\" decoding=\"async\" src=\"https:\/\/atecordoba.org\/wp-content\/uploads\/2021\/09\/mariano-vazquez.jpg\" alt=\"\" class=\"wp-image-27947\" width=\"667\" height=\"445\" srcset=\"https:\/\/atecordoba.org\/wp-content\/uploads\/2021\/09\/mariano-vazquez.jpg 800w, https:\/\/atecordoba.org\/wp-content\/uploads\/2021\/09\/mariano-vazquez-300x200.jpg 300w, https:\/\/atecordoba.org\/wp-content\/uploads\/2021\/09\/mariano-vazquez-768x513.jpg 768w, https:\/\/atecordoba.org\/wp-content\/uploads\/2021\/09\/mariano-vazquez-750x501.jpg 750w\" sizes=\"auto, (max-width: 667px) 100vw, 667px\" \/><\/figure><\/div>\n\n\n\n<p>&#8220;Bolsonaro realiz\u00f3 dos actos multitudinarios, uno en Brasilia y otro en San Paulo. A su vez hubo otros actos multitudinarios de los sectores populares pidiendo la salida de Bolsonaro o un impichment por el desastre de su presidencia. Por la posici\u00f3n que tiene Brasil en la regi\u00f3n y en el mundo, as\u00ed como por los golpes de Estado sucedidos en varios pa\u00edses, el m\u00e1s reciente el Bolivia, resulta preocupante este avance de la ultra derecha&#8221;, analiz\u00f3 el especialista. <\/p>\n\n\n\n<p>&#8211;<strong>El principal candidato para sucederlo es Lula Da Silva, en el marco de las tensiones entre EEUU y China en la regi\u00f3n, deja a Brasil en una situaci\u00f3n geopol\u00edtica complicada.<\/strong><\/p>\n\n\n\n<p>-Si. Lula fue eximido de las acusaciones por las que termin\u00f3 en la c\u00e1rcel y excluido de competir en 2018, y hoy encabeza todas las encuestas. Est\u00e1 haciendo una fuerte campa\u00f1a por todo el pa\u00eds pero falta mucho a\u00fan porque las elecciones, que son en octubre de 2022. Hay un escenario donde puede verse una disputa muy clara entre dos modelos geopol\u00edticos: por un lado, Bolsonaro con relaciones muy fuerte con Donald Trump, y obviamente con Israel, todo ese sector apoyado en la ultraderecha, frente a un l\u00edder obrero como el Lula, un l\u00edder pol\u00edtico que fue dos veces presidente de la rep\u00fablica, adem\u00e1s fue el que llev\u00f3 a Brasil a un sitial destacad\u00edsimo en el concierto internacional.<\/p>\n\n\n\n<p>&#8211;<strong>\u00bfC\u00f3mo sigue esto?<\/strong><\/p>\n\n\n\n<p>-Hay mucha preocupaci\u00f3n grande porque Bolsonaro es un exponente de una facci\u00f3n militar que es autoritaria, mis\u00f3gina, racista, que plantea cuestiones de un neofacismo alarmante, como que en Brasil tienen que morir 30 mil personas para salir adelante, que Lula y el PT son el comunismo; vive reivindicando la dictadura militar con una presencia de la Casa Militar en el Gobierno Federal muy marcada. Algunos estudios muestran como la democracia se va debilitando y se difuminan los roles entre la sociedad civil y la sociedad de los militares, que tienen a su cargo nueve de los 22 ministerios.<\/p>\n\n\n\n<p>Adem\u00e1s, Bolsonaro es un ex militar, su vicepresidente Hamilton Mour\u00e3o es un general retirado. Y m\u00e1s de 6 mil militares ocupan cargos en la estructura del Estado. La militarizaci\u00f3n de la vida democr\u00e1tica se a\u00f1ade un Bolsonaro que agita permanentemente a \u2018mi ej\u00e9rcito\u2019, como lo llama. Utiliza su canal de youtube para decir cosas que lo hace en los canales oficiales. Los ataques las instituciones son los m\u00e1s graves desde el retorno de la democracia en 1985.<\/p>\n\n\n\n<p>A uno de los jueces de la Corte, como Alexander de Moraes le dijo \u2018ya te va a llegar la hora\u2019, a Luis Roberto Barroso, presidente del Superior Tribunal Electoral, lo llam\u00f3 \u2018hijo de puta\u2019, cuando cuestion\u00f3 el m\u00e9todo electoral que lo hizo ser electo seis veces como diputado y finalmente como Presidente. Vemos una situaci\u00f3n de un aumento constante de las amenazas, los insultos y la tensi\u00f3n por parte de Bolsonaro y esto genera un escenario muy preocupante. No es antojadizo ni un acto de arrojo decir existe muy certeramente la posibilidad de un golpe o autogolpe.<\/p>\n\n\n\n<div class=\"wp-block-image is-style-default\"><figure class=\"alignleft size-large is-resized\"><img loading=\"lazy\" decoding=\"async\" src=\"https:\/\/atecordoba.org\/wp-content\/uploads\/2021\/09\/bolsonaro-1.jpg\" alt=\"\" class=\"wp-image-27948\" width=\"587\" height=\"391\" srcset=\"https:\/\/atecordoba.org\/wp-content\/uploads\/2021\/09\/bolsonaro-1.jpg 900w, https:\/\/atecordoba.org\/wp-content\/uploads\/2021\/09\/bolsonaro-1-300x200.jpg 300w, https:\/\/atecordoba.org\/wp-content\/uploads\/2021\/09\/bolsonaro-1-768x512.jpg 768w, https:\/\/atecordoba.org\/wp-content\/uploads\/2021\/09\/bolsonaro-1-750x500.jpg 750w\" sizes=\"auto, (max-width: 587px) 100vw, 587px\" \/><\/figure><\/div>\n\n\n\n<p>&#8211;<strong>Con los antecedentes de estas derechas reaccionarias que quieren desestabilizar los reg\u00edmenes democr\u00e1ticos, como sucede en Brasil, como pas\u00f3 en Bolivia e incluso en Centroam\u00e9rica, c\u00f3mo ves que est\u00e1n reaccionando los sectores populares. Sobre todo, atento que las democracias tampoco han podido dar respuestas a los pueblos, en Brasil el extractivismo creci\u00f3 mucho durante el gobierno progresista.<\/strong><\/p>\n\n\n\n<p>-Para m\u00ed el margen de maniobra es corto porque las democracias se restringieron mucho y lo que aparece es esta ultraderecha que hace desaparecer al centro pol\u00edtico. Sucede con la irrupci\u00f3n de Trump, despu\u00e9s de Bolsonaro, pero tambi\u00e9n con Vox en Espa\u00f1a y de otras formaciones ultraderehistas en Hungr\u00eda y Polonia, pasando por Grecia y hasta Suecia o los Pa\u00edses Bajos. Hay una presencia de formaciones incluso abiertamente neonazis, como Amanecer Dorado en Grecia, que lograron que el debate pol\u00edtico se corra y que los sectores populares, progresistas, de izquierda o como queramos llamarlos est\u00e9n en una posici\u00f3n a la defensiva, no pudiendo avanzar sobre otras conquistas o derechos progresivos.<\/p>\n\n\n\n<p>Esto se suma a su vez al rol lamentable de blanqueamiento que ejercen los medios masivos de comunicaci\u00f3n. Cuando alguna gente se pregunta por un fen\u00f3meno como el de Milei hay que recordar que los medios se la pasaron llev\u00e1ndolo constantemente porque era disruptivo y generaba alg\u00fan pico de rating.<\/p>\n\n\n\n<p>Las encuestas del Latinobar\u00f3metro nos muestran a\u00f1o a a\u00f1o que la gente cree cada vez menos en la democracia. Esa conjunci\u00f3n de medios + ultraderecha + poder judicial (en alianza con poderes pol\u00edticos) + los poderes econ\u00f3micos tradicionales (que crecieron en ganancias exponencialmente en la pandemia) nos muestra un escenario donde se plantean discusiones que hace tiempo se hab\u00edan superado.<\/p>\n\n\n\n<p>Cuando en Argentina ponen en duda el Terrorismo de Estado, con los medios de comunicaci\u00f3n blanqueando sus cr\u00edmenes de odio, nos obligan a llevar a una unidad de acci\u00f3n y de masividad en nuestra acci\u00f3n pol\u00edtica y el enfrentamiento a estos sectores.<\/p>\n\n\n\n<div class=\"wp-block-image is-style-default\"><figure class=\"alignright size-large is-resized\"><img loading=\"lazy\" decoding=\"async\" src=\"https:\/\/atecordoba.org\/wp-content\/uploads\/2021\/09\/cta-internacionales.jpg\" alt=\"\" class=\"wp-image-27949\" width=\"222\" height=\"222\" srcset=\"https:\/\/atecordoba.org\/wp-content\/uploads\/2021\/09\/cta-internacionales.jpg 464w, https:\/\/atecordoba.org\/wp-content\/uploads\/2021\/09\/cta-internacionales-300x300.jpg 300w, https:\/\/atecordoba.org\/wp-content\/uploads\/2021\/09\/cta-internacionales-150x150.jpg 150w, https:\/\/atecordoba.org\/wp-content\/uploads\/2021\/09\/cta-internacionales-75x75.jpg 75w, https:\/\/atecordoba.org\/wp-content\/uploads\/2021\/09\/cta-internacionales-350x350.jpg 350w\" sizes=\"auto, (max-width: 222px) 100vw, 222px\" \/><\/figure><\/div>\n\n\n\n<p><strong>Los sectores democr\u00e1ticos tienen la obligaci\u00f3n de darle contenido a las democracias porque hay reg\u00edmenes con 50 a\u00f1os de democracia ininterrumpida donde la pobreza no para de subir.<\/strong><\/p>\n\n\n\n<p>Es as\u00ed. La revista Science sac\u00f3 un informe sobre las falsas noticias y plantea que tienen una escalada de reproducci\u00f3n de 1000 a 100 mil personas y las verdaderas tienen un m\u00e1ximo de 1000 personas. El terreno donde trabaja la ultraderecha es f\u00e9rtil, a partir del exitismo, de los eufemismos, de las emociones, con la exaltaci\u00f3n y la mentira.<\/p>\n\n\n\n<p>Como ejemplo est\u00e1 la persecuci\u00f3n que sufri\u00f3 Pablo Iglesias en Espa\u00f1a, que termin\u00f3 dejando su cargo pol\u00edtico; se logr\u00f3 dar un golpe de Estado en Bolivia con el argumento de un fraude que no existi\u00f3 y eso lo propici\u00f3 como motor principal la OEA, una instituci\u00f3n supranacional que termin\u00f3 siendo funcional, o part\u00edcipe, de un golpe de Estado.<\/p>\n\n\n\n<p>La situaci\u00f3n requiere de otras formas de empezar a pensar esta realidad, porque a cu\u00e1nto estamos que terminen gobernando conjuntamente el Partido Popular y Vox, reeditando la estructura pol\u00edtica del franquismo. Muy poco.<\/p>\n","protected":false},"excerpt":{"rendered":"<p>En una entrevista realizada durante la \u00faltima edici\u00f3n del programa radial &#8216;Entre Todos y Todas&#8217; , que lleva adelante la Secretaria de Prensa de ATE C\u00f3rdoba, el especialista en temas internacionales e integrante del Departametno Internacional de la CTA Aut\u00f3noma, Mariano Vazquez, dio un pantallazo sobre la situaci\u00f3n de Brasil tras los ataques del presidente [&hellip;]<\/p>\n","protected":false},"author":7,"featured_media":27946,"comment_status":"open","ping_status":"open","sticky":false,"template":"","format":"standard","meta":{"_exactmetrics_skip_tracking":false,"_exactmetrics_sitenote_active":false,"_exactmetrics_sitenote_note":"","_exactmetrics_sitenote_category":0,"jnews-multi-image_gallery":[],"jnews_single_post":{"subtitle":"El analista internacional Mariano V\u00e1zquez analiza la situaci\u00f3n del pa\u00eds vecino, sumido en una fuerte crisis institucional por el Presidente ultraderechista Bolsonaro","format":"standard","video":"","gallery":"","source_name":"","source_url":"","via_name":"","via_url":"","override":[{"template":"1","single_blog_custom":"","parallax":"1","fullscreen":"1","layout":"right-sidebar","sidebar":"default-sidebar","second_sidebar":"default-sidebar","sticky_sidebar":"1","share_position":"top","share_float_style":"share-monocrhome","show_share_counter":"1","show_view_counter":"1","show_featured":"1","show_post_meta":"1","show_post_author":"1","show_post_author_image":"1","show_post_date":"1","post_date_format":"default","post_date_format_custom":"Y\/m\/d","show_post_category":"1","post_reading_time_wpm":"300","zoom_button_out_step":"2","zoom_button_in_step":"3","show_post_tag":"1","show_prev_next_post":"1","show_popup_post":"1","number_popup_post":"1"}],"image_override":[{"single_post_thumbnail_size":"crop-500","single_post_gallery_size":"crop-500"}],"trending_post_position":"meta","trending_post_label":"Trending","sponsored_post_label":"Sponsored by","sponsored_post_name":"","sponsored_post_url":"","sponsored_post_logo":"","sponsored_post_desc":""},"jnews_primary_category":{"id":""},"jnews_social_meta":{"fb_title":"","fb_description":"","fb_image":"","twitter_title":"","twitter_description":"","twitter_image":""},"jnews_review":[],"enable_review":"","type":"percentage","name":"","summary":"","brand":"","sku":"","good":[{"good_text":""}],"bad":[{"bad_text":""}],"score_override":"","override_value":"","rating":[{"rating_text":"","rating_number":"10"}],"price":[{"shop":"","price":"","link":"","icon":""}],"jnews_override_counter":{"view_counter_number":"0","share_counter_number":"0","like_counter_number":"0","dislike_counter_number":"0"},"jnews_post_split":{"post_split":[{"template":"1","tag":"h2","numbering":"asc","mode":"normal","toc_type":"normal"}]},"footnotes":""},"categories":[108],"tags":[904],"class_list":["post-27944","post","type-post","status-publish","format-standard","has-post-thumbnail","hentry","category-internacional","tag-brasil"],"jetpack_featured_media_url":"https:\/\/atecordoba.org\/wp-content\/uploads\/2021\/09\/bo0lsonaro.jpg","_links":{"self":[{"href":"https:\/\/atecordoba.org\/index.php?rest_route=\/wp\/v2\/posts\/27944","targetHints":{"allow":["GET"]}}],"collection":[{"href":"https:\/\/atecordoba.org\/index.php?rest_route=\/wp\/v2\/posts"}],"about":[{"href":"https:\/\/atecordoba.org\/index.php?rest_route=\/wp\/v2\/types\/post"}],"author":[{"embeddable":true,"href":"https:\/\/atecordoba.org\/index.php?rest_route=\/wp\/v2\/users\/7"}],"replies":[{"embeddable":true,"href":"https:\/\/atecordoba.org\/index.php?rest_route=%2Fwp%2Fv2%2Fcomments&post=27944"}],"version-history":[{"count":1,"href":"https:\/\/atecordoba.org\/index.php?rest_route=\/wp\/v2\/posts\/27944\/revisions"}],"predecessor-version":[{"id":27950,"href":"https:\/\/atecordoba.org\/index.php?rest_route=\/wp\/v2\/posts\/27944\/revisions\/27950"}],"wp:featuredmedia":[{"embeddable":true,"href":"https:\/\/atecordoba.org\/index.php?rest_route=\/wp\/v2\/media\/27946"}],"wp:attachment":[{"href":"https:\/\/atecordoba.org\/index.php?rest_route=%2Fwp%2Fv2%2Fmedia&parent=27944"}],"wp:term":[{"taxonomy":"category","embeddable":true,"href":"https:\/\/atecordoba.org\/index.php?rest_route=%2Fwp%2Fv2%2Fcategories&post=27944"},{"taxonomy":"post_tag","embeddable":true,"href":"https:\/\/atecordoba.org\/index.php?rest_route=%2Fwp%2Fv2%2Ftags&post=27944"}],"curies":[{"name":"wp","href":"https:\/\/api.w.org\/{rel}","templated":true}]}}