{"id":27928,"date":"2021-09-08T10:55:53","date_gmt":"2021-09-08T13:55:53","guid":{"rendered":"https:\/\/atecordoba.org\/?p=27928"},"modified":"2021-09-09T09:08:37","modified_gmt":"2021-09-09T12:08:37","slug":"ate-pidio-una-audiencia-a-la-diputada-nacional-claudia-marquez-por-la-grave-situacion-del-ministerio-de-la-mujer-de-cordoba","status":"publish","type":"post","link":"https:\/\/atecordoba.org\/?p=27928","title":{"rendered":"ATE pidi\u00f3 una audiencia a la diputada nacional Claudia M\u00e1rquez por la grave situaci\u00f3n del Ministerio de la Mujer de C\u00f3rdoba"},"content":{"rendered":"\n<div class=\"wp-block-image is-style-default\"><figure class=\"aligncenter size-large is-resized\"><img loading=\"lazy\" decoding=\"async\" src=\"https:\/\/atecordoba.org\/wp-content\/uploads\/2021\/09\/ministerio-de-la-mujer-1024x563.jpg\" alt=\"\" class=\"wp-image-27929\" width=\"768\" height=\"422\" \/><\/figure><\/div>\n\n\n\n<p>Frente la grav\u00edsima situaci\u00f3n que afronta un grupo de trabajadoras en el Ministerio de la Mujer de la Provincia, que vieron reducidos sus salarios en plena pandemia en la cartera que conduce la ministra y candidata oficialista Claudia Mart\u00ednez, ATE solicit\u00f3 ayer una audiencia a la diputada nacional Claudia M\u00e1rquez, que es parte del oficialismo provincial, a los fines de lograr canales de di\u00e1logo para solucionar la situaci\u00f3n. <\/p>\n\n\n\n<p>Cabe recordar que el a\u00f1o pasado un grupo de trabajadoras del ministerio vieron reducidos sus salarios al modificar el organismo su condici\u00f3n de personal legislativo a personal del poder ejecutivo, no pagando el \u00edtem de los t\u00edtulos en su recibo de sueldo, e interviniendo para ascender en los escalafones a unos y congelar a otros, con criterios arbitrarios y poco transparentes. <\/p>\n\n\n\n<div class=\"wp-block-image is-style-default\"><figure class=\"alignright size-large is-resized\"><img loading=\"lazy\" decoding=\"async\" src=\"https:\/\/atecordoba.org\/wp-content\/uploads\/2021\/09\/claudia-marquez-1024x680.jpg\" alt=\"\" class=\"wp-image-27930\" width=\"512\" height=\"340\" \/><figcaption>Diputada nacional por Hacemos por C\u00f3rdoba, Claudia M\u00e1rquez.<\/figcaption><\/figure><\/div>\n\n\n\n<p>Como consecuencia de esta situaci\u00f3n, las trabajadoras que vieron sus salarios entre 12 y el 50% seg\u00fan el caso, obligando a modificar su sistema de vida, mud\u00e1ndose con la familia o abandonando sus estudios, por falta de recursos. <\/p>\n\n\n\n<p><strong>Origen del conflicto<\/strong><\/p>\n\n\n\n<p>Seg\u00fan relatan a la diputada nacional las compa\u00f1eras en primera persona &#8220;todas ingresamos como contratadas, prestando servicios para el Consejo Provincial de la Mujer (Ley9157), dependiente del Poder Legislativo. En diciembre de 2015 el organismo se transforma en el Consejo Provincial de las Mujeres, dependiente de la Secretaria General de la Gobernaci\u00f3n, en el Poder Ejecutivo, a trav\u00e9s de la ley 10321&#8221;.<\/p>\n\n\n\n<p>&#8220;En la norma (a\u00fan vigente), se contempla el traspaso de todos los recursos humanos preservando sus derechos salariales y estableciendo que son personal transferido del Poder Legislativo. Con la creaci\u00f3n del Ministerio de la Mujer en diciembre de 2019 el Consejo Provincial de las Mujeres pasa bajo su dependencia y se convoca a sus 17 empleados a prestar servicios a Entre R\u00edos 680&#8221;, destino conocido como el Polo de la Mujer, gozando &#8220;del escalaf\u00f3n legislativo. Pero en abril de 2020 fueron transferidas al Poder Ejecutivo, modificando la categor\u00eda de cada uno&#8221;.<\/p>\n\n\n\n<p>Las trabajadoras denuncian ante la diputada M\u00e1rquez Dejamos de percibir el pago de t\u00edtulos, afectando los ingresos entre el 12% y el 50% dependiendo el caso. Mientras otro grupo de trabajadoras que tienen el mismo origen fueron ascendidos a categor\u00edas superiores en el mismo acto.<\/p>\n\n\n\n<p>Ante los reiterados pedidos de audiencia a la ministra Claudia Mart\u00ednez -que frente a la situaci\u00f3n solicit\u00f3 ATE- la respuesta fue que &#8220;solo una vez se concret\u00f3 una reuni\u00f3n con personal de RRHH, donde qued\u00f3 el compromiso de recomponer los salarios con la renovaci\u00f3n de los contratos, algo que no se concret\u00f3 en mayo, en funci\u00f3n de los nuevos contratos que entraron en vigencia en abril&#8221;. <\/p>\n\n\n\n<p>Las trabajadoras mencionadas se ocupan de atender las grav\u00edsimas situaciones de mujeres violentadas o en condici\u00f3n vulnerable, que son noticia todos los d\u00edas. <\/p>\n","protected":false},"excerpt":{"rendered":"<p>Frente la grav\u00edsima situaci\u00f3n que afronta un grupo de trabajadoras en el Ministerio de la Mujer de la Provincia, que vieron reducidos sus salarios en plena pandemia en la cartera que conduce la ministra y candidata oficialista Claudia Mart\u00ednez, ATE solicit\u00f3 ayer una audiencia a la diputada nacional Claudia M\u00e1rquez, que es parte del oficialismo [&hellip;]<\/p>\n","protected":false},"author":7,"featured_media":27930,"comment_status":"open","ping_status":"open","sticky":false,"template":"","format":"standard","meta":{"_exactmetrics_skip_tracking":false,"_exactmetrics_sitenote_active":false,"_exactmetrics_sitenote_note":"","_exactmetrics_sitenote_category":0,"jnews-multi-image_gallery":[],"jnews_single_post":{"subtitle":"Ante la negativa de la ministra del \u00e1rea Claudia Mart\u00ednez de revertir la reducci\u00f3n de salarios que realiz\u00f3 el a\u00f1o pasado, ATE lleva el conflicto a otros niveles institucionales para lograr soluciones concretas.","format":"standard","video":"","gallery":"","source_name":"","source_url":"","via_name":"","via_url":"","override":[{"template":"1","single_blog_custom":"","parallax":"1","fullscreen":"1","layout":"right-sidebar","sidebar":"default-sidebar","second_sidebar":"default-sidebar","sticky_sidebar":"1","share_position":"top","share_float_style":"share-monocrhome","show_share_counter":"1","show_view_counter":"1","show_featured":"1","show_post_meta":"1","show_post_author":"1","show_post_author_image":"1","show_post_date":"1","post_date_format":"default","post_date_format_custom":"Y\/m\/d","show_post_category":"1","post_reading_time_wpm":"300","zoom_button_out_step":"2","zoom_button_in_step":"3","show_post_tag":"1","show_prev_next_post":"1","show_popup_post":"1","number_popup_post":"1"}],"image_override":[{"single_post_thumbnail_size":"crop-500","single_post_gallery_size":"crop-500"}],"trending_post_position":"meta","trending_post_label":"Trending","sponsored_post_label":"Sponsored by","sponsored_post_name":"","sponsored_post_url":"","sponsored_post_logo":"","sponsored_post_desc":""},"jnews_primary_category":{"id":""},"jnews_social_meta":{"fb_title":"","fb_description":"","fb_image":"","twitter_title":"","twitter_description":"","twitter_image":""},"jnews_review":[],"enable_review":"","type":"percentage","name":"","summary":"","brand":"","sku":"","good":[{"good_text":""}],"bad":[{"bad_text":""}],"score_override":"","override_value":"","rating":[{"rating_text":"","rating_number":"10"}],"price":[{"shop":"","price":"","link":"","icon":""}],"jnews_override_counter":{"view_counter_number":"0","share_counter_number":"0","like_counter_number":"0","dislike_counter_number":"0"},"jnews_post_split":{"post_split":[{"template":"1","tag":"h2","numbering":"asc","mode":"normal","toc_type":"normal"}]},"footnotes":""},"categories":[8],"tags":[763],"class_list":["post-27928","post","type-post","status-publish","format-standard","has-post-thumbnail","hentry","category-provinciales","tag-ministerio-de-la-mujer"],"jetpack_featured_media_url":"https:\/\/atecordoba.org\/wp-content\/uploads\/2021\/09\/claudia-marquez-e1631109344413.jpg","_links":{"self":[{"href":"https:\/\/atecordoba.org\/index.php?rest_route=\/wp\/v2\/posts\/27928","targetHints":{"allow":["GET"]}}],"collection":[{"href":"https:\/\/atecordoba.org\/index.php?rest_route=\/wp\/v2\/posts"}],"about":[{"href":"https:\/\/atecordoba.org\/index.php?rest_route=\/wp\/v2\/types\/post"}],"author":[{"embeddable":true,"href":"https:\/\/atecordoba.org\/index.php?rest_route=\/wp\/v2\/users\/7"}],"replies":[{"embeddable":true,"href":"https:\/\/atecordoba.org\/index.php?rest_route=%2Fwp%2Fv2%2Fcomments&post=27928"}],"version-history":[{"count":3,"href":"https:\/\/atecordoba.org\/index.php?rest_route=\/wp\/v2\/posts\/27928\/revisions"}],"predecessor-version":[{"id":27951,"href":"https:\/\/atecordoba.org\/index.php?rest_route=\/wp\/v2\/posts\/27928\/revisions\/27951"}],"wp:featuredmedia":[{"embeddable":true,"href":"https:\/\/atecordoba.org\/index.php?rest_route=\/wp\/v2\/media\/27930"}],"wp:attachment":[{"href":"https:\/\/atecordoba.org\/index.php?rest_route=%2Fwp%2Fv2%2Fmedia&parent=27928"}],"wp:term":[{"taxonomy":"category","embeddable":true,"href":"https:\/\/atecordoba.org\/index.php?rest_route=%2Fwp%2Fv2%2Fcategories&post=27928"},{"taxonomy":"post_tag","embeddable":true,"href":"https:\/\/atecordoba.org\/index.php?rest_route=%2Fwp%2Fv2%2Ftags&post=27928"}],"curies":[{"name":"wp","href":"https:\/\/api.w.org\/{rel}","templated":true}]}}